{"id":185689,"date":"2025-10-18T20:02:24","date_gmt":"2025-10-18T20:02:24","guid":{"rendered":"https:\/\/www.europesays.com\/es\/185689\/"},"modified":"2025-10-18T20:02:24","modified_gmt":"2025-10-18T20:02:24","slug":"noah-es-una-chica-empoderada-que-te-anima-a-ser-mejor","status":"publish","type":"post","link":"https:\/\/www.europesays.com\/es\/185689\/","title":{"rendered":"Noah es una chica empoderada que te anima a ser mejor"},"content":{"rendered":"<p data-journey-content=\"true\" data-node-id=\"3\" class=\"body-dropcap css-x7ayhf emevuu60\">Recuerdo el d\u00eda en el que Prime Video organiz\u00f3 un evento en el centro de Madrid para comunicar a las fans de la saga &#8216;Culpables&#8217; la identidad de los actores que dar\u00edan vida a Noah y a Nick. Cientos de seguidoras hac\u00edan cola desde el d\u00eda anterior para poder ser las primeras en escuchar sus nombres. Cuando esto sucedi\u00f3, el auditorio se llen\u00f3 de aplausos y gritos de felicidad. Seguramente, aquella fue la primera vez que Nicole Wallace y Gabriel Guevara fueron conscientes de la magnitud del proyecto que estaban a punto de protagonizar.<\/p>\n<p data-journey-content=\"true\" data-node-id=\"6\" class=\"css-6wxqfj emevuu60\">&#8216;Culpa m\u00eda&#8217; arranc\u00f3 con un \u00e9xito salvaje en pantalla que ahora culmina con el estreno de &#8216;Culpa nuestra&#8217;, la tercera parte que se present\u00f3 durante otro evento en Ibiza lleno de prensa y, por supuesto, de fans. All\u00ed, con el mar de fondo, tuvimos la oportunidad de charlar con <a href=\"https:\/\/www.cosmopolitan.com\/es\/entretenimiento-cultura\/a66012268\/entrevista-gabriel-guevara-mar-afuera-culpables\/\" data-vars-ga-outbound-link=\"https:\/\/www.cosmopolitan.com\/es\/entretenimiento-cultura\/a66012268\/entrevista-gabriel-guevara-mar-afuera-culpables\/\" data-vars-ga-ux-element=\"Hyperlink\" data-vars-ga-call-to-action=\"Gabriel Guevara\" data-node-id=\"6.1\" class=\"body-link css-103hk4r emevuu60\" rel=\"nofollow noopener\" target=\"_blank\">Gabriel Guevara<\/a> sobre la despedida y todo lo bueno que le ha dado esta saga.<\/p>\n<p data-journey-content=\"true\" data-node-id=\"8\" class=\"css-6wxqfj emevuu60\"><strong data-node-id=\"8.0\">\u00bfQu\u00e9 sientes al cerrar esta saga?<\/strong><\/p>\n<p data-journey-content=\"true\" data-node-id=\"12\" class=\"css-6wxqfj emevuu60\">Ha sido muy excitante, brutal. Una monta\u00f1a rusa de emociones, la verdad. Hemos estado aqu\u00ed todos juntos, ha venido gente de todos lados y hemos disfrutado de la peli. Llevamos un camino larguito y, entonces, me viene ese pensamiento de nostalgia, pero muy contentos. <br data-node-id=\"12.1\"\/><\/p>\n<p data-journey-content=\"true\" data-node-id=\"14\" class=\"css-6wxqfj emevuu60\"><strong data-node-id=\"14.0\"> Nicole Wallace me dec\u00eda que cuando abandonas un personaje con el que has compartido tantos momentos sientes una especie de duelo. \u00bfTe ha sucedido algo similar?<\/strong><\/p>\n<p data-journey-content=\"true\" data-node-id=\"16\" class=\"css-6wxqfj emevuu60\">No, la verdad es que no. A Nick siempre le guardar\u00e9 mucho cari\u00f1o, pero no me va a costar tampoco decir &#8216;adi\u00f3s&#8217; porque tambi\u00e9n hay muchos proyectos m\u00e1s en los que poder trabajar. No es un adi\u00f3s para siempre de todo esto. Siempre me va a acompa\u00f1ar  en todo lo que yo haga porque es mi inicio, es donde yo empec\u00e9. Entonces nunca se va a separar de m\u00ed del todo.<\/p>\n<p><img draggable=\"true\" alt=\"gabriel guevara\" title=\"Gabriel Guevara\" loading=\"lazy\" width=\"2500\" height=\"3150\" decoding=\"async\" data-nimg=\"1\" style=\"color:transparent;width:100%;height:auto;\"   src=\"https:\/\/www.europesays.com\/es\/wp-content\/uploads\/2025\/10\/gabriel-guevara-68ef39e968b07.jpg\" class=\"css-0 e1g79fud0\"\/><\/p>\n<p>Add Prime video<\/p>\n<p data-journey-content=\"true\" data-node-id=\"19\" class=\"css-6wxqfj emevuu60\"><strong data-node-id=\"19.0\">De esta tercera parte, \u00bfcu\u00e1les ser\u00edan tus momentos favoritos?<\/strong><\/p>\n<p data-journey-content=\"true\" data-node-id=\"21\" class=\"css-6wxqfj emevuu60\">Hay una parte ic\u00f3nica que es cuando Sof\u00eda le da un golpe de realidad a Nick. Me gust\u00f3 mucho c\u00f3mo lo hizo Gabriela Andrada. Tambi\u00e9n me gustaron las escenas en las que estoy ah\u00ed con mis empleados en las oficinas hablando en franc\u00e9s y en ingl\u00e9s.<\/p>\n<p data-journey-content=\"true\" data-node-id=\"23\" class=\"css-6wxqfj emevuu60\"><strong data-node-id=\"23.0\">\u00bfQu\u00e9 te llevas del personaje?<\/strong><\/p>\n<p data-journey-content=\"true\" data-node-id=\"25\" class=\"css-6wxqfj emevuu60\">El recuerdo de la experiencia rodando las pel\u00edculas. <\/p>\n<p data-journey-content=\"true\" data-node-id=\"27\" class=\"css-6wxqfj emevuu60\"><strong data-node-id=\"27.0\"> \u00bfSer\u00edas amigo de Nick?<\/strong><\/p>\n<p data-journey-content=\"true\" data-node-id=\"29\" class=\"css-6wxqfj emevuu60\">S\u00ed, pero del de la primera pel\u00edcula porque el de la \u00faltima es demasiado serio, demasiado acomplejado, interno&#8230; La gente que es muy as\u00ed, muy suya, muy interna, prefiero dejarla ah\u00ed en su mundo, en lo suyo, no meterme mucho en esas cosas.<\/p>\n<p data-journey-content=\"true\" data-node-id=\"31\" class=\"css-6wxqfj emevuu60\"><strong data-node-id=\"31.0\">\u00bfCrees que te podr\u00edas enamorar de una mujer como el personaje de Noah?<\/strong><\/p>\n<p data-journey-content=\"true\" data-node-id=\"33\" class=\"css-6wxqfj emevuu60\">Bueno\u2026 S\u00ed, imagino, porque, dentro de lo que cabe, el personaje de Noah es una chica empoderada, con garra, que sabe lo que quiere, que tiene las cosas claras, que te ayuda, que coge lo bueno de ti y te lo multiplica para que te des cuenta de que tienes muchas cosas buenas y que te anima a ser mejor. Creo que es una personalidad que llama la atenci\u00f3n, as\u00ed que supongo que s\u00ed.<\/p>\n<p data-journey-content=\"true\" data-node-id=\"35\" class=\"css-6wxqfj emevuu60\"><strong data-node-id=\"35.0\">\u00bfCambiar\u00edas algo del final de &#8216;Culpa nuestra&#8217;?<\/strong><\/p>\n<p data-journey-content=\"true\" data-node-id=\"37\" class=\"css-6wxqfj emevuu60\">No, creo que no. As\u00ed como est\u00e1, est\u00e1 muy bien, le gusta mucho a la gente y el final de la tercera pel\u00edcula es brutal.<\/p>\n<blockquote data-theme-key=\"pullquote\" class=\"css-1p3hlt2 e1pe3zr91\">\n<blockquote class=\"css-thts2p e1pe3zr90\"><p>\u00bb A Nick siempre le guardar\u00e9 mucho cari\u00f1o, pero no me va a costar tampoco decir &#8216;adi\u00f3s&#8217; porque tambi\u00e9n hay muchos proyectos m\u00e1s en los que poder trabajar<\/p><\/blockquote>\n<\/blockquote>\n<p data-journey-content=\"true\" data-node-id=\"40\" class=\"css-6wxqfj emevuu60\"><strong data-node-id=\"40.0\">\u00bfTe ha ense\u00f1ado algo del amor \u2018Culpables\u2019?<\/strong><\/p>\n<p data-journey-content=\"true\" data-node-id=\"42\" class=\"css-6wxqfj emevuu60\">No, yo tengo mi propio criterio del amor. <\/p>\n<p data-journey-content=\"true\" data-node-id=\"44\" class=\"css-6wxqfj emevuu60\"><strong data-node-id=\"44.0\">\u00bfC\u00f3mo gestionas la fama?<\/strong><\/p>\n<p data-journey-content=\"true\" data-node-id=\"46\" class=\"css-6wxqfj emevuu60\">Me he quedado con mis amigos de siempre, con mi familia y hago mi vida normal, as\u00ed que lo llevo bien, supongo. Voy haciendo mis cosas, mi vida cotidiana.<\/p>\n<p data-journey-content=\"true\" data-node-id=\"48\" class=\"css-6wxqfj emevuu60\"><strong data-node-id=\"48.0\">\u00bfC\u00f3mo ha sido tu relaci\u00f3n con Mercedes Ron?<\/strong><\/p>\n<p data-journey-content=\"true\" data-node-id=\"50\" class=\"css-6wxqfj emevuu60\">Mercedes es una crack. Siempre ha sido muy buena y nos ha tratado como si fu\u00e9ramos sus hijos, as\u00ed que s\u00ed, es una chica encantadora. Es especial, por eso ha llegado a donde ha llegado y ha conseguido lo que ha conseguido.<\/p>\n<p data-journey-content=\"true\" data-node-id=\"52\" class=\"css-6wxqfj emevuu60\"><strong data-node-id=\"52.0\">\u00bfA qui\u00e9n te llevas del reparto para siempre?<\/strong><\/p>\n<p data-journey-content=\"true\" data-node-id=\"54\" class=\"css-6wxqfj emevuu60\">Me llevar\u00eda a V\u00edctor Varona, a Fran Morcillo y a Fran Berenguer. En general, a mis chavales. <\/p>\n<p data-journey-content=\"true\" data-node-id=\"56\" class=\"css-6wxqfj emevuu60\"><strong data-node-id=\"56.0\">Si la saga continuase, \u00bfc\u00f3mo ver\u00edas a Nick y a Noah en un futuro?<\/strong><\/p>\n<p data-journey-content=\"true\" data-node-id=\"58\" class=\"css-6wxqfj emevuu60\">Maravillosamente bien, con su hijo, haciendo vida normal, cotidiana\u2026 S\u00ed, algo as\u00ed.<\/p>\n<p><img draggable=\"true\" alt=\"gabriel guevara\" title=\"Gabriel Guevara\" loading=\"lazy\" width=\"2500\" height=\"3330\" decoding=\"async\" data-nimg=\"1\" style=\"color:transparent;width:100%;height:auto;\"   src=\"https:\/\/www.europesays.com\/es\/wp-content\/uploads\/2025\/10\/gabriel-guevara-posado-68ef39ace942d.jpg\" class=\"css-0 e1g79fud0\"\/><\/p>\n<p>Add Prime video<\/p>\n<p data-journey-content=\"true\" data-node-id=\"61\" class=\"css-6wxqfj emevuu60\"><strong data-node-id=\"61.0\">D<\/strong><strong data-node-id=\"61.1\">espu\u00e9s de este personaje, \u00bfqu\u00e9 te apetece interpretar?<\/strong><\/p>\n<p data-journey-content=\"true\" data-node-id=\"63\" class=\"css-6wxqfj emevuu60\">Me gustar\u00eda mucho hacer un personaje como el de Leonardo DiCaprio en \u2018The Basketball Diaries\u2019, interpretar a un yonqui a un chico desesperado, con problemas familiares\u2026 Algo as\u00ed.<\/p>\n<p data-journey-content=\"true\" data-node-id=\"65\" class=\"css-6wxqfj emevuu60\"><strong data-node-id=\"65.0\">Bajo esa seguridad que demuestras, \u00bfhay vulnerabilidades?<\/strong><\/p>\n<p data-journey-content=\"true\" data-node-id=\"67\" class=\"css-6wxqfj emevuu60\">No es que muestre mucha seguridad tampoco. Pero bueno, s\u00ed, todo el mundo tenemos nuestras inseguridades, nuestras vulnerabilidades, nuestras cosas, nuestra parte sensible. <\/p>\n<p data-journey-content=\"true\" data-node-id=\"69\" class=\"css-6wxqfj emevuu60\"><strong data-node-id=\"69.0\">\u00bfQu\u00e9 te diferencia de otros actores de tu generaci\u00f3n?<\/strong><\/p>\n<p data-journey-content=\"true\" data-node-id=\"71\" class=\"css-6wxqfj emevuu60\">Todo el mundo es diferente y cada uno tiene sus caracter\u00edsticas, cada uno es especial a su manera y cada uno destaca por c\u00f3mo es. No hay algo que nos haga mejores o peores que otros. <\/p>\n<p><img src=\"https:\/\/www.europesays.com\/es\/wp-content\/uploads\/2025\/10\/1760817744_104_e1694454-d386-417e-a277-82b27730d178_1561538111.jpg\" alt=\"Headshot of Marieta Taibo\" title=\"Headshot of Marieta Taibo\" width=\"100%\" height=\"100%\" decoding=\"async\" loading=\"lazy\" class=\"css-o0wq4v ev8dhu53\"\/><\/p>\n<p><a href=\"https:\/\/www.linkedin.com\/in\/marieta-taibo-gonz%C3%A1lez-88563485\/?originalSubdomain=es\" rel=\"nofollow noopener\" target=\"_blank\">Marieta Taib\u00f3 <\/a>es editora de actualidad y cultura en Cosmopolitan y experta cine y series de televisi\u00f3n desde hace m\u00e1s de una d\u00e9cada. Cuando no est\u00e1 escribiendo, la encontrar\u00e1s delante de la pantalla analizando los \u00faltimos estrenos de Netflix, Prime Video, HBO Max, Disney+ y el resto de plataformas en \u2018streaming\u2019 para recomendar aquellos t\u00edtulos interesantes o que lo van a petar. Entre cr\u00edtica y noticias de ficci\u00f3n televisiva, entrevista a actores. En su grabadora encontrar\u00e1s charlas de sus entrevistas con Blanca Su\u00e1rez, Mario Casas, \u00darsula Corber\u00f3, Ana de Armas, Miguel \u00c1ngel Silvestre, Leonardo Sbaraglia, Lily Collins, s\u00ed, \u2018Emily in Paris\u2019 o Christina Hendricks, la pelirroja de \u2018Mad Men\u2019, por citar algunos nombres. Fuera de la pantalla, adem\u00e1s, te recomendar\u00e1 los mejores planes de ocio y gastro. En otras etapas profesionales, tambi\u00e9n ha escrito de moda y belleza. De hecho, es autora del ensayo \u2018La cara secreta del negocio de la belleza\u2019, de la editorial Almuzara. Marieta Taibo es Licenciada en periodismo por la Universidad Complutense de Madrid y cuenta con el Curso Superior de Marketing y Comunicaci\u00f3n de Moda y Lujo de la revista Elle y la Universidad Complutense. Sus primeros pasos como redactora fueron en la secci\u00f3n de econom\u00eda de La revista de actualidad La Clave hasta que dio el salto a la de sociedad y cultura, su verdadera pasi\u00f3n. Posteriormente, trabaj\u00f3 en El Confidencial, y luego en la revista femenina AR como coordinadora de la agenda cultural y cabeza de la secci\u00f3n de cine. De ah\u00ed, dio el salto a las revistas Supertele y TP y en ellas estuvo diez a\u00f1os escribiendo de pel\u00edculas y series, labor que compaginaba como colaboradora de la revista Babylon Magazine haciendo reportajes en profundidad sobre cultura, hasta que lleg\u00f3 a Cosmopolitan hace seis a\u00f1os.<\/p>\n","protected":false},"excerpt":{"rendered":"Recuerdo el d\u00eda en el que Prime Video organiz\u00f3 un evento en el centro de Madrid para comunicar&hellip;\n","protected":false},"author":2,"featured_media":185690,"comment_status":"","ping_status":"","sticky":false,"template":"","format":"standard","meta":{"footnotes":""},"categories":[169],"tags":[177,253,1180,146,147,25,24,176,175,23],"class_list":{"0":"post-185689","1":"post","2":"type-post","3":"status-publish","4":"format-standard","5":"has-post-thumbnail","7":"category-cine","8":"tag-cine","9":"tag-discover","10":"tag-editorial","11":"tag-entertainment","12":"tag-entretenimiento","13":"tag-es","14":"tag-espana","15":"tag-film","16":"tag-movies","17":"tag-spain"},"share_on_mastodon":{"url":"","error":""},"_links":{"self":[{"href":"https:\/\/www.europesays.com\/es\/wp-json\/wp\/v2\/posts\/185689","targetHints":{"allow":["GET"]}}],"collection":[{"href":"https:\/\/www.europesays.com\/es\/wp-json\/wp\/v2\/posts"}],"about":[{"href":"https:\/\/www.europesays.com\/es\/wp-json\/wp\/v2\/types\/post"}],"author":[{"embeddable":true,"href":"https:\/\/www.europesays.com\/es\/wp-json\/wp\/v2\/users\/2"}],"replies":[{"embeddable":true,"href":"https:\/\/www.europesays.com\/es\/wp-json\/wp\/v2\/comments?post=185689"}],"version-history":[{"count":0,"href":"https:\/\/www.europesays.com\/es\/wp-json\/wp\/v2\/posts\/185689\/revisions"}],"wp:featuredmedia":[{"embeddable":true,"href":"https:\/\/www.europesays.com\/es\/wp-json\/wp\/v2\/media\/185690"}],"wp:attachment":[{"href":"https:\/\/www.europesays.com\/es\/wp-json\/wp\/v2\/media?parent=185689"}],"wp:term":[{"taxonomy":"category","embeddable":true,"href":"https:\/\/www.europesays.com\/es\/wp-json\/wp\/v2\/categories?post=185689"},{"taxonomy":"post_tag","embeddable":true,"href":"https:\/\/www.europesays.com\/es\/wp-json\/wp\/v2\/tags?post=185689"}],"curies":[{"name":"wp","href":"https:\/\/api.w.org\/{rel}","templated":true}]}}