{"id":185695,"date":"2025-10-18T20:05:10","date_gmt":"2025-10-18T20:05:10","guid":{"rendered":"https:\/\/www.europesays.com\/es\/185695\/"},"modified":"2025-10-18T20:05:10","modified_gmt":"2025-10-18T20:05:10","slug":"de-la-tiara-de-esmeraldas-y-diamantes-de-la-novia-a-sassa-de-osma-tana-rivera-o-ines-de-cominges-como-invitadas-la-boda-de-maria-luisa-arrospide-y-hugo-hernandez-mancha","status":"publish","type":"post","link":"https:\/\/www.europesays.com\/es\/185695\/","title":{"rendered":"De la tiara de esmeraldas y diamantes de la novia a Sassa de Osma, Tana Rivera o In\u00e9s de Cominges como invitadas: la boda de Mar\u00eda Luisa Arr\u00f3spide y Hugo Hern\u00e1ndez-Mancha"},"content":{"rendered":"<p>La princesa de Hannover ha escogido un vestido que pertenece a la firma <strong>Philippa 1979<\/strong>. Es de color marr\u00f3n profundo, tiene cuello redondo, manga larga abullonada y, en un lateral, en vertical, est\u00e1 adornado con grandes flores con lentejuelas en tonos rosas y bordados verdes. En cuanto al tocado para su melena suelta, una diadema con adorno de pluma de <strong>Mimoki<\/strong>.<\/p>\n<p><img decoding=\"async\" alt=\"Christian de Hannover y Sassa de Osma.\" loading=\"lazy\" class=\"ResponsiveImageContainer-eNxvmU cfBbTk responsive-image__image\"   src=\"https:\/\/www.europesays.com\/es\/wp-content\/uploads\/2025\/10\/DL_u593224_035.jpg\"\/><\/p>\n<p>Christian de Hannover y Sassa de Osma.<\/p>\n<p>Alvaro Carmona<\/p>\n<p>De Cominges, por su parte, ha lucido un vestido de de <strong>Diego Estrada<\/strong> confeccionado en tejido de tweed sin mangas, con flores en el pecho y falda con volumen. Con el pelo recogido, se ha adornado con un casquete negro de Mimoki, el modelo Reims.<\/p>\n<p><img decoding=\"async\" alt=\"Ins de Cominges y Fran\u00e7ois du Chastel.\" loading=\"lazy\" class=\"ResponsiveImageContainer-eNxvmU cfBbTk responsive-image__image\"   src=\"https:\/\/www.europesays.com\/es\/wp-content\/uploads\/2025\/10\/DL_u593224_002.jpg\"\/><\/p>\n<p>In\u00e9s de Cominges y Fran\u00e7ois du Chastel.<\/p>\n<p>Alvaro Carmona<\/p>\n<p>Todos juntos han festejado el amor de los reci\u00e9n casados en una finca privada situada en la sierra de C\u00f3rdoba.<\/p>\n","protected":false},"excerpt":{"rendered":"La princesa de Hannover ha escogido un vestido que pertenece a la firma Philippa 1979. Es de color&hellip;\n","protected":false},"author":2,"featured_media":185696,"comment_status":"","ping_status":"","sticky":false,"template":"","format":"standard","meta":{"footnotes":""},"categories":[91],"tags":[3164,22347,52331,146,147,25,24,44228,23],"class_list":{"0":"post-185695","1":"post","2":"type-post","3":"status-publish","4":"format-standard","5":"has-post-thumbnail","7":"category-entretenimiento","8":"tag-bodas","9":"tag-cayetana-rivera","10":"tag-christian-de-hannover","11":"tag-entertainment","12":"tag-entretenimiento","13":"tag-es","14":"tag-espana","15":"tag-sassa-de-osma","16":"tag-spain"},"share_on_mastodon":{"url":"","error":""},"_links":{"self":[{"href":"https:\/\/www.europesays.com\/es\/wp-json\/wp\/v2\/posts\/185695","targetHints":{"allow":["GET"]}}],"collection":[{"href":"https:\/\/www.europesays.com\/es\/wp-json\/wp\/v2\/posts"}],"about":[{"href":"https:\/\/www.europesays.com\/es\/wp-json\/wp\/v2\/types\/post"}],"author":[{"embeddable":true,"href":"https:\/\/www.europesays.com\/es\/wp-json\/wp\/v2\/users\/2"}],"replies":[{"embeddable":true,"href":"https:\/\/www.europesays.com\/es\/wp-json\/wp\/v2\/comments?post=185695"}],"version-history":[{"count":0,"href":"https:\/\/www.europesays.com\/es\/wp-json\/wp\/v2\/posts\/185695\/revisions"}],"wp:featuredmedia":[{"embeddable":true,"href":"https:\/\/www.europesays.com\/es\/wp-json\/wp\/v2\/media\/185696"}],"wp:attachment":[{"href":"https:\/\/www.europesays.com\/es\/wp-json\/wp\/v2\/media?parent=185695"}],"wp:term":[{"taxonomy":"category","embeddable":true,"href":"https:\/\/www.europesays.com\/es\/wp-json\/wp\/v2\/categories?post=185695"},{"taxonomy":"post_tag","embeddable":true,"href":"https:\/\/www.europesays.com\/es\/wp-json\/wp\/v2\/tags?post=185695"}],"curies":[{"name":"wp","href":"https:\/\/api.w.org\/{rel}","templated":true}]}}