{"id":185711,"date":"2025-10-18T20:17:08","date_gmt":"2025-10-18T20:17:08","guid":{"rendered":"https:\/\/www.europesays.com\/es\/185711\/"},"modified":"2025-10-18T20:17:08","modified_gmt":"2025-10-18T20:17:08","slug":"fue-clave-para-el-primer-titulo-de-max-verstappen-en-la-formula-1-y-se-retiro-para-estudiar-negocios","status":"publish","type":"post","link":"https:\/\/www.europesays.com\/es\/185711\/","title":{"rendered":"Fue clave para el primer t\u00edtulo de Max Verstappen en la F\u00f3rmula 1 y se retir\u00f3 para estudiar negocios"},"content":{"rendered":"\n<p>      18 de octubre 2025 &#8211; 17:00<\/p>\n<p class=\"ignore-parser\">Logr\u00f3 hacerse un apellido en la F\u00f3rmula 1, siendo clave en el t\u00edtulo de Verstappen en Abu Dabi, aunque su vida hoy est\u00e1 lejos de los autos.<\/p>\n<p>      <img loading=\"lazy\" decoding=\"async\" src=\"https:\/\/www.ambito.com\/css-custom\/239\/lazy.svg\" data-td-src-property=\"https:\/\/media.ambito.com\/p\/45303c7b64c21a10be670c315099af33\/adjuntos\/239\/imagenes\/042\/862\/0042862686\/nicholas-latifi-williams-getty.jpg\" class=\"detail-highlighted-multimedia__figure-img img-fluid\" alt=\"Fue parte fundamental de unas las deficiones m\u00e1s recordadas de la F\u00f3rmula 1.\" width=\"655\" height=\"368\"\/>    Getty   <\/p>\n<p>Para quedar <strong><a href=\"https:\/\/www.ambito.com\/deportes\/cronograma-del-gran-premio-eeuu-formula-1-franco-colapinto-dias-horarios-y-como-verlo-n6202747\" target=\"_blank\" rel=\"follow nofollow noopener\">en la historia de la F\u00f3rmula 1<\/a><\/strong> no siempre es necesario terminar en los podios o levantar el trofeo de campe\u00f3n mundial de pilotos. Hay acciones que, <strong>aunque no son sin\u00f3nimos de buen desempe\u00f1o<\/strong>, terminan convirti\u00e9ndose en fundamentales para aportar la emoci\u00f3n que destaca tanto a este deporte.<\/p>\n<p> El contenido al que quiere acceder es exclusivo para suscriptores.<\/p>\n<p>   suscribirse   ya estoy suscripto  <\/p>\n<p><strong>Nicholas Latifi<\/strong> logr\u00f3 ser uno de los <strong>protagonistas en el t\u00edtulo que Max Verstappen le arrebat\u00f3 a Lewis Hamilton<\/strong> en el recordado Gran Premio de Abu Dabi 2021. Su choque fue vital para que el piloto de Red Bull terminase con la hegemon\u00eda del brit\u00e1nico, pero su vida tras el retiro lo llev\u00f3 a otros rincones, alejados de la disciplina.<\/p>\n<p>\t\t\tInformate m\u00e1s\t\t\t\t\t\t\t\t\t\t<a href=\"https:\/\/www.ambito.com\/deportes\/formula-1-franco-colapinto-completo-la-primera-practica-austin-y-dejo-buenas-sensaciones-n6203361\" target=\"\" title=\"\u00e1mbito.com | F\u00f3rmula 1: Franco Colapinto arrancar\u00e1 17\u00b0 en la Sprint Race tras una complicada clasificaci\u00f3n\" alt=\"\u00e1mbito.com | F\u00f3rmula 1: Franco Colapinto arrancar\u00e1 17\u00b0 en la Sprint Race tras una complicada clasificaci\u00f3n\" rel=\"noindex nofollow noreferrer noopener\"><br \/>\n\t\t\t\t\t\t\t\t\t\t\t<img loading=\"lazy\" decoding=\"async\" src=\"https:\/\/www.ambito.com\/css-custom\/239\/lazy.svg\" data-td-src-property=\"https:\/\/media.ambito.com\/p\/1576660b3acbbcf9cc44476a85bfea10\/adjuntos\/239\/imagenes\/042\/718\/0042718753\/colapinto.jpeg\" alt=\"El joven piloto de Alpine enfrentar\u00e1 un gran desaf\u00edo en la carrera sprint, donde cada adelantamiento ser\u00e1 clave para mejorar su posici\u00f3n de cara a la competencia principal del domingo.\" title=\"El joven piloto de Alpine enfrentar\u00e1 un gran desaf\u00edo en la carrera sprint, donde cada adelantamiento ser\u00e1 clave para mejorar su posici\u00f3n de cara a la competencia principal del domingo.\" width=\"93\" height=\"52\" class=\"news-article__figure-img figure-img img-fluid\"\/>\t\t<\/a>\t\t\t\t\t\t\t\t\t\t\t\t<a href=\"https:\/\/www.ambito.com\/deportes\/el-nuevo-casco-que-usara-franco-colapinto-homenaje-la-mision-argentina-n6203107\" target=\"\" title=\"\u00e1mbito.com | El nuevo casco que usar\u00e1 Colapinto en homenaje a la Misi\u00f3n Argentina\" alt=\"\u00e1mbito.com | El nuevo casco que usar\u00e1 Colapinto en homenaje a la Misi\u00f3n Argentina\" rel=\"noindex nofollow noreferrer noopener\"><br \/>\n\t\t\t\t\t\t\t\t\t\t\t<img loading=\"lazy\" decoding=\"async\" src=\"https:\/\/www.ambito.com\/css-custom\/239\/lazy.svg\" data-td-src-property=\"https:\/\/media.ambito.com\/p\/f132db6318b7cc11b9f121c5c441ed4a\/adjuntos\/239\/imagenes\/042\/864\/0042864561\/nuevo-casco-colapinto.png\" alt=\"El nuevo casco que usar\u00e1 Colapinto en homenaje a la Misi\u00f3n Argentina\" title=\"El nuevo casco que usar\u00e1 Colapinto en homenaje a la Misi\u00f3n Argentina\" width=\"93\" height=\"52\" class=\"news-article__figure-img figure-img img-fluid\"\/>\t\t<\/a>\t\t\t\t\t\t <\/p>\n<p>Latifi Getty   <\/p>\n<p>  <img decoding=\"async\" src=\"https:\/\/www.europesays.com\/es\/wp-content\/uploads\/2025\/10\/latifi-getty.jpg\" alt=\"La desgracia de Latifi fue importante para definir uno de los duelos m\u00e1s apasionantes de la F\u00f3rmula 1.\" title=\"La desgracia de Latifi fue importante para definir uno de los duelos m\u00e1s apasionantes de la F\u00f3rmula 1.\" width=\"730\" height=\"410\" id=\"8140946-Libre-1487599922_embed\" crossorigin=\"anonymous\" fetchpriority=\"high\" decode=\"async\"\/>  <\/p>\n<p> La desgracia de Latifi fue importante para definir uno de los duelos m\u00e1s apasionantes de la F\u00f3rmula 1.<\/p>\n<p>Getty<\/p>\n<p> De promesa de la F2 a pol\u00e9mico personaje de la F\u00f3rmula 1: qui\u00e9n es Nicholas Latifi <\/p>\n<p>Logr\u00f3<strong> buenos rendimientos en la F\u00f3rmula 2<\/strong>, d\u00f3nde pele\u00f3 varios torneos en el equipo DAMS, a tal punto que lleg\u00f3 a finalizar segundo en 2019. Adem\u00e1s, era piloto de reserva en el viejo Force India F1 Team, que luego pasar\u00eda a llamarse Racing Point F1 Team.<\/p>\n<p>Luego lleg\u00f3 la <strong>oportunidad de sumarse a Williams<\/strong>, d\u00f3nde particip\u00f3 de las pr\u00e1cticas libres en Canad\u00e1, Francia, B\u00e9lgica, M\u00e9xico y Estados Unidos. <strong>Para la temporada 2020<\/strong>, el ex equipo de Franco Colapinto lo pondr\u00eda como titular en <strong>reemplazo de Robert Kubica.<\/strong><\/p>\n<p> Reci\u00e9n <strong>en 2021, sum\u00f3 puntos por primera vez <\/strong>en el Gran Premio de Hungr\u00eda, aunque qued\u00f3 completamente opacado por los grandes rendimientos de su compa\u00f1ero, George Russell. La gran irregularidad que mostraba parec\u00eda que su paso terminar\u00eda sin pena ni gloria, hasta que lleg\u00f3 un momento clave para la F\u00f3rmula 1.<\/p>\n<p>En la \u00faltima carrera de la temporada, Max Verstappen y Lewis Hamilton llegaban con la posibilidad de ser campeones<strong>. A falta de seis vueltas, Latifi choc\u00f3 sobre el muro<\/strong>, lo que gener\u00f3 un auto de seguridad que fue clave para que el neerland\u00e9s se consagre campe\u00f3n.<\/p>\n<p>Su \u00faltima temporada fue en 2022, d\u00f3nde s\u00f3lo sum\u00f3 puntos en el Gran Premio de Jap\u00f3n. Anunci\u00f3 su salida del equipo, pero sorprendi\u00f3 al no querer continuar ligado al deporte automotor.<\/p>\n<p>Su vida despu\u00e9s de la m\u00e1xima categor\u00eda <\/p>\n<p>Lejos de querer retornar a la F\u00f3rmula 1, Latifi decidi\u00f3 aventurarse en el mundo de los negocios. <strong>Se anot\u00f3 a mediados del 2023 en la Universidad de Negocios de Londres<\/strong>, d\u00f3nde hace poco revel\u00f3 que se recibi\u00f3 con un master en manejo de empresas.<\/p>\n<p><strong>\u201cEstos \u00faltimos dos a\u00f1os han sido los m\u00e1s recompensantes de mi vida<\/strong>, repletos de aprendizaje, crecimiento, nuevas experiencias y recuerdos que me acompa\u00f1ar\u00e1n por siempre\u00bb, confes\u00f3 el expiloto, qui\u00e9n no revel\u00f3 mucho m\u00e1s de su vida tras un largo periodo fuera de las redes sociales.<\/p>\n","protected":false},"excerpt":{"rendered":"18 de octubre 2025 &#8211; 17:00 Logr\u00f3 hacerse un apellido en la F\u00f3rmula 1, siendo clave en el&hellip;\n","protected":false},"author":2,"featured_media":185712,"comment_status":"","ping_status":"","sticky":false,"template":"","format":"standard","meta":{"footnotes":""},"categories":[270],"tags":[168,25,24,306,271,272,23,167],"class_list":{"0":"post-185711","1":"post","2":"type-post","3":"status-publish","4":"format-standard","5":"has-post-thumbnail","7":"category-formula-1","8":"tag-deportes","9":"tag-es","10":"tag-espana","11":"tag-f1","12":"tag-formula-1","13":"tag-formula1","14":"tag-spain","15":"tag-sports"},"share_on_mastodon":{"url":"","error":""},"_links":{"self":[{"href":"https:\/\/www.europesays.com\/es\/wp-json\/wp\/v2\/posts\/185711","targetHints":{"allow":["GET"]}}],"collection":[{"href":"https:\/\/www.europesays.com\/es\/wp-json\/wp\/v2\/posts"}],"about":[{"href":"https:\/\/www.europesays.com\/es\/wp-json\/wp\/v2\/types\/post"}],"author":[{"embeddable":true,"href":"https:\/\/www.europesays.com\/es\/wp-json\/wp\/v2\/users\/2"}],"replies":[{"embeddable":true,"href":"https:\/\/www.europesays.com\/es\/wp-json\/wp\/v2\/comments?post=185711"}],"version-history":[{"count":0,"href":"https:\/\/www.europesays.com\/es\/wp-json\/wp\/v2\/posts\/185711\/revisions"}],"wp:featuredmedia":[{"embeddable":true,"href":"https:\/\/www.europesays.com\/es\/wp-json\/wp\/v2\/media\/185712"}],"wp:attachment":[{"href":"https:\/\/www.europesays.com\/es\/wp-json\/wp\/v2\/media?parent=185711"}],"wp:term":[{"taxonomy":"category","embeddable":true,"href":"https:\/\/www.europesays.com\/es\/wp-json\/wp\/v2\/categories?post=185711"},{"taxonomy":"post_tag","embeddable":true,"href":"https:\/\/www.europesays.com\/es\/wp-json\/wp\/v2\/tags?post=185711"}],"curies":[{"name":"wp","href":"https:\/\/api.w.org\/{rel}","templated":true}]}}