{"id":185717,"date":"2025-10-18T20:20:08","date_gmt":"2025-10-18T20:20:08","guid":{"rendered":"https:\/\/www.europesays.com\/es\/185717\/"},"modified":"2025-10-18T20:20:08","modified_gmt":"2025-10-18T20:20:08","slug":"boda-alberto-herrera-asi-ha-sido-la-boda-de-alberto-herrera-hijo-de-carlos-herrera-y-marilo-montero-con-blanca-llandres","status":"publish","type":"post","link":"https:\/\/www.europesays.com\/es\/185717\/","title":{"rendered":"BODA ALBERTO HERRERA | As\u00ed ha sido la boda de Alberto Herrera, hijo de Carlos Herrera y Maril\u00f3 Montero, con Blanca Llandres"},"content":{"rendered":"<p class=\"ft-text\">La localidad gaditana de <strong>Sanl\u00facar de Barrameda<\/strong> ha sido escenario este s\u00e1bado de la boda entre<strong> Alberto Herrera Montero<\/strong>, hijo de los periodistas<strong> <\/strong><a class=\"ft-link ft-link--decoration\" href=\"https:\/\/www.elcorreoweb.es\/tags\/carlos-herrera\/\" rel=\"nofollow noopener\" target=\"_blank\"><strong>Carlos Herrera<\/strong><\/a><strong> y Maril\u00f3 Montero<\/strong>, y <strong>Blanca Llandres Parejo<\/strong>. La ceremonia tuvo lugar en la Bas\u00edlica Menor de Nuestra Se\u00f1ora de la Caridad, donde los novios, visiblemente emocionados, sellaron su uni\u00f3n rodeados de familiares, amigos y una <strong>gran expectaci\u00f3n medi\u00e1tica<\/strong>. La pareja, que <strong>espera su primer hijo<\/strong>, puso as\u00ed el broche de oro a un a\u00f1o de relaci\u00f3n.<\/p>\n<p class=\"ft-text\">La novia, <strong>hija de Carlos Llandres y Blanca Parejo<\/strong>, sorprendi\u00f3 a su llegada al templo a bordo de un original <strong>M\u00e9hari naranja, acompa\u00f1ada por su hermano y padrino<\/strong>. Su vestido ha sido dise\u00f1ado por Nicol\u00e1s Montenegro con la colaboraci\u00f3n de Roc\u00edo Crusset.<\/p>\n<p class=\"ft-text\">Lejos de ser una boda marcada por la ostentaci\u00f3n, el enlace se desarroll\u00f3 en un <strong>ambiente familiar<\/strong>, a pesar del inter\u00e9s medi\u00e1tico. Blanca Llandres, que hace unos meses anunci\u00f3 su embarazo, comparti\u00f3 con su ya marido una <strong>jornada llena de emoci\u00f3n y gestos de cari\u00f1o<\/strong>.<\/p>\n","protected":false},"excerpt":{"rendered":"La localidad gaditana de Sanl\u00facar de Barrameda ha sido escenario este s\u00e1bado de la boda entre Alberto Herrera&hellip;\n","protected":false},"author":2,"featured_media":185718,"comment_status":"","ping_status":"","sticky":false,"template":"","format":"standard","meta":{"footnotes":""},"categories":[174],"tags":[9125,3158,3164,9654,255,13473,146,147,25,24,256,2140,12167,6746,23],"class_list":{"0":"post-185717","1":"post","2":"type-post","3":"status-publish","4":"format-standard","5":"has-post-thumbnail","7":"category-famosos","8":"tag-alberto","9":"tag-boda","10":"tag-bodas","11":"tag-carlos-herrera","12":"tag-celebrities","13":"tag-emocionante","14":"tag-entertainment","15":"tag-entretenimiento","16":"tag-es","17":"tag-espana","18":"tag-famosos","19":"tag-herrera","20":"tag-sanlucar-de-barrameda","21":"tag-sido","22":"tag-spain"},"share_on_mastodon":{"url":"","error":""},"_links":{"self":[{"href":"https:\/\/www.europesays.com\/es\/wp-json\/wp\/v2\/posts\/185717","targetHints":{"allow":["GET"]}}],"collection":[{"href":"https:\/\/www.europesays.com\/es\/wp-json\/wp\/v2\/posts"}],"about":[{"href":"https:\/\/www.europesays.com\/es\/wp-json\/wp\/v2\/types\/post"}],"author":[{"embeddable":true,"href":"https:\/\/www.europesays.com\/es\/wp-json\/wp\/v2\/users\/2"}],"replies":[{"embeddable":true,"href":"https:\/\/www.europesays.com\/es\/wp-json\/wp\/v2\/comments?post=185717"}],"version-history":[{"count":0,"href":"https:\/\/www.europesays.com\/es\/wp-json\/wp\/v2\/posts\/185717\/revisions"}],"wp:featuredmedia":[{"embeddable":true,"href":"https:\/\/www.europesays.com\/es\/wp-json\/wp\/v2\/media\/185718"}],"wp:attachment":[{"href":"https:\/\/www.europesays.com\/es\/wp-json\/wp\/v2\/media?parent=185717"}],"wp:term":[{"taxonomy":"category","embeddable":true,"href":"https:\/\/www.europesays.com\/es\/wp-json\/wp\/v2\/categories?post=185717"},{"taxonomy":"post_tag","embeddable":true,"href":"https:\/\/www.europesays.com\/es\/wp-json\/wp\/v2\/tags?post=185717"}],"curies":[{"name":"wp","href":"https:\/\/api.w.org\/{rel}","templated":true}]}}