{"id":185719,"date":"2025-10-18T20:21:19","date_gmt":"2025-10-18T20:21:19","guid":{"rendered":"https:\/\/www.europesays.com\/es\/185719\/"},"modified":"2025-10-18T20:21:19","modified_gmt":"2025-10-18T20:21:19","slug":"josue-el-nino-genio-venezolano-autor-de-la-escultura-mas-grande-del-doctor-jose-gregorio-hernandez","status":"publish","type":"post","link":"https:\/\/www.europesays.com\/es\/185719\/","title":{"rendered":"Josu\u00e9, el ni\u00f1o genio venezolano autor de la escultura m\u00e1s grande del doctor Jos\u00e9 Gregorio Hern\u00e1ndez"},"content":{"rendered":"<p>                                    <img decoding=\"async\" loading=\"lazy\" src=\"https:\/\/www.europesays.com\/es\/wp-content\/uploads\/2025\/10\/68cd8fba0b451.jpeg\" alt=\"Redacci\u00f3n REL\" width=\"40\" height=\"40\" data-full-src=\"https:\/\/www.europesays.com\/es\/wp-content\/uploads\/2025\/10\/68cd8fba0b451.jpeg\"\/><\/p>\n<p class=\"paragraph\">Con tan solo 16 a\u00f1os, el joven escultor venezolano <a href=\"https:\/\/www.instagram.com\/mundodeplastilinadejosue\/?hl=es\" target=\"_blank\" rel=\"nofollow noopener\"><b>Josu\u00e9 Benjam\u00edn Figueroa<\/b> <\/a><b>ha terminado la escultura m\u00e1s grande del mundo dedicada al doctor Jos\u00e9 Gregorio Hern\u00e1ndez<\/b>, el \u00abM\u00e9dico de los Pobres\u00bb, que ser\u00e1 canonizado este domingo en el Vaticano por el Papa.\u00a0<\/p>\n<p class=\"paragraph\">Nacido en el estado venezolano de Carabobo,<b> Josu\u00e9 Benjam\u00edn comenz\u00f3 su carrera en la escultura a los cuatro a\u00f1os<\/b>, cuando empez\u00f3 a modelar figuras en plastilina, como el conocido personaje Mario de Nintendo.\u00a0<\/p>\n<p>Su propio programa en televisi\u00f3n<\/p>\n<p class=\"paragraph\">Posteriormente, a los siete a\u00f1os, evolucion\u00f3 hacia el trabajo en arcilla, lo que le permiti\u00f3 perfeccionar su t\u00e9cnica y alcanzar mayores niveles de sofisticaci\u00f3n. Este crecimiento art\u00edstico <b>lo llev\u00f3 a ganar el premio \u00abInspiraci\u00f3n del A\u00f1o\u00bb en los Kids Choice Awards 2021.<\/b><\/p>\n<p class=\"paragraph\">La escultura que acaba de terminar de Jos\u00e9 Gregorio Hern\u00e1ndez destaca por su tama\u00f1o monumental <b>y el nivel de detalle que evidencia la dedicaci\u00f3n del joven artista<\/b>. Estar\u00e1 colocada en el distribuidor Negro Primero de la Autopista Regional del Centro (ARC), del municipio Guacara, en el estado Carabobo.<\/p>\n<p class=\"paragraph\">En un v\u00eddeo difundido en su cuenta de Instagram, el joven Josu\u00e9 coment\u00f3: \u00ab<b>Estoy creando la escultura de Jos\u00e9 Gregorio Hern\u00e1ndez m\u00e1s grande del mundo, pero para terminar necesito de tu apoyo<\/b>\u00ab.<\/p>\n<p class=\"paragraph\">Josu\u00e9, gracias a su habilidad con el modelado, ha\u00a0<b>logrado tener su propio programa de televisi\u00f3n en Nickelodeon<\/b>, \u00abEl taller de Josu\u00e9\u00bb, y ha fundado su propia galer\u00eda de arte en Caracas.<\/p>\n<p class=\"paragraph\"><b>Cuenta con una comunidad de 1.400.000 seguidores en Instagram<\/b>, red que le sirve para expresarse e inspirar con sus creaciones. Su trabajo ha sido expuesto en galer\u00edas de Venezuela y en Europa, no est\u00e1 nada mal para un adolescente.<\/p>\n<p class=\"paragraph\">A su corta edad,<b>\u00a0Josu\u00e9 tiene esculturas instaladas en varias ciudades del pa\u00eds<\/b>, incluyendo la de San Agust\u00edn de Hipona en la entrada de la ciudad de Guacara, de m\u00e1s de 6 metros, con la que buscaba un r\u00e9cord mundial.<\/p>\n<p>Testimonio de generosidad<\/p>\n<p class=\"paragraph\">Jos\u00e9 Gregorio Hern\u00e1ndez naci\u00f3 el 26 de octubre de 1864 en Isnot\u00fa, una humilde localidad del estado Trujillo (Venezuela). Sus padres fueron Benigno Hern\u00e1ndez y Josefa Cisneros (de origen canario), <b>siendo por l\u00ednea materna, descendiente del cardenal Francisco Jim\u00e9nez de Cisneros<\/b>.<\/p>\n<p class=\"paragraph\">Fue m\u00e9dico, cient\u00edfico, profesor, m\u00fasico y fil\u00e1ntropo, con vocaci\u00f3n religiosa, adem\u00e1s de franciscano seglar. En cada una de las \u00e1reas en las que se desempe\u00f1\u00f3,<b> fue testimonio de la generosidad, la caridad, la solidaridad y la fe en Cristo<\/b>, con un coraz\u00f3n especial movido por los pobres y los desfavorecidos.<\/p>\n<p>            <a href=\"#\" title=\"\"><\/p>\n<p>                    <img loading=\"lazy\" decoding=\"async\" data-index=\"\" width=\"140\" height=\"140\" alt=\"ssss\" data-full=\"[object Object]\" data-original=\"[object Object]\" src=\"https:\/\/imagenes.religionenlibertad.com\/files\/related_image\/files\/fp\/uploads\/2025\/10\/16\/68f0c89a11240.r_d.1450-615.jpeg\" data-full-src=\"https:\/\/www.europesays.com\/es\/wp-content\/uploads\/2025\/10\/68f0c89a11240.jpeg\"\/><\/p>\n<p>            <\/a><\/p>\n<p class=\"paragraph\">Dolido por la terrible situaci\u00f3n que se viv\u00eda durante la Primera Guerra Mundial, ofreci\u00f3 a Dios su vida, pidi\u00e9ndole que aquella guerra acabara. El 28 de junio de 1919, se firm\u00f3 el Tratado de Versalles con el que se dio fin al conflicto b\u00e9lico. <b>Un d\u00eda despu\u00e9s, el 29 de junio de 1919, el M\u00e9dico de los Pobres fallec\u00eda a la edad de 54 a\u00f1os<\/b>, a causa de un impacto en la cabeza con el borde de una acera, despu\u00e9s de tropezar a causa del golpe de un autom\u00f3vil. Fue beatificado en abril del 2021 y ser\u00e1 canonizado este domingo 19 de octubre por el Papa en el Vaticano.<\/p>\n<p><script async src=\"\/\/www.instagram.com\/embed.js\"><\/script><\/p>\n","protected":false},"excerpt":{"rendered":"Con tan solo 16 a\u00f1os, el joven escultor venezolano Josu\u00e9 Benjam\u00edn Figueroa ha terminado la escultura m\u00e1s grande&hellip;\n","protected":false},"author":2,"featured_media":185720,"comment_status":"","ping_status":"","sticky":false,"template":"","format":"standard","meta":{"footnotes":""},"categories":[173],"tags":[229,34040,233,231,230,232,234,146,147,25,24,23],"class_list":{"0":"post-185719","1":"post","2":"type-post","3":"status-publish","4":"format-standard","5":"has-post-thumbnail","7":"category-arte-y-diseno","8":"tag-arte","9":"tag-arte-cristiano","10":"tag-arte-y-diseno","11":"tag-arts","12":"tag-arts-and-design","13":"tag-design","14":"tag-diseno","15":"tag-entertainment","16":"tag-entretenimiento","17":"tag-es","18":"tag-espana","19":"tag-spain"},"share_on_mastodon":{"url":"","error":""},"_links":{"self":[{"href":"https:\/\/www.europesays.com\/es\/wp-json\/wp\/v2\/posts\/185719","targetHints":{"allow":["GET"]}}],"collection":[{"href":"https:\/\/www.europesays.com\/es\/wp-json\/wp\/v2\/posts"}],"about":[{"href":"https:\/\/www.europesays.com\/es\/wp-json\/wp\/v2\/types\/post"}],"author":[{"embeddable":true,"href":"https:\/\/www.europesays.com\/es\/wp-json\/wp\/v2\/users\/2"}],"replies":[{"embeddable":true,"href":"https:\/\/www.europesays.com\/es\/wp-json\/wp\/v2\/comments?post=185719"}],"version-history":[{"count":0,"href":"https:\/\/www.europesays.com\/es\/wp-json\/wp\/v2\/posts\/185719\/revisions"}],"wp:featuredmedia":[{"embeddable":true,"href":"https:\/\/www.europesays.com\/es\/wp-json\/wp\/v2\/media\/185720"}],"wp:attachment":[{"href":"https:\/\/www.europesays.com\/es\/wp-json\/wp\/v2\/media?parent=185719"}],"wp:term":[{"taxonomy":"category","embeddable":true,"href":"https:\/\/www.europesays.com\/es\/wp-json\/wp\/v2\/categories?post=185719"},{"taxonomy":"post_tag","embeddable":true,"href":"https:\/\/www.europesays.com\/es\/wp-json\/wp\/v2\/tags?post=185719"}],"curies":[{"name":"wp","href":"https:\/\/api.w.org\/{rel}","templated":true}]}}