{"id":185721,"date":"2025-10-18T20:22:11","date_gmt":"2025-10-18T20:22:11","guid":{"rendered":"https:\/\/www.europesays.com\/es\/185721\/"},"modified":"2025-10-18T20:22:11","modified_gmt":"2025-10-18T20:22:11","slug":"como-se-construye-un-lector-nathalie-jarast","status":"publish","type":"post","link":"https:\/\/www.europesays.com\/es\/185721\/","title":{"rendered":"C\u00f3mo se construye un lector: Nathalie Jarast"},"content":{"rendered":"<p><img alt=\"Nathalie Jarast destaca la importancia\" class=\"global-image\" decoding=\"async\" fetchpriority=\"high\" height=\"1080\" loading=\"eager\" src=\"https:\/\/www.europesays.com\/es\/wp-content\/uploads\/2025\/10\/LHFODJGUL5E4FJE73D6MOGLOYY.jpg\" width=\"1920\"\/>Nathalie Jarast destaca la importancia de la curiosidad y la exposici\u00f3n a los libros en la construcci\u00f3n de la identidad lectora<\/p>\n<p class=\"paragraph\"><b>Nathalie Jarast<\/b> es una apasionada del acto mismo de leer. Tal vez por eso ejerce el periodismo, estudi\u00f3 Letras y es mag\u00edster en Gesti\u00f3n de Contenidos. Todo lo que tenga que ver con las palabras ocupa su atenci\u00f3n.<\/p>\n<p class=\"paragraph\">Se define como una apasionada por la literatura infantil, lo que la llev\u00f3 a trabajar en <b>Fundaci\u00f3n Leer<\/b> y como parte del equipo del<b> Filbita<\/b>, desde el sector de la comunicaci\u00f3n. Siempre en instituciones dedicadas a la promoci\u00f3n de la lectura. En Casa de Letras, se especializ\u00f3 en Literatura Infantil y Juvenil. <\/p>\n<p class=\"paragraph\">Desde hace m\u00e1s de diez a\u00f1os escribe en diversos medios y asesora en comunicaci\u00f3n a diversos sellos literarios. Colabora en la difusi\u00f3n de la literatura infantil desde sus redes y el newsletter Muy lectores. <b>Un pa\u00eds que empieza con A<\/b>, editado por Pupek, es su primer libro para chicos y chicas.<\/p>\n<p class=\"paragraph\"><b>\u2014\u00bfC\u00f3mo se construye la identidad lectora?<\/b><\/p>\n<p class=\"paragraph\">\u2014La identidad lectora creo que parte primero de la curiosidad de acercarse al objeto libro. Ya sea desde ni\u00f1os peque\u00f1itos, beb\u00e9s, hasta adolescentes o incluso adultos, y acercarse con la mente y el coraz\u00f3n abierto a los libros. Por la curiosidad y la b\u00fasqueda o avidez de diferentes tipos de lecturas: m\u00e1s complejas, m\u00e1s sencillas, m\u00e1s largas, m\u00e1s cortas. De entrar por la narrativa, la poes\u00eda, novelas, cuentos. Y a partir de ah\u00ed, ir encontrando lo que a uno y a una m\u00e1s le gusta, le cierra o le convoca. Tambi\u00e9n hay algo que creo fuertemente \u2013si bien tenemos ciertos gustos y preferencias\u2013, eso puede ir cambiando a lo largo del tiempo y de la vida. Quiz\u00e1s en alg\u00fan momento nuestra identidad lectora est\u00e1 m\u00e1s ligada, por ejemplo, a la poes\u00eda, y quiz\u00e1s m\u00e1s adelante, pasemos a las novelas. <\/p>\n<p class=\"paragraph\">Yo recuerdo que cuando era chica a m\u00ed me atra\u00edan much\u00edsimo los g\u00e9neros: el terror, las novelas de terror, y hoy no puedo leer absolutamente nada de eso (r\u00ede). Entonces, la identidad lectora es una construcci\u00f3n constante y me parece que es un continuum, no es algo fijo, sino que se va modificando y moldeando a lo largo del tiempo. Y requiere, s\u00ed, exposici\u00f3n (r\u00ede) a los libros, a la lectura, y diversidad y variedad de materiales tambi\u00e9n.<\/p>\n<p><img alt=\"Jarast afirma que cualquier persona\" class=\"global-image\" decoding=\"async\" fetchpriority=\"low\" height=\"1280\" loading=\"lazy\" src=\"https:\/\/www.europesays.com\/es\/wp-content\/uploads\/2025\/10\/7F6ROV622NDABFUI3QS2EWEEBI.jpg\" width=\"1920\"\/>Jarast afirma que cualquier persona puede convertirse en un \u00e1vido lector, incluso sin antecedentes familiares lectores<\/p>\n<p class=\"paragraph\"><b>\u2014\u00bfCrees que un libro podr\u00eda despertar el inter\u00e9s por leer?<\/b><\/p>\n<p class=\"paragraph\">\u2014S\u00ed, cien por ciento (r\u00ede). Soy una ferviente creyente del poder de los libros y de que uno o una en alg\u00fan momento de su vida se encuentra con alg\u00fan libro que dice: \u201cAh, es este, es ac\u00e1\u201d. Que le abre las puertas al maravilloso mundo de la literatura. <\/p>\n<p class=\"paragraph\">Hay algunas personas que tuvimos la suerte, desde muy chicas, de tener acceso a los libros y tener padres y madres que nos han le\u00eddo y comprado libros. Y hay otras personas que no. Pero que aun as\u00ed, en alg\u00fan momento, si uno est\u00e1 abierto a esa posibilidad, hay un libro. Yo creo fuertemente en el poder de la escuela para abrir este amor por la lectura y este inter\u00e9s por la lectura, cuando en la casa no est\u00e1 esa oportunidad. Pero a veces es un bibliotecario o una compa\u00f1era de trabajo, que nos prest\u00f3 un libro y nos vol\u00f3 la cabeza, \u00bfno?<\/p>\n<p class=\"paragraph\">De todos modos, hoy la lectura, lamentablemente, est\u00e1 unida a otros consumos culturales, las redes sociales. Hace poco le\u00eda en un art\u00edculo que ya no es m\u00e1s la disputa por la atenci\u00f3n o por el consumo cultural. Es decir, vemos una pel\u00edcula o leemos un libro, sino que la disputa es por los procesos cognitivos: las redes y estas cuestiones generan dopamina instant\u00e1nea, la satisfacci\u00f3n instant\u00e1nea. Y eso hace, muchas veces, muy dif\u00edcil que los libros o una pel\u00edcula larga tengan un lugar y un espacio. <\/p>\n<p class=\"paragraph\"><b>\u2014De un hogar sin madre ni padre ni familiares lectores \u00bfpuede surgir un \u00e1vido lector?<\/b><\/p>\n<p class=\"paragraph\">\u2014Me parece que lo dije en la respuesta anterior, pero vuelvo sobre el tema. Yo creo que s\u00ed. <b>Michelle Petit<\/b>, una autora y antrop\u00f3loga que estudia el mundo de la lectura justamente en contextos vulnerables, donde no hay y no suele haber acceso a la lectura, da cuenta de esto. Por una visita a una biblioteca o por un asistente social que acerca un libro o por un amiguito que estaba leyendo una historieta y a partir de esa historieta, otro ni\u00f1o o ni\u00f1a se empez\u00f3 a interesar por ese mundo de las letras. Creo que s\u00ed, que puede surgir un gran lector o lectora.<\/p>\n<p><img alt=\"Nathalie Jarast  advierte sobre\" class=\"global-image\" decoding=\"async\" fetchpriority=\"low\" height=\"2880\" loading=\"lazy\" src=\"https:\/\/www.europesays.com\/es\/wp-content\/uploads\/2025\/10\/KFZ2UOOA7RESPCS2WD6E2OGSSM.jpg\" width=\"1920\"\/>Nathalie Jarast  advierte sobre la competencia de las pantallas y redes sociales frente al tiempo dedicado a la lectura<\/p>\n<p class=\"paragraph\"><b>\u2014Pensando en esto, \u00bfhay un momento para empezar a leer?<\/b><\/p>\n<p class=\"paragraph\">\u2014Yo creo que se puede empezar a leer desde beb\u00e9s, desde la panza, incluso. La lectura no solo son libros, sino, tambi\u00e9n, nanas, canciones. Las primeras formas de leer, como explican los especialistas en primera infancia, son las voces de sus cuidadores. Obviamente, si no se tiene ese acceso, esa disponibilidad, ese contacto desde la primer\u00edsima infancia, se puede recuperar m\u00e1s adelante.<\/p>\n<p class=\"paragraph\">Conozco gente que de chica no le\u00eda y hoy en d\u00eda son grandes lectores. Pero lo ideal ser\u00eda desde beb\u00e9s (r\u00ede), fomentar el contacto con los libros. Cuanto mayor exposici\u00f3n, mayor variedad, mayor cantidad de lecturas, se va construyendo la identidad lectora.<\/p>\n<p class=\"paragraph\">Y vuelvo sobre el tema de que hoy en d\u00eda hay mucha competencia con los dispositivos. Entonces, hay que hacerle un espacio activamente, sobre todo en las infancias. Decidir un momento de lectura en el d\u00eda, que puede ser antes de dormir, despu\u00e9s de almorzar&#8230; Encontrar un espacio. Sin juzgar ni poner en valor qu\u00e9 hacemos o no con las pantallas. Eso ser\u00e1 para otra charla y otra discusi\u00f3n. Vivimos en una sociedad hiperdigitalizada y mediada por las pantallas, y creo que es necesario hacer una pausa y dedicarnos a la lectura. <\/p>\n<p class=\"paragraph\">Yo, por ejemplo, me di cuenta de que estaba leyendo mucho menos, y eso que me considero una gran lectora, porque me cooptaban las series, que despu\u00e9s de un cap\u00edtulo te enganch\u00e1s y segu\u00eds otro y otro. Ahora miro series los fines de semana, y en la semana, antes de dormir, leo. <\/p>\n<p><img alt=\"Su pasi\u00f3n por la literatura\" class=\"global-image\" decoding=\"async\" fetchpriority=\"low\" height=\"2560\" loading=\"lazy\" src=\"https:\/\/www.europesays.com\/es\/wp-content\/uploads\/2025\/10\/PK3WULEOEFFYVHN75NHWAMPBXE.jpg\" width=\"1920\"\/>Su pasi\u00f3n por la literatura infantil no solo la llev\u00f3 a especializarse, sino, adem\u00e1s, a escribir libros para los m\u00e1s chicos<\/p>\n<p class=\"paragraph\"><b>\u2014\u00bfQu\u00e9 es ser mediador de lectura? \u00bfEs algo ligado a la educaci\u00f3n o hay otros tipos de mediadores?<\/b><\/p>\n<p class=\"paragraph\">\u2014Claramente hay otros tipos de mediadores. O sea, est\u00e1n los y las docentes, las y los bibliotecarios, pero tambi\u00e9n somos mediadores los padres y las madres, los abuelos, que acercamos un libro a las infancias. Hoy en d\u00eda, incluso, volviendo al tema de las pantallas, los influencers pueden ser mediadores de lectura. Para m\u00ed est\u00e1 buen\u00edsimo que haya alguien, sobre todo en los adolescentes, cuando son pares los que recomiendan. Hay algo ah\u00ed de despertar el inter\u00e9s por la lectura que es muy valioso, muy genuino, y est\u00e1 buen\u00edsimo.<\/p>\n<p class=\"paragraph\">Cualquier persona que medie entre los libros, entre el acto de leer y las infancias, en principio. Pero tambi\u00e9n se puede pensar la mediaci\u00f3n de la lectura en adultos: si un influencer recomienda tal libro, o un amigo que me recomienda un libro y eso a m\u00ed me despierta el inter\u00e9s por leer. Los mediadores hoy en d\u00eda son m\u00faltiples y variados, pero tambi\u00e9n hay gente formada, que ha estudiado y que se dedica a la mediaci\u00f3n de la lectura, especialmente. Docentes, bibliotecarios, especialistas en lectura, que le aportan un granito de arena m\u00e1s.<\/p>\n<p class=\"paragraph\"><b>\u2014\u00bfRecord\u00e1s tu primer encuentro con libros?<\/b><\/p>\n<p class=\"paragraph\">\u2014En mi casa hab\u00eda muchos libros. Mi mam\u00e1 es psicoanalista y una gran lectora, Y ha publicado libros de psicoan\u00e1lisis. Mi pap\u00e1, si bien es m\u00e9dico, tambi\u00e9n siempre ha le\u00eddo mucho, novelas hist\u00f3ricas. Siempre hab\u00eda libros en mi casa. Creo que eso despert\u00f3 mi inter\u00e9s. <\/p>\n<p class=\"paragraph\">Pero los primeros libros que recuerdo son de la colecci\u00f3n <b>Hab\u00eda una vez<\/b>, que ya no existe m\u00e1s. Eran unos libros que en letra may\u00fascula iban contando una historia y algunas palabras eran un dibujito. Algunos los conservo todav\u00eda, se los leo a mis hijos, que tienen dos y cinco a\u00f1os. <\/p>\n<p class=\"paragraph\">[Fotos: gentileza Nathalie Jarast]<\/p>\n","protected":false},"excerpt":{"rendered":"Nathalie Jarast destaca la importancia de la curiosidad y la exposici\u00f3n a los libros en la construcci\u00f3n de&hellip;\n","protected":false},"author":2,"featured_media":185722,"comment_status":"","ping_status":"","sticky":false,"template":"","format":"standard","meta":{"footnotes":""},"categories":[172],"tags":[224,146,147,25,24,225,23],"class_list":{"0":"post-185721","1":"post","2":"type-post","3":"status-publish","4":"format-standard","5":"has-post-thumbnail","7":"category-libros","8":"tag-books","9":"tag-entertainment","10":"tag-entretenimiento","11":"tag-es","12":"tag-espana","13":"tag-libros","14":"tag-spain"},"share_on_mastodon":{"url":"","error":""},"_links":{"self":[{"href":"https:\/\/www.europesays.com\/es\/wp-json\/wp\/v2\/posts\/185721","targetHints":{"allow":["GET"]}}],"collection":[{"href":"https:\/\/www.europesays.com\/es\/wp-json\/wp\/v2\/posts"}],"about":[{"href":"https:\/\/www.europesays.com\/es\/wp-json\/wp\/v2\/types\/post"}],"author":[{"embeddable":true,"href":"https:\/\/www.europesays.com\/es\/wp-json\/wp\/v2\/users\/2"}],"replies":[{"embeddable":true,"href":"https:\/\/www.europesays.com\/es\/wp-json\/wp\/v2\/comments?post=185721"}],"version-history":[{"count":0,"href":"https:\/\/www.europesays.com\/es\/wp-json\/wp\/v2\/posts\/185721\/revisions"}],"wp:featuredmedia":[{"embeddable":true,"href":"https:\/\/www.europesays.com\/es\/wp-json\/wp\/v2\/media\/185722"}],"wp:attachment":[{"href":"https:\/\/www.europesays.com\/es\/wp-json\/wp\/v2\/media?parent=185721"}],"wp:term":[{"taxonomy":"category","embeddable":true,"href":"https:\/\/www.europesays.com\/es\/wp-json\/wp\/v2\/categories?post=185721"},{"taxonomy":"post_tag","embeddable":true,"href":"https:\/\/www.europesays.com\/es\/wp-json\/wp\/v2\/tags?post=185721"}],"curies":[{"name":"wp","href":"https:\/\/api.w.org\/{rel}","templated":true}]}}