{"id":185727,"date":"2025-10-18T20:26:09","date_gmt":"2025-10-18T20:26:09","guid":{"rendered":"https:\/\/www.europesays.com\/es\/185727\/"},"modified":"2025-10-18T20:26:09","modified_gmt":"2025-10-18T20:26:09","slug":"sabado-vibrante-en-la-liga-iberdrola","status":"publish","type":"post","link":"https:\/\/www.europesays.com\/es\/185727\/","title":{"rendered":"S\u00e1bado vibrante en la Liga Iberdrola"},"content":{"rendered":"<p>                            <a id=\"CPContenido_hypImg\" rel=\"prettyPhoto[gallery-1] nofollow noopener\" href=\"https:\/\/www.rfevb.com\/Files\/Noticias\/Foto-imgEs20251018101744.JPG\" target=\"_blank\"><img decoding=\"async\" id=\"CPContenido_imgNoticia\" title=\"S\u00e1bado vibrante en la Liga Iberdrola\" src=\"https:\/\/www.europesays.com\/es\/wp-content\/uploads\/2025\/10\/1760819169_37_hanImgNot.ashx\"\/><\/a><br \/>\n                            <a id=\"CPContenido_hypDescargaImagen\" title=\"Descargar Imagen\" href=\"https:\/\/www.rfevb.com\/hanImgNot.ashx?src=Foto-imgEs20251018101744.JPG&amp;fol=N&amp;post=1&amp;npost=1\" target=\"_blank\" rel=\"nofollow noopener\">&#13;<br \/>\n                                &#13;<br \/>\n                                    &#13;<br \/>\n                                &#13;<br \/>\n                            <\/a><\/p>\n<p class=\"wp-caption-text\">&#13;<br \/>\n                                Segunda jornada de Liga Iberdrola&#13;\n                            <\/p>\n<p>\n\tEste s\u00e1bado 18 de octubre se disputaron cinco de los seis encuentros correspondientes a la segunda jornada de la Liga Iberdrola. La jornada se cerrar\u00e1 este domingo a las 12:00 (hora canaria), con el duelo entre CV Sayre Centro Comercial La Ballena y FEEL Alcobendas, dos equipos que buscar\u00e1n su primer triunfo de la temporada.<\/p>\n<p style=\"margin: 0px; font-width: normal; font-size: 13px; line-height: normal; font-family: &quot;Helvetica Neue&quot;; font-size-adjust: none; font-kerning: auto; font-variant-alternates: normal; font-variant-ligatures: normal; font-variant-numeric: normal; font-variant-east-asian: normal; font-variant-position: normal; font-feature-settings: normal; font-optical-sizing: auto; font-variation-settings: normal;\">\n\tMientras tanto, el s\u00e1bado dej\u00f3 una gran variedad de emociones en pista: desde remontadas \u00e9picas hasta triunfos s\u00f3lidos, pasando por estrenos hist\u00f3ricos que confirmaron el alto nivel y la competitividad que define a esta temporada.<\/p>\n<p style=\"margin: 0px; font-width: normal; font-size: 13px; line-height: normal; font-family: &quot;Helvetica Neue&quot;; font-size-adjust: none; font-kerning: auto; font-variant-alternates: normal; font-variant-ligatures: normal; font-variant-numeric: normal; font-variant-east-asian: normal; font-variant-position: normal; font-feature-settings: normal; font-optical-sizing: auto; font-variation-settings: normal; min-height: 15px;\">\n\t\u00a0<\/p>\n<p style=\"margin: 0px; font-width: normal; font-size: 13px; line-height: normal; font-family: &quot;Helvetica Neue&quot;; font-size-adjust: none; font-kerning: auto; font-variant-alternates: normal; font-variant-ligatures: normal; font-variant-numeric: normal; font-variant-east-asian: normal; font-variant-position: normal; font-feature-settings: normal; font-optical-sizing: auto; font-variation-settings: normal;\">\n\tEl partido m\u00e1s vibrante de la jornada tuvo lugar en Socu\u00e9llamos, donde Tenerife Libby\u2019s La Laguna logr\u00f3 una ag\u00f3nica victoria ante CV Kiele en el tie-break. Las locales, tras verse abajo 0-2, protagonizaron una espectacular reacci\u00f3n para igualar el marcador y forzar el quinto set. Sin embargo, el conjunto canario mantuvo la sangre fr\u00eda en los momentos decisivos y se impuso 14-16 en el desempate, llev\u00e1ndose dos valiosos puntos. Un duelo marcado por la entrega, la concentraci\u00f3n y la resiliencia de ambos equipos.<\/p>\n<p style=\"margin: 0px; font-width: normal; font-size: 13px; line-height: normal; font-family: &quot;Helvetica Neue&quot;; font-size-adjust: none; font-kerning: auto; font-variant-alternates: normal; font-variant-ligatures: normal; font-variant-numeric: normal; font-variant-east-asian: normal; font-variant-position: normal; font-feature-settings: normal; font-optical-sizing: auto; font-variation-settings: normal; min-height: 15px;\">\n\t\u00a0<\/p>\n<p style=\"margin: 0px; font-width: normal; font-size: 13px; line-height: normal; font-family: &quot;Helvetica Neue&quot;; font-size-adjust: none; font-kerning: auto; font-variant-alternates: normal; font-variant-ligatures: normal; font-variant-numeric: normal; font-variant-east-asian: normal; font-variant-position: normal; font-feature-settings: normal; font-optical-sizing: auto; font-variation-settings: normal;\">\n\tEn Melilla, el reci\u00e9n ascendido Club Voleibol Melilla estuvo muy cerca de dar la sorpresa en su primer partido como local en la Liga Iberdrola. Las melillenses llevaron al l\u00edmite al vigente campe\u00f3n, Heidelberg Volkswagen, en un partido de alt\u00edsimo nivel que se decidi\u00f3 en el quinto set (11-15). Pese a la derrota, el equipo local dej\u00f3 muy buenas sensaciones, mientras que las visitantes sumaron su tercera victoria consecutiva, manteni\u00e9ndose firmes en lo m\u00e1s alto de la clasificaci\u00f3n.<\/p>\n<p style=\"margin: 0px; font-width: normal; font-size: 13px; line-height: normal; font-family: &quot;Helvetica Neue&quot;; font-size-adjust: none; font-kerning: auto; font-variant-alternates: normal; font-variant-ligatures: normal; font-variant-numeric: normal; font-variant-east-asian: normal; font-variant-position: normal; font-feature-settings: normal; font-optical-sizing: auto; font-variation-settings: normal; min-height: 15px;\">\n\t\u00a0<\/p>\n<p style=\"margin: 0px; font-width: normal; font-size: 13px; line-height: normal; font-family: &quot;Helvetica Neue&quot;; font-size-adjust: none; font-kerning: auto; font-variant-alternates: normal; font-variant-ligatures: normal; font-variant-numeric: normal; font-variant-east-asian: normal; font-variant-position: normal; font-feature-settings: normal; font-optical-sizing: auto; font-variation-settings: normal;\">\n\tDespu\u00e9s de su tropiezo en la primera jornada, el CV Emalsa Gran Canaria reaccion\u00f3 con fuerza ante su p\u00fablico, imponi\u00e9ndose por 3-0 al OCISA Haro Rioja V\u00f3ley. A pesar del marcador, el partido fue mucho m\u00e1s igualado de lo que indica el resultado. Las locales supieron gestionar mejor los momentos clave y mostraron su potencial ante un rival experimentado.<\/p>\n<p style=\"margin: 0px; font-width: normal; font-size: 13px; line-height: normal; font-family: &quot;Helvetica Neue&quot;; font-size-adjust: none; font-kerning: auto; font-variant-alternates: normal; font-variant-ligatures: normal; font-variant-numeric: normal; font-variant-east-asian: normal; font-variant-position: normal; font-feature-settings: normal; font-optical-sizing: auto; font-variation-settings: normal; min-height: 15px;\">\n\t\u00a0<\/p>\n<p style=\"margin: 0px; font-width: normal; font-size: 13px; line-height: normal; font-family: &quot;Helvetica Neue&quot;; font-size-adjust: none; font-kerning: auto; font-variant-alternates: normal; font-variant-ligatures: normal; font-variant-numeric: normal; font-variant-east-asian: normal; font-variant-position: normal; font-feature-settings: normal; font-optical-sizing: auto; font-variation-settings: normal;\">\n\tEn Ciutadella, Avarca de Menorca consigui\u00f3 una valiosa victoria por 3-1 frente al Fundaci\u00f3n Cajasol Andaluc\u00eda, en un encuentro marcado por la igualdad en todos los parciales. Apenas siete puntos separaron a ambos equipos en el total del partido, lo que demuestra la intensidad del duelo. Las menorquinas hicieron valer su fortaleza como locales para sumar tres puntos de oro ante un rival muy competitivo.<\/p>\n<p style=\"margin: 0px; font-width: normal; font-size: 13px; line-height: normal; font-family: &quot;Helvetica Neue&quot;; font-size-adjust: none; font-kerning: auto; font-variant-alternates: normal; font-variant-ligatures: normal; font-variant-numeric: normal; font-variant-east-asian: normal; font-variant-position: normal; font-feature-settings: normal; font-optical-sizing: auto; font-variation-settings: normal; min-height: 15px;\">\n\t\u00a0<\/p>\n<p style=\"margin: 0px; font-width: normal; font-size: 13px; line-height: normal; font-family: &quot;Helvetica Neue&quot;; font-size-adjust: none; font-kerning: auto; font-variant-alternates: normal; font-variant-ligatures: normal; font-variant-numeric: normal; font-variant-east-asian: normal; font-variant-position: normal; font-feature-settings: normal; font-optical-sizing: auto; font-variation-settings: normal;\">\n\tEl \u00faltimo encuentro del s\u00e1bado enfrent\u00f3 a DSV Sant Cugat con Arenal Emev\u00e9, en un partido donde las catalanas supieron imponer su ritmo tras un primer set muy igualado. Con este triunfo por 3-1, Sant Cugat se coloca moment\u00e1neamente en la tercera posici\u00f3n de la tabla, con 5 puntos, confirmando su buen inicio de temporada y sus aspiraciones de estar entre las mejores.<\/p>\n","protected":false},"excerpt":{"rendered":"&#13; &#13; &#13; &#13; &#13; Segunda jornada de Liga Iberdrola&#13; Este s\u00e1bado 18 de octubre se disputaron cinco&hellip;\n","protected":false},"author":2,"featured_media":185728,"comment_status":"","ping_status":"","sticky":false,"template":"","format":"standard","meta":{"footnotes":""},"categories":[93],"tags":[168,25,24,22682,23,167],"class_list":{"0":"post-185727","1":"post","2":"type-post","3":"status-publish","4":"format-standard","5":"has-post-thumbnail","7":"category-deportes","8":"tag-deportes","9":"tag-es","10":"tag-espana","11":"tag-liga-iberdrola","12":"tag-spain","13":"tag-sports"},"share_on_mastodon":{"url":"","error":""},"_links":{"self":[{"href":"https:\/\/www.europesays.com\/es\/wp-json\/wp\/v2\/posts\/185727","targetHints":{"allow":["GET"]}}],"collection":[{"href":"https:\/\/www.europesays.com\/es\/wp-json\/wp\/v2\/posts"}],"about":[{"href":"https:\/\/www.europesays.com\/es\/wp-json\/wp\/v2\/types\/post"}],"author":[{"embeddable":true,"href":"https:\/\/www.europesays.com\/es\/wp-json\/wp\/v2\/users\/2"}],"replies":[{"embeddable":true,"href":"https:\/\/www.europesays.com\/es\/wp-json\/wp\/v2\/comments?post=185727"}],"version-history":[{"count":0,"href":"https:\/\/www.europesays.com\/es\/wp-json\/wp\/v2\/posts\/185727\/revisions"}],"wp:featuredmedia":[{"embeddable":true,"href":"https:\/\/www.europesays.com\/es\/wp-json\/wp\/v2\/media\/185728"}],"wp:attachment":[{"href":"https:\/\/www.europesays.com\/es\/wp-json\/wp\/v2\/media?parent=185727"}],"wp:term":[{"taxonomy":"category","embeddable":true,"href":"https:\/\/www.europesays.com\/es\/wp-json\/wp\/v2\/categories?post=185727"},{"taxonomy":"post_tag","embeddable":true,"href":"https:\/\/www.europesays.com\/es\/wp-json\/wp\/v2\/tags?post=185727"}],"curies":[{"name":"wp","href":"https:\/\/api.w.org\/{rel}","templated":true}]}}