{"id":185743,"date":"2025-10-18T20:34:10","date_gmt":"2025-10-18T20:34:10","guid":{"rendered":"https:\/\/www.europesays.com\/es\/185743\/"},"modified":"2025-10-18T20:34:10","modified_gmt":"2025-10-18T20:34:10","slug":"el-trasmapi-hc-eivissa-sigue-con-el-pleno-de-victorias-como-visitante","status":"publish","type":"post","link":"https:\/\/www.europesays.com\/es\/185743\/","title":{"rendered":"El Trasmapi HC Eivissa sigue con el pleno de victorias como visitante"},"content":{"rendered":"<p class=\"ft-text\">Hace siete d\u00edas, el Trasmapi HC Eivissa sufri\u00f3 un duro varapalo al perder por la m\u00ednima (27-28) contra el BM Benidorm Servigroup en el pabell\u00f3n insular de Sa Blanca Dona. No obstante, el equipo dirigido por Eugenio Tilves, en otra demostraci\u00f3n de enorme personalidad, ha vuelto a levantar cabeza. Lo ha hecho tras doblegar al Attica 21 Hoteles OAR Coru\u00f1a por 25-27, en un nuevo partido muy serio de los ibicencos.<\/p>\n<p class=\"ft-text\">El Trasmapi logr\u00f3 una bals\u00e1mica victoria en tierras gallegas con mucho oficio y personalidad. El club naranja, a excepci\u00f3n de alg\u00fan tramo al comienzo del choque, fue por delante en el electr\u00f3nico durante pr\u00e1cticamente todo el encuentro.<\/p>\n<p class=\"ft-text\">En cuanto al partido, los visitantes, aunque fueron superiores, tuvieron serias dificultades para llevarse de vuelta a la isla los dos ansiados puntos.<\/p>\n<p>El Trasmapi duerme como tercer clasificado de la categor\u00eda<\/p>\n<p class=\"ft-text\">Con esta victoria, el club ibicenco duerme como tercer clasificado de Divisi\u00f3n de Honor Plata. Eso s\u00ed, en funci\u00f3n de los resultados que se den este domingo en los dos partidos que cierran la jornada 6 de la segunda m\u00e1xima categor\u00eda del balonmano nacional, el Trasmapi podr\u00eda caer, como mucho, hasta la cuarta posici\u00f3n.<\/p>\n<p class=\"ft-text\">El pr\u00f3ximo s\u00e1bado, 25 de octubre, a las 20.30 horas, el Trasmapi recibir\u00e1 en casa al Cajasol Sevilla BM Broin en el encuentro correspondiente a la s\u00e9ptima jornada del campeonato dom\u00e9stico. Precisamente, el cuadro andaluz es, por el momento, el equipo que se sit\u00faa por encima de los ibicencos en la tabla clasificatoria.<\/p>\n","protected":false},"excerpt":{"rendered":"Hace siete d\u00edas, el Trasmapi HC Eivissa sufri\u00f3 un duro varapalo al perder por la m\u00ednima (27-28) contra&hellip;\n","protected":false},"author":2,"featured_media":185744,"comment_status":"","ping_status":"","sticky":false,"template":"","format":"standard","meta":{"footnotes":""},"categories":[278],"tags":[376,168,8656,11809,25,24,375,11808,2464,1262,23,167,11573,44348],"class_list":{"0":"post-185743","1":"post","2":"type-post","3":"status-publish","4":"format-standard","5":"has-post-thumbnail","7":"category-balonmano","8":"tag-balonmano","9":"tag-deportes","10":"tag-division-de-honor-plata","11":"tag-eivissa","12":"tag-es","13":"tag-espana","14":"tag-handball","15":"tag-hc","16":"tag-pleno","17":"tag-sigue","18":"tag-spain","19":"tag-sports","20":"tag-trasmapi","21":"tag-trasmapi-hc-eivissa"},"share_on_mastodon":{"url":"","error":""},"_links":{"self":[{"href":"https:\/\/www.europesays.com\/es\/wp-json\/wp\/v2\/posts\/185743","targetHints":{"allow":["GET"]}}],"collection":[{"href":"https:\/\/www.europesays.com\/es\/wp-json\/wp\/v2\/posts"}],"about":[{"href":"https:\/\/www.europesays.com\/es\/wp-json\/wp\/v2\/types\/post"}],"author":[{"embeddable":true,"href":"https:\/\/www.europesays.com\/es\/wp-json\/wp\/v2\/users\/2"}],"replies":[{"embeddable":true,"href":"https:\/\/www.europesays.com\/es\/wp-json\/wp\/v2\/comments?post=185743"}],"version-history":[{"count":0,"href":"https:\/\/www.europesays.com\/es\/wp-json\/wp\/v2\/posts\/185743\/revisions"}],"wp:featuredmedia":[{"embeddable":true,"href":"https:\/\/www.europesays.com\/es\/wp-json\/wp\/v2\/media\/185744"}],"wp:attachment":[{"href":"https:\/\/www.europesays.com\/es\/wp-json\/wp\/v2\/media?parent=185743"}],"wp:term":[{"taxonomy":"category","embeddable":true,"href":"https:\/\/www.europesays.com\/es\/wp-json\/wp\/v2\/categories?post=185743"},{"taxonomy":"post_tag","embeddable":true,"href":"https:\/\/www.europesays.com\/es\/wp-json\/wp\/v2\/tags?post=185743"}],"curies":[{"name":"wp","href":"https:\/\/api.w.org\/{rel}","templated":true}]}}