{"id":185749,"date":"2025-10-18T20:39:08","date_gmt":"2025-10-18T20:39:08","guid":{"rendered":"https:\/\/www.europesays.com\/es\/185749\/"},"modified":"2025-10-18T20:39:08","modified_gmt":"2025-10-18T20:39:08","slug":"trasladado-un-ciclista-de-23-anos-en-igantzi-tras-sufrir-un-accidente","status":"publish","type":"post","link":"https:\/\/www.europesays.com\/es\/185749\/","title":{"rendered":"Trasladado un ciclista de 23 a\u00f1os en Igantzi tras sufrir un accidente"},"content":{"rendered":"<p class=\"paragraph\">Un <b>ciclista de 23 a\u00f1os<\/b> ha resultado herido este s\u00e1bado a mediod\u00eda tras sufrir un accidente deportivo en <b>Igantzi<\/b>.<\/p>\n<p class=\"paragraph\">El suceso ha ocurrido sobre las <b>14.53 horas<\/b> y hasta el lugar se han desplazado una ambulancia de soporte vital b\u00e1sico, una de soporte vital avanzado de <b>Osakidetza<\/b>, el equipo m\u00e9dico de la zona y agentes de la <b>Polic\u00eda Foral<\/b>.<\/p>\n<p class=\"paragraph\">El joven ha sido trasladado con <b>politraumatismos <\/b>de car\u00e1cter reservado al <b>hospital Donostia de San Sebasti\u00e1n.<\/b><\/p>\n","protected":false},"excerpt":{"rendered":"Un ciclista de 23 a\u00f1os ha resultado herido este s\u00e1bado a mediod\u00eda tras sufrir un accidente deportivo en&hellip;\n","protected":false},"author":2,"featured_media":185750,"comment_status":"","ping_status":"","sticky":false,"template":"","format":"standard","meta":{"footnotes":""},"categories":[273],"tags":[15093,988,313,1757,312,168,25,24,52332,23,167,20234],"class_list":{"0":"post-185749","1":"post","2":"type-post","3":"status-publish","4":"format-standard","5":"has-post-thumbnail","7":"category-ciclismo","8":"tag-15093","9":"tag-anos","10":"tag-ciclismo","11":"tag-ciclista","12":"tag-cycling","13":"tag-deportes","14":"tag-es","15":"tag-espana","16":"tag-igantzi","17":"tag-spain","18":"tag-sports","19":"tag-trasladado"},"share_on_mastodon":{"url":"","error":""},"_links":{"self":[{"href":"https:\/\/www.europesays.com\/es\/wp-json\/wp\/v2\/posts\/185749","targetHints":{"allow":["GET"]}}],"collection":[{"href":"https:\/\/www.europesays.com\/es\/wp-json\/wp\/v2\/posts"}],"about":[{"href":"https:\/\/www.europesays.com\/es\/wp-json\/wp\/v2\/types\/post"}],"author":[{"embeddable":true,"href":"https:\/\/www.europesays.com\/es\/wp-json\/wp\/v2\/users\/2"}],"replies":[{"embeddable":true,"href":"https:\/\/www.europesays.com\/es\/wp-json\/wp\/v2\/comments?post=185749"}],"version-history":[{"count":0,"href":"https:\/\/www.europesays.com\/es\/wp-json\/wp\/v2\/posts\/185749\/revisions"}],"wp:featuredmedia":[{"embeddable":true,"href":"https:\/\/www.europesays.com\/es\/wp-json\/wp\/v2\/media\/185750"}],"wp:attachment":[{"href":"https:\/\/www.europesays.com\/es\/wp-json\/wp\/v2\/media?parent=185749"}],"wp:term":[{"taxonomy":"category","embeddable":true,"href":"https:\/\/www.europesays.com\/es\/wp-json\/wp\/v2\/categories?post=185749"},{"taxonomy":"post_tag","embeddable":true,"href":"https:\/\/www.europesays.com\/es\/wp-json\/wp\/v2\/tags?post=185749"}],"curies":[{"name":"wp","href":"https:\/\/api.w.org\/{rel}","templated":true}]}}