{"id":185761,"date":"2025-10-18T20:46:18","date_gmt":"2025-10-18T20:46:18","guid":{"rendered":"https:\/\/www.europesays.com\/es\/185761\/"},"modified":"2025-10-18T20:46:18","modified_gmt":"2025-10-18T20:46:18","slug":"esta-es-la-monumental-duracion-de-los-episodios-de-su-temporada-final","status":"publish","type":"post","link":"https:\/\/www.europesays.com\/es\/185761\/","title":{"rendered":"esta es la monumental duraci\u00f3n de los episodios de su temporada final"},"content":{"rendered":"<p class=\"c-paragraph\"><b\/>Como no pod\u00eda ser de otra forma,<b> <a href=\"https:\/\/www.20minutos.es\/tags\/temas\/stranger-things.html\" title=\"Stranger Things\" rel=\"nofollow noopener\" target=\"_blank\">Stranger Things<\/a> <\/b>quiere despedirse por todo lo alto. Desde su estreno en 2016, la serie de <b>Matt y Ross Duffer <\/b>que exprime todo lo posible la nostalgia de los 80 se ha consolidado como la producci\u00f3n insignia de<b> Netflix<\/b>.\u00a0<\/p>\n<p class=\"c-paragraph\">Desde entonces otros t\u00edtulos le han disputado este rango (tales como <b><a href=\"https:\/\/www.20minutos.es\/cinemania\/series\/bridgerton-cuarta-temporada-estreno-netflix-fechas_6511987_0.html\" title=\"&#039;Los Bridgerton&#039; adelanta su regreso: Netflix pone fecha de estreno oficial a la cuarta temporada\" rel=\"nofollow noopener\" target=\"_blank\">Los Bridgerton,<\/a> <a href=\"https:\/\/www.20minutos.es\/cinemania\/noticias\/juegos-hambre-juego-calamar-analisis-deriva-distopica-distopias_6233591_0.html\" title=\"De &#039;Los juegos del hambre&#039; a &#039;El juego del calamar&#039;: an\u00e1lisis de la deriva dist\u00f3pica de las distop\u00edas\" rel=\"nofollow noopener\" target=\"_blank\">El juego del calamar<\/a> <\/b>o <a href=\"https:\/\/www.20minutos.es\/cinemania\/series\/miercoles-final-explicado-temporada-2-ofelia-addams-tim-burton_6241497_0.html\" title=\"Final explicado de &#039;Mi\u00e9rcoles&#039; temporada 2: lazos familiares, la t\u00eda Ofelia y Tim Burton a la m\u00e1xima potencia\" rel=\"nofollow noopener\" target=\"_blank\"><b>Mi\u00e9rcoles),<\/b><\/a> pero nada le despoja de su relevancia hist\u00f3rica, y por ello de cara a su recta final se ha propuesto que los ocho cap\u00edtulos que la integran se sientan como <b>\u201cocho blockbusters\u201d<\/b>.<\/p>\n<p class=\"c-paragraph\">As\u00ed es como los apodaron los showrunners, poni\u00e9ndole los dientes largos a los fans en cuanto a c\u00f3mo puede concluir las aventuras de la pandilla de Hawkins. Una quinta y \u00faltima temporada donde regresar\u00e1n los rostros acostumbrados (<b>Millie Bobby Brown, Winona Ryder, David Harbour, Joe Keery, Maya Hawke, Noah Schnapp, Finn Wolfhard,<\/b> etc\u00e9tera), y que como se ha ido estilando en los \u00faltimos tiempos ser\u00e1 dividida en entregas.\u00a0<\/p>\n<p class=\"c-paragraph\">Pero no solo en<b> dos Vol\u00famenes<\/b> (como sucedi\u00f3 con la cuarta temporada en 2022), sino<b> en tres<\/b>.\u00a0El Volumen 1 de la temporada 5 de\u00a0Stranger Things\u00a0llegar\u00e1 a Netflix el\u00a0<b><b>26 de noviembre<\/b><\/b>\u00a0con<b><b>\u00a0cinco episodios<\/b><\/b>. El\u00a0<b><b>Volumen 2<\/b><\/b>\u00a0har\u00e1 lo propio el d\u00eda de\u00a0<b><b>Navidad<\/b><\/b>\u00a0con<b><b>\u00a0tres episodios<\/b><\/b>, y finalmente el<b><b>\u00a0Volumen 3<\/b><\/b>\u00a0constar\u00e1 de un \u00fanico episodio final para el d\u00eda de\u00a0<b><b>A\u00f1o Nuevo<\/b><\/b>.<\/p>\n<p class=\"c-paragraph\">Era de esperar que, ante la escala que ha acogido la producci\u00f3n, el metraje de cada uno de estos episodios se disparara, y as\u00ed ha sido m\u00e1s o menos. No es que hablemos de una hora y media por cap\u00edtulo (que es lo que nos tem\u00edamos con lo de los \u201cocho blockbusters\u201d) pero igualmente es una duraci\u00f3n considerable al menos en lo relativo al Volumen 1.<\/p>\n<p class=\"c-paragraph\">A falta de conocer la duraci\u00f3n de los cap\u00edtulos del Volumen 2 y del cap\u00edtulo final, <b>Ross Duffer ha revelado en Instagram la correspondiente a los cuatro cap\u00edtulos del Volumen 1 <\/b>que llega el pr\u00f3ximo <b>26 de noviembre.<\/b><\/p>\n<p class=\"c-paragraph\">El primero, titulado <b>The Crawl<\/b>, durar\u00e1 <b>1 hora y 8 minutos<\/b>. El segundo, <b>The Vanishing of\u2026 <\/b>(seguramente esos puntos suspensivos sean rellenados cuando se estrene el episodio), durar\u00e1<b> 54 minutos<\/b>, siendo el m\u00e1s breve. Luego el tercero, <b>The Turnbow Trap<\/b>, se extender\u00e1 a <b>1 hora y seis minutos<\/b>. Y el cuarto, finalmente, se titular\u00e1<b> <\/b><b>Sorcerer<\/b><b> <\/b>y se extender\u00e1 a 1 hora y 23 minutos. <b>83 minutos<\/b>. Un largometraje, en efecto.<\/p>\n<p class=\"c-paragraph\">Est\u00e1 por ver qu\u00e9 pasa con los cuatro cap\u00edtulos restantes, aunque podemos esperar que las duraciones se disparen.<\/p>\n","protected":false},"excerpt":{"rendered":"Como no pod\u00eda ser de otra forma, Stranger Things quiere despedirse por todo lo alto. Desde su estreno&hellip;\n","protected":false},"author":2,"featured_media":185762,"comment_status":"","ping_status":"","sticky":false,"template":"","format":"standard","meta":{"footnotes":""},"categories":[171],"tags":[2825,146,147,25,24,8677,23,52336,20899,17646,214],"class_list":{"0":"post-185761","1":"post","2":"type-post","3":"status-publish","4":"format-standard","5":"has-post-thumbnail","7":"category-tv","8":"tag-aclara","9":"tag-entertainment","10":"tag-entretenimiento","11":"tag-es","12":"tag-espana","13":"tag-planes","14":"tag-spain","15":"tag-stranger","16":"tag-sus","17":"tag-things","18":"tag-tv"},"share_on_mastodon":{"url":"","error":""},"_links":{"self":[{"href":"https:\/\/www.europesays.com\/es\/wp-json\/wp\/v2\/posts\/185761","targetHints":{"allow":["GET"]}}],"collection":[{"href":"https:\/\/www.europesays.com\/es\/wp-json\/wp\/v2\/posts"}],"about":[{"href":"https:\/\/www.europesays.com\/es\/wp-json\/wp\/v2\/types\/post"}],"author":[{"embeddable":true,"href":"https:\/\/www.europesays.com\/es\/wp-json\/wp\/v2\/users\/2"}],"replies":[{"embeddable":true,"href":"https:\/\/www.europesays.com\/es\/wp-json\/wp\/v2\/comments?post=185761"}],"version-history":[{"count":0,"href":"https:\/\/www.europesays.com\/es\/wp-json\/wp\/v2\/posts\/185761\/revisions"}],"wp:featuredmedia":[{"embeddable":true,"href":"https:\/\/www.europesays.com\/es\/wp-json\/wp\/v2\/media\/185762"}],"wp:attachment":[{"href":"https:\/\/www.europesays.com\/es\/wp-json\/wp\/v2\/media?parent=185761"}],"wp:term":[{"taxonomy":"category","embeddable":true,"href":"https:\/\/www.europesays.com\/es\/wp-json\/wp\/v2\/categories?post=185761"},{"taxonomy":"post_tag","embeddable":true,"href":"https:\/\/www.europesays.com\/es\/wp-json\/wp\/v2\/tags?post=185761"}],"curies":[{"name":"wp","href":"https:\/\/api.w.org\/{rel}","templated":true}]}}