{"id":185811,"date":"2025-10-18T21:18:09","date_gmt":"2025-10-18T21:18:09","guid":{"rendered":"https:\/\/www.europesays.com\/es\/185811\/"},"modified":"2025-10-18T21:18:09","modified_gmt":"2025-10-18T21:18:09","slug":"elite-taxi-convoca-un-paron-total-el-martes-contra-el-acuerdo-de-patrocinio-del-barca-con-uber","status":"publish","type":"post","link":"https:\/\/www.europesays.com\/es\/185811\/","title":{"rendered":"\u00c9lite Taxi convoca un \u00abpar\u00f3n total\u00bb el martes contra el acuerdo de patrocinio del Bar\u00e7a con Uber"},"content":{"rendered":"<p class=\"ft-text\">El acuerdo que se anunciar\u00e1 este mi\u00e9rcoles entre el\u00a0<strong>FC Barcelona<\/strong>\u00a0y\u00a0<strong>Uber<\/strong>, que convertir\u00e1 a la multinacional estadounidense en partner oficial del club azulgrana, ha encendido todas las alarmas en el sector del taxi barcelon\u00e9s. El sindicato\u00a0<strong>\u00c9lite Taxi<\/strong>\u00a0ha convocado un \u00abpar\u00f3n total\u00bb en todo el\u00a0<strong>\u00e1rea metropolitana\u00a0<\/strong>y una movilizaci\u00f3n masiva coincidiendo con el partido de Champions que el Bar\u00e7a disputar\u00e1 el pr\u00f3ximo martes contra el\u00a0<strong>Olympiacos<\/strong>, para protestar contra lo que califican de alianza \u00abcon los delincuentes de Uber\u00bb.<\/p>\n<p class=\"ft-text\">La protesta, que comenzar\u00e1 a las 17:00 horas y alargar\u00e1 hasta las 22:00 horas, prev\u00e9 colapsar los accesos al\u00a0<strong>Estadi Ol\u00edmpic en Montju\u00efc &#8211;<\/strong>donde se celebrar\u00e1 el partido a las 18:45 horas-, pero tambi\u00e9n la zona de las oficinas del club para forzar una reuni\u00f3n con \u00abalguien del club\u00bb, tal y como ha explicado el portavoz de \u00c9lite Taxi, Tito \u00c1lvarez. El colectivo se concentrar\u00e1 en la avenida<strong>\u00a0Maria Cristina\u00a0<\/strong>(Torres Venecianas) y desde all\u00ed partir\u00e1n dos columnas de taxis: una se dirigir\u00e1 hacia las oficinas del club, en\u00a0<strong>Travessera de les Corts,<\/strong>\u00a0y otra avanzar\u00e1 posteriormente hacia el\u00a0<strong>Estadi Ol\u00edmpic<\/strong>, donde se rodear\u00e1 el estadio. Adem\u00e1s, \u00c9lite Taxi ha anunciado\u00a0<strong>piquetes informativos<\/strong>\u00a0en las dos terminales del aeropuerto de El Prat y en la estaci\u00f3n de Sants, para advertir a los usuarios y denunciar p\u00fablicamente el acuerdo del Bar\u00e7a con la plataforma.<\/p>\n<p>\u00c9lite Taxi propuso sin \u00e9xito un acuerdo con el FCB<\/p>\n<p class=\"ft-text\">\u00abUber lleva a\u00f1os actuando fuera de la ley, explotando trabajadores y atacando el transporte p\u00fablico de la ciudad. El taxi de Barcelona dice basta\u201d, se\u00f1ala el comunicado del sindicato. Minutos m\u00e1s tarde, \u00c1lvarez ha a\u00f1adido que el malestar dentro del sindicato es may\u00fasculo porque \u00c9lite Taxi hab\u00eda tratado \u00abpor activa y por pasiva\u00bb de llegar a un acuerdo con el club para\u00a0<strong>descongestionar los accesos\u00a0<\/strong>a Montju\u00efc, sin \u00e9xito. \u00abHemos intentado hacer un acuerdo aunque fuera<strong>\u00a0no escrito,<\/strong>\u00a0para hacer parrillas de taxis para sacar a toda la gente de all\u00ed y que no hubiera cobros abusivos, y siempre nos han dado largas\u00bb, ha revelado el portavoz, que ha lamentado que ahora se haya hecho con Uber solo \u00abpor dinero\u00bb.<\/p>\n<p class=\"ft-text\">Durante el par\u00f3n de cinco horas \u00abno habr\u00e1 ni un taxi\u00bb en todo el \u00e1rea metropolitana de Barcelona, salvo en los hospitales y los servicios de movilidad reducida, ha explicado el responsable del sindicato. Y estas protestas seguir\u00e1n, ha avisado \u00c1lvarez, hasta que el presidente del FC Barcelona,\u00a0<strong>Joan Laporta<\/strong>, \u00abreconsidere\u00bb esta decisi\u00f3n. \u00abLe pedimos, por favor, que reconsidere esta decisi\u00f3n porque va a haber un<strong>\u00a0conflicto social\u00a0<\/strong>y vamos a ir a todos los partidos de Liga y de Champions\u00bb, ha dicho el portavoz, tras reconocer que el Bar\u00e7a es su \u00abclub de toda la vida\u00bb, que lleva incluso tatuado. \u00abEs una verg\u00fcenza que hagan un acuerdo con carteristas\u00bb, ha a\u00f1adido.<\/p>\n<p class=\"ft-text\">El pacto entre el club y Uber se presentar\u00e1 oficialmente el pr\u00f3ximo\u00a0<strong>mi\u00e9rcoles 22 de octubre,<\/strong>\u00a0en un acto en el Spotify Camp Nou. Seg\u00fan la invitaci\u00f3n difundida por el Bar\u00e7a, el acuerdo convertir\u00e1 a Uber en \u00abnuevo Partner Oficial del FC Barcelona\u00bb y contar\u00e1 con la participaci\u00f3n del jugador\u00a0<strong>Pau Cubars\u00ed<\/strong>, el CEO del club, Manel del R\u00edo, y el director general de Uber en Espa\u00f1a y Portugal, Felipe Fern\u00e1ndez Aramburu.<\/p>\n<p class=\"ft-text\">El anuncio llega en un momento especialmente tenso entre el sector del taxi y las plataformas de transporte con conductor (VTC), tras a\u00f1os de enfrentamientos judiciales y protestas en las calles de Barcelona, y\u00a0justo cuando el Parlament\u00a0est\u00e1 a punto de aprobar\u00a0<strong>la nueva ley del Taxi.<\/strong>\u00a0La norma, que busca dotar de un marco estable al sector, prev\u00e9\u00a0<strong>eliminar las VTC urbanas<\/strong>\u00a0en Barcelona y reservar este servicio exclusivamente a los taxis. \u00abNo estamos en contra de las plataformas, estamos en contra de que utilicen coches ilegales para hacerlo\u00bb, ha zanjado \u00c1lvarez.<\/p>\n","protected":false},"excerpt":{"rendered":"El acuerdo que se anunciar\u00e1 este mi\u00e9rcoles entre el\u00a0FC Barcelona\u00a0y\u00a0Uber, que convertir\u00e1 a la multinacional estadounidense en partner&hellip;\n","protected":false},"author":2,"featured_media":185812,"comment_status":"","ping_status":"","sticky":false,"template":"","format":"standard","meta":{"footnotes":""},"categories":[8],"tags":[2296,17,18,14208,1755,25,24,13,14,11,19,20,9,10,15,16,10675,23,52345,12,1627,21,22],"class_list":{"0":"post-185811","1":"post","2":"type-post","3":"status-publish","4":"format-standard","5":"has-post-thumbnail","7":"category-espana","8":"tag-barca","9":"tag-breaking-news","10":"tag-breakingnews","11":"tag-convoca","12":"tag-elite","13":"tag-es","14":"tag-espana","15":"tag-featured-news","16":"tag-featurednews","17":"tag-headlines","18":"tag-latest-news","19":"tag-latestnews","20":"tag-news","21":"tag-noticias","22":"tag-noticias-destacadas","23":"tag-noticiasdestacadas","24":"tag-paron","25":"tag-spain","26":"tag-taxi","27":"tag-titulares","28":"tag-total","29":"tag-ultimas-noticias","30":"tag-ultimasnoticias"},"share_on_mastodon":{"url":"","error":""},"_links":{"self":[{"href":"https:\/\/www.europesays.com\/es\/wp-json\/wp\/v2\/posts\/185811","targetHints":{"allow":["GET"]}}],"collection":[{"href":"https:\/\/www.europesays.com\/es\/wp-json\/wp\/v2\/posts"}],"about":[{"href":"https:\/\/www.europesays.com\/es\/wp-json\/wp\/v2\/types\/post"}],"author":[{"embeddable":true,"href":"https:\/\/www.europesays.com\/es\/wp-json\/wp\/v2\/users\/2"}],"replies":[{"embeddable":true,"href":"https:\/\/www.europesays.com\/es\/wp-json\/wp\/v2\/comments?post=185811"}],"version-history":[{"count":0,"href":"https:\/\/www.europesays.com\/es\/wp-json\/wp\/v2\/posts\/185811\/revisions"}],"wp:featuredmedia":[{"embeddable":true,"href":"https:\/\/www.europesays.com\/es\/wp-json\/wp\/v2\/media\/185812"}],"wp:attachment":[{"href":"https:\/\/www.europesays.com\/es\/wp-json\/wp\/v2\/media?parent=185811"}],"wp:term":[{"taxonomy":"category","embeddable":true,"href":"https:\/\/www.europesays.com\/es\/wp-json\/wp\/v2\/categories?post=185811"},{"taxonomy":"post_tag","embeddable":true,"href":"https:\/\/www.europesays.com\/es\/wp-json\/wp\/v2\/tags?post=185811"}],"curies":[{"name":"wp","href":"https:\/\/api.w.org\/{rel}","templated":true}]}}