{"id":185815,"date":"2025-10-18T21:20:09","date_gmt":"2025-10-18T21:20:09","guid":{"rendered":"https:\/\/www.europesays.com\/es\/185815\/"},"modified":"2025-10-18T21:20:09","modified_gmt":"2025-10-18T21:20:09","slug":"27-el-eivissa-pone-fin-a-la-racha-sin-perder-de-un-combativo-oar","status":"publish","type":"post","link":"https:\/\/www.europesays.com\/es\/185815\/","title":{"rendered":"27 | El Eivissa pone fin a la racha sin perder de un combativo OAR"},"content":{"rendered":"<p class=\"ft-text\">El <strong>Attica 21 Hotels OAR <\/strong>cedi\u00f3 su condici\u00f3n de invicto tras caer (25-27) a manos del <strong>Eivissa <\/strong>en San Francisco Javier. El equipo que dirige Nando Gonz\u00e1lez volvi\u00f3 a protagonizar un ejercicio de fe y esfuerzo en busca de una remontada que, en esta ocasi\u00f3n, se qued\u00f3 en un intento. A pesar de este primer varapalo, se mantiene en la zona alta de la clasificaci\u00f3n.<\/p>\n<p class=\"ft-text\">Seis jornadas sin conocer la victoria son un caso excepcional para un reci\u00e9n ascendido, pero el <strong>OAR <\/strong>dio motivos a su afici\u00f3n para creer que pod\u00eda elevar la racha a siete. Sin embargo, el Eivissa lleg\u00f3 a la pista coru\u00f1esa dispuesto a consagrarse como uno de los equipos punteros de la categor\u00eda. Tom\u00f3 ventaja con el 7-8 en el ecuador del primer acto e hizo sangre en el marcador hasta el descanso (12-16) gracias a la contundencia de Biel Varela, que acab\u00f3 el duelo con once goles en su cuenta particular.<\/p>\n<p class=\"ft-text\">El <strong>OAR <\/strong>no se rindi\u00f3 pese a verse cuatro goles abajo y trat\u00f3 de buscar el empate por todos los medios.<strong> Alberto Rold\u00e1n <\/strong>y <strong>Rub\u00e9n S\u00e1nchez<\/strong> lideraron con cinco tantos cada uno el d\u00eda m\u00e1s coral en anotaci\u00f3n de los coru\u00f1eses. Entre ellos dos y<strong> \u00c1lex Chan<\/strong> apretaron en dos goles el marcador en el tramo final. Sin embargo, Eivissa logr\u00f3 conservar su ventaja y llevarse a su isla la racha oarista.<\/p>\n","protected":false},"excerpt":{"rendered":"El Attica 21 Hotels OAR cedi\u00f3 su condici\u00f3n de invicto tras caer (25-27) a manos del Eivissa en&hellip;\n","protected":false},"author":2,"featured_media":185816,"comment_status":"","ping_status":"","sticky":false,"template":"","format":"standard","meta":{"footnotes":""},"categories":[278],"tags":[4495,1054,376,168,8656,11809,25,24,375,5972,1150,41862,23,167],"class_list":{"0":"post-185815","1":"post","2":"type-post","3":"status-publish","4":"format-standard","5":"has-post-thumbnail","7":"category-balonmano","8":"tag-4495","9":"tag-1054","10":"tag-balonmano","11":"tag-deportes","12":"tag-division-de-honor-plata","13":"tag-eivissa","14":"tag-es","15":"tag-espana","16":"tag-handball","17":"tag-oar-coruna","18":"tag-pone","19":"tag-racha","20":"tag-spain","21":"tag-sports"},"share_on_mastodon":{"url":"","error":""},"_links":{"self":[{"href":"https:\/\/www.europesays.com\/es\/wp-json\/wp\/v2\/posts\/185815","targetHints":{"allow":["GET"]}}],"collection":[{"href":"https:\/\/www.europesays.com\/es\/wp-json\/wp\/v2\/posts"}],"about":[{"href":"https:\/\/www.europesays.com\/es\/wp-json\/wp\/v2\/types\/post"}],"author":[{"embeddable":true,"href":"https:\/\/www.europesays.com\/es\/wp-json\/wp\/v2\/users\/2"}],"replies":[{"embeddable":true,"href":"https:\/\/www.europesays.com\/es\/wp-json\/wp\/v2\/comments?post=185815"}],"version-history":[{"count":0,"href":"https:\/\/www.europesays.com\/es\/wp-json\/wp\/v2\/posts\/185815\/revisions"}],"wp:featuredmedia":[{"embeddable":true,"href":"https:\/\/www.europesays.com\/es\/wp-json\/wp\/v2\/media\/185816"}],"wp:attachment":[{"href":"https:\/\/www.europesays.com\/es\/wp-json\/wp\/v2\/media?parent=185815"}],"wp:term":[{"taxonomy":"category","embeddable":true,"href":"https:\/\/www.europesays.com\/es\/wp-json\/wp\/v2\/categories?post=185815"},{"taxonomy":"post_tag","embeddable":true,"href":"https:\/\/www.europesays.com\/es\/wp-json\/wp\/v2\/tags?post=185815"}],"curies":[{"name":"wp","href":"https:\/\/api.w.org\/{rel}","templated":true}]}}