{"id":185817,"date":"2025-10-18T21:21:10","date_gmt":"2025-10-18T21:21:10","guid":{"rendered":"https:\/\/www.europesays.com\/es\/185817\/"},"modified":"2025-10-18T21:21:10","modified_gmt":"2025-10-18T21:21:10","slug":"roman-torear-es-la-sensacion-mas-grande-que-puedas-sentir-nada-es-parecido","status":"publish","type":"post","link":"https:\/\/www.europesays.com\/es\/185817\/","title":{"rendered":"Rom\u00e1n: \u00abTorear es la sensaci\u00f3n m\u00e1s grande que puedas sentir, nada es parecido\u00bb"},"content":{"rendered":"<p>Es el referente actual del toreo en Valencia. Rom\u00e1n, temporada 2025, catorce corridas de toros en Espa\u00f1a, doce en Am\u00e9rica entre Colombia, Venezuela, M\u00e9xico, Ecuador  &#8230; y Per\u00fa, conforman su \u00faltima temporada; de ellas, tres en Madrid, con dos orejas y una vuelta al ruedo, otra oreja en Sevilla, en la Feria de Abril y dos trofeos en Valencia. Es evidente que el valenciano de Benimaclet ya es un torero hecho y derecho.<\/p>\n<p class=\"v-p\"><strong>\u2013Esta misma Feria de Oto\u00f1o, quitas el boom de Morante y sale triunfador de Las Ventas. Ha sido un \u00e9xito de verdad, oto\u00f1al y bravo.<\/strong><\/p>\n<p class=\"v-p\">\u2013En el primer toro apost\u00e9 mucho y lo cuaj\u00e9 desde el principio, y el segundo fue un toro duro, muy exigente, y esa faena tuvo mucha emoci\u00f3n. Fue imperfecta pero emocionante.<\/p>\n<p class=\"v-p\"><strong>\u2013Todo ello con los victorinos tiene especial m\u00e9rito.<\/strong><\/p>\n<p class=\"v-p\">\u2013Los victorinos son mucho de apostar. O apuestas o est\u00e1s perdido. <\/p>\n<p class=\"v-p\"><strong>\u2013Cuando le preguntas por Madrid, por la trascendencia que tienen los resultados, por el miedo esc\u00e9nico que genera, por los gritos del siete, por el \u00a1colocateee! agrio de los intransigentes, asegura que aun as\u00ed disfruta.<\/strong><\/p>\n<p class=\"v-p\">\u2013Pesa mucho, pero tiene mucha recompensa. Lo que hagas se valora. Te juegas much\u00edsimo, tienes mucha responsabilidad y el toro es muy serio y muy grande pero aun as\u00ed me gusta, al fin y al cabo, tampoco es que en otro lugar de menos entidad est\u00e9s libre de un percance o de un mal trago. Mira lo de Samuel Naval\u00f3n en Algemes\u00ed. Si te tiene que pasar algo te puede pasar en cualquier plaza. Pese a la dificultad, a m\u00ed me gusta Madrid.<\/p>\n<p class=\"v-p\"><strong>\u2013Muchos de tus compa\u00f1eros se achican en aquella puerta de cuadrillas, incluso a toreros de los considerados figura, Madrid les cae a plomo sobre las monteras.<\/strong><\/p>\n<p class=\"v-p\">\u2013Bajo presi\u00f3n yo doy mucho m\u00e1s de m\u00ed. Con la responsabilidad me vengo arriba. Eso es algo que siento y que tengo comprobado. Aunque los triunfos en los toros no son cosa de n\u00fameros algo significan, sobre todo si son buenos. <\/p>\n<p class=\"v-p\"><strong>\u2013El a\u00f1o que acaba ha sido para Rom\u00e1n menos cruento que otros anteriores, pero m\u00e1s fastidioso. Adem\u00e1s de una cornada leve en Venezuela, llegaron las fracturas.<\/strong><\/p>\n<p class=\"v-p\">\u2013Las lesiones de hueso son muy fastidiosas, s\u00ed, y adem\u00e1s no se les da importancia. No tienen repercusi\u00f3n y te tienen parado m\u00e1s tiempo. Yo las cambiar\u00eda por una cornada que no fuese muy grave.<\/p>\n<p class=\"v-p\"><strong>\u2013En lo estrictamente art\u00edstico a Rom\u00e1n se le cuestiona cierta falta de t\u00e9cnica. \u00bfLo compartes?<\/strong><\/p>\n<p class=\"v-p\">\u2013El caso es que voy ganando t\u00e9cnica, cosa que no me acaba de gustar porque para m\u00ed el toreo es pasi\u00f3n y aunque la t\u00e9cnica te va dando seguridad hay que olvidarse de ella. En ocasiones la ingenuidad es muy buena.<\/p>\n<p class=\"v-p\"><strong>\u2013Sigamos. Otras mejoras.<\/strong><\/p>\n<p class=\"v-p\">\u2013Antes no era de dar distancia a los toros y ahora he cogido el gusto y disfruto d\u00e1ndoles espacio, bien es verdad que eso tiene una cosa en contra, que los toros embisten m\u00e1s r\u00e1pido y por consiguiente es m\u00e1s dif\u00edcil reducir las embestidas. Antes dejaba la muleta abajo y muerta, eso me encantaba, pero es verdad que no te lo permiten todos los toros. Con la experiencia voy cogiendo cosas buenas y otras que no lo son tanto, ya sabes, con los a\u00f1os tambi\u00e9n se cogen vicios.<\/p>\n<p class=\"v-p\"><strong>\u2013Hombre, s\u00ed eres consciente.<\/strong><\/p>\n<p class=\"v-p\">\u2013Lo soy y trato de corregirme. Una cosa buena m\u00eda es que cuando salgo a la plaza disfruto. Hay toreros que dicen que no disfrutan, yo s\u00ed, yo disfruto toreando. Cuando estoy a gusto es la sensaci\u00f3n m\u00e1s grande que puedas sentir, no hay nada parecido a torear. En ese trance me sale todo fluido, no me cuesta y eso hace pensar que no paso miedo, pero s\u00ed paso, mucho.<\/p>\n<p class=\"v-p\"><strong>\u2013\u00bfEso del miedo c\u00f3mo se te manifiesta?<\/strong><\/p>\n<p class=\"v-p\">\u2013\u00a1Uf!&#8230; Voy al ba\u00f1o veinte veces antes de torear, no me entra la comida\u2026 se nota, se nota. Cuando se avecina un compromiso importante lo noto, me digo: ya est\u00e1 aqu\u00ed.<\/p>\n<p class=\"v-p\"><strong>\u2013M\u00e1s all\u00e1 de su pelea por abrirse paso o quiz\u00e1 por eso mismo, ha asentado su residencia en Madrid.<\/strong><\/p>\n<p class=\"v-p\">\u2013Vivo en Madrid, pero soy de Valencia, me siento valenciano, eso seguro.<\/p>\n<p class=\"v-p\"><strong>\u2013Tiene novia, Paloma, y asegura haber dejado atr\u00e1s las aventuras de juventud.<\/strong><\/p>\n<p class=\"v-p\">\u2013Te dir\u00e9 que llevo una vida muy sana. No me reconozco -r\u00ede abiertamente, Rom\u00e1n siempre r\u00ede, es la marca de su felicidad-. Me acuesto pronto, me levanto pronto, voy a misa por las ma\u00f1anas. No soy lo que era, no tengo nada que ver con tiempos anteriores, ya te digo, no me reconozco.<\/p>\n<p class=\"v-p\"><strong>\u2013\u00bfVas a misa todos los d\u00edas?<\/strong><\/p>\n<p class=\"v-p\">\u2013Casi todos, s\u00ed. Si puedo, voy.<\/p>\n<p class=\"v-p\"><strong>\u2013\u00bfDe d\u00f3nde te viene ese h\u00e1bito?<\/strong><\/p>\n<p class=\"v-p\">\u2013Hice un retiro y me encant\u00f3, me acerqu\u00e9 mucho a Dios y estoy en paz, estoy bien.<\/p>\n<p class=\"v-p\"><strong>\u2013E insiste en su nuevo r\u00e9gimen de vida.<\/strong><\/p>\n<p class=\"v-p\">\u2013Llevo una vida ordenada. Entreno, hago ejercicio, soy bastante cuadriculado.<\/p>\n<p class=\"v-p\"><strong>\u2013\u00bfPor convicci\u00f3n?<\/strong><\/p>\n<p class=\"v-p\">\u2013Cuando me va bien en la vida es cuando estoy centrado y ordenado, cuando me autodisciplino. Eso no quita para que alg\u00fan d\u00eda me pueda desmandar, pero con cabeza, antes era m\u00e1s alocado.<\/p>\n<p class=\"v-p\"><strong>\u2013\u00bfEres tan feliz como pareces?<\/strong><\/p>\n<p class=\"v-p\">\u2013S\u00ed. Me considero un afortunado de la vida. Vivir mejor que yo es imposible. Otros a lo mejor viven mejor en otro nivel, pero yo vivo como quiero.<\/p>\n","protected":false},"excerpt":{"rendered":"Es el referente actual del toreo en Valencia. Rom\u00e1n, temporada 2025, catorce corridas de toros en Espa\u00f1a, doce&hellip;\n","protected":false},"author":2,"featured_media":185818,"comment_status":"","ping_status":"","sticky":false,"template":"","format":"standard","meta":{"footnotes":""},"categories":[277],"tags":[373,168,25,24,699,5144,25291,4792,14749,15122,23,167,19428,374],"class_list":{"0":"post-185817","1":"post","2":"type-post","3":"status-publish","4":"format-standard","5":"has-post-thumbnail","7":"category-toreo","8":"tag-bullfighting","9":"tag-deportes","10":"tag-es","11":"tag-espana","12":"tag-grande","13":"tag-parecido","14":"tag-puedas","15":"tag-roman","16":"tag-sensacion","17":"tag-sentir","18":"tag-spain","19":"tag-sports","20":"tag-torear","21":"tag-toreo"},"share_on_mastodon":{"url":"","error":""},"_links":{"self":[{"href":"https:\/\/www.europesays.com\/es\/wp-json\/wp\/v2\/posts\/185817","targetHints":{"allow":["GET"]}}],"collection":[{"href":"https:\/\/www.europesays.com\/es\/wp-json\/wp\/v2\/posts"}],"about":[{"href":"https:\/\/www.europesays.com\/es\/wp-json\/wp\/v2\/types\/post"}],"author":[{"embeddable":true,"href":"https:\/\/www.europesays.com\/es\/wp-json\/wp\/v2\/users\/2"}],"replies":[{"embeddable":true,"href":"https:\/\/www.europesays.com\/es\/wp-json\/wp\/v2\/comments?post=185817"}],"version-history":[{"count":0,"href":"https:\/\/www.europesays.com\/es\/wp-json\/wp\/v2\/posts\/185817\/revisions"}],"wp:featuredmedia":[{"embeddable":true,"href":"https:\/\/www.europesays.com\/es\/wp-json\/wp\/v2\/media\/185818"}],"wp:attachment":[{"href":"https:\/\/www.europesays.com\/es\/wp-json\/wp\/v2\/media?parent=185817"}],"wp:term":[{"taxonomy":"category","embeddable":true,"href":"https:\/\/www.europesays.com\/es\/wp-json\/wp\/v2\/categories?post=185817"},{"taxonomy":"post_tag","embeddable":true,"href":"https:\/\/www.europesays.com\/es\/wp-json\/wp\/v2\/tags?post=185817"}],"curies":[{"name":"wp","href":"https:\/\/api.w.org\/{rel}","templated":true}]}}