{"id":185839,"date":"2025-10-18T21:43:09","date_gmt":"2025-10-18T21:43:09","guid":{"rendered":"https:\/\/www.europesays.com\/es\/185839\/"},"modified":"2025-10-18T21:43:09","modified_gmt":"2025-10-18T21:43:09","slug":"24-el-culleredo-se-queda-sin-premio-frente-al-xiria","status":"publish","type":"post","link":"https:\/\/www.europesays.com\/es\/185839\/","title":{"rendered":"24 | El Culleredo se queda sin premio frente al Xiria"},"content":{"rendered":"<p class=\"ft-text\">El Balonm\u00e1n Culleredo perdi\u00f3 (20-24) en el derbi de proximidad ante el Calvo Xiria de Carballo en Tarr\u00edo. El conjunto que entrena Fernando V\u00e1zquez mantuvo el tipo en duelo de m\u00e1xima igualdad que lleg\u00f3 10-10 al descanso y que comenz\u00f3 a romperse en el segundo tiempo a favor de los carballeses. Los cinco goles de Marcos Regueiro fueron insuficientes para evitar la derrota.<\/p>\n<p><a id=\"comments\" name=\"comments\" title=\"\" class=\"ft-anchor ft-anchor--absolute ft-helper-spacer-voffset-xlg\" rel=\"\"><\/a><\/p>\n","protected":false},"excerpt":{"rendered":"El Balonm\u00e1n Culleredo perdi\u00f3 (20-24) en el derbi de proximidad ante el Calvo Xiria de Carballo en Tarr\u00edo.&hellip;\n","protected":false},"author":2,"featured_media":115888,"comment_status":"","ping_status":"","sticky":false,"template":"","format":"standard","meta":{"footnotes":""},"categories":[278],"tags":[4248,9546,376,35504,34437,168,25,24,375,843,3041,23,167],"class_list":{"0":"post-185839","1":"post","2":"type-post","3":"status-publish","4":"format-standard","5":"has-post-thumbnail","7":"category-balonmano","8":"tag-4248","9":"tag-9546","10":"tag-balonmano","11":"tag-club-balonmano-culleredo","12":"tag-culleredo","13":"tag-deportes","14":"tag-es","15":"tag-espana","16":"tag-handball","17":"tag-premio","18":"tag-queda","19":"tag-spain","20":"tag-sports"},"share_on_mastodon":{"url":"","error":""},"_links":{"self":[{"href":"https:\/\/www.europesays.com\/es\/wp-json\/wp\/v2\/posts\/185839","targetHints":{"allow":["GET"]}}],"collection":[{"href":"https:\/\/www.europesays.com\/es\/wp-json\/wp\/v2\/posts"}],"about":[{"href":"https:\/\/www.europesays.com\/es\/wp-json\/wp\/v2\/types\/post"}],"author":[{"embeddable":true,"href":"https:\/\/www.europesays.com\/es\/wp-json\/wp\/v2\/users\/2"}],"replies":[{"embeddable":true,"href":"https:\/\/www.europesays.com\/es\/wp-json\/wp\/v2\/comments?post=185839"}],"version-history":[{"count":0,"href":"https:\/\/www.europesays.com\/es\/wp-json\/wp\/v2\/posts\/185839\/revisions"}],"wp:featuredmedia":[{"embeddable":true,"href":"https:\/\/www.europesays.com\/es\/wp-json\/wp\/v2\/media\/115888"}],"wp:attachment":[{"href":"https:\/\/www.europesays.com\/es\/wp-json\/wp\/v2\/media?parent=185839"}],"wp:term":[{"taxonomy":"category","embeddable":true,"href":"https:\/\/www.europesays.com\/es\/wp-json\/wp\/v2\/categories?post=185839"},{"taxonomy":"post_tag","embeddable":true,"href":"https:\/\/www.europesays.com\/es\/wp-json\/wp\/v2\/tags?post=185839"}],"curies":[{"name":"wp","href":"https:\/\/api.w.org\/{rel}","templated":true}]}}