{"id":185854,"date":"2025-10-18T21:53:12","date_gmt":"2025-10-18T21:53:12","guid":{"rendered":"https:\/\/www.europesays.com\/es\/185854\/"},"modified":"2025-10-18T21:53:12","modified_gmt":"2025-10-18T21:53:12","slug":"la-familia-del-pintor-del-cuadro-de-colon-escandalizada-y-dolida-por-el-ataque","status":"publish","type":"post","link":"https:\/\/www.europesays.com\/es\/185854\/","title":{"rendered":"La familia del pintor del cuadro de Col\u00f3n, \u00abescandalizada\u00bb y \u00abdolida\u00bb por el ataque"},"content":{"rendered":"<p>\u00abUn mazazo\u00bb. As\u00ed definen los descendientes del pintor <strong>Jos\u00e9 Garnelo y Alda<\/strong> el momento en que vieron las im\u00e1genes del ataque al cuadro Primeros homenajes del Nuevo Mundo a Col\u00f3n el pasado domingo. Este 12 de octubre, con motivo del D\u00eda de la Hispanidad, dos activistas de la organizaci\u00f3n Futuro Vegetal vandalizaron el lienzo en que el pintor valenciano inmortaliz\u00f3 la llegada de <a href=\"https:\/\/theobjective.com\/cultura\/2025-10-12\/investigacion-teoria-origen-colon\/\" rel=\"nofollow noopener\" target=\"_blank\">Col\u00f3n<\/a> a Am\u00e9rica. El equipo de restauradores del Museo Naval ya ha hecho una primera limpieza de la pintura, pero creen que <a href=\"https:\/\/theobjective.com\/cultura\/2025-10-16\/cuadro-colon-vandalizado-danos-graves\/\" rel=\"nofollow noopener\" target=\"_blank\">los da\u00f1os al barniz son irreversibles<\/a>.<\/p>\n<p>La familia del artista recibi\u00f3 la noticia con estupor. \u00abEscandalizados y dolidos\u00bb, dice Mar\u00eda Joaquina Alda Garnelo, sobrina nieta del pintor, resumiendo el sentir de los descendientes. Su hija, Silvia Montiel Alda, afirma a <a href=\"https:\/\/theobjective.com\/\" rel=\"nofollow noopener\" target=\"_blank\">THE OBJECTIVE<\/a> que casi lo ve\u00eda venir: \u00abViendo los movimientos que hay de ataque al descubrimiento [de Am\u00e9rica], yo pensaba \u2018cualquier a\u00f1o es bueno para que hagan un destrozo\u2019\u00bb.<\/p>\n<p>A las autoras de ese destrozo, Silvia les recuerda que <strong>\u00abse pueden defender las propias ideas sin necesidad de hacer da\u00f1o a una obra de arte\u00bb<\/strong>, adem\u00e1s de que ellas \u00abno tienen la verdad absoluta sobre algo que ocurri\u00f3 hace 500 a\u00f1os\u00bb. Preguntada por el hecho de que las activistas de Futuro Vegetal ya hayan sido puestas en libertad, la descendiente de Garnelo lo considera \u00abuna barbaridad\u00bb: \u00abYa han tenido su publicidad y su momento de gloria y nada impide que lo vuelvan a hacer. Es muy preocupante que se haya puesto de moda atacar obras de arte. <strong>Hasta que alguien no se lleve una pena fuerte de c\u00e1rcel, van a seguir<\/strong>\u00bb.<\/p>\n<p><img fetchpriority=\"high\" decoding=\"async\" width=\"1024\" height=\"577\" src=\"https:\/\/www.europesays.com\/es\/wp-content\/uploads\/2025\/10\/colon-museo-naval-e1760280065311-1024x577.jpg\" alt=\"\" class=\"wp-image-3769432\"  \/>El estado del lienzo sobre la Hispanidad, tras el ataque de las activistas de Futuro Vegetal. | Gaspar Ruiz-Canela (EFE)<\/p>\n<p>Jos\u00e9 Garnelo: pintor, subdirector del Prado y maestro de Picasso<\/p>\n<p>Garnelo, nacido en Enguera (Valencia) y criado en Montilla (C\u00f3rdoba), fue un pintor polivalente y destacado en su \u00e9poca, con una pincelada de influencias impresionistas, a la manera de Mariano Fortuny o de su contempor\u00e1neo Joaqu\u00edn Sorolla. Su obra recoge motivos hist\u00f3ricos, como el ya mencionado lienzo sobre Col\u00f3n o uno sobre la muerte del poeta hispanorromano <a href=\"https:\/\/theobjective.com\/cultura\/2025-10-18\/lucano-poeta-cordobes-neron\/\" rel=\"nofollow noopener\" target=\"_blank\">Lucano<\/a>; religiosos, como la obra aleg\u00f3rica Manantial de amor o la costumbrista Lourdes, ambas propiedad del Museo del Prado; o retratos, como cuando pint\u00f3 al rey Alfonso XIII en 1906.<\/p>\n<p>Sus lienzos fueron galardonados en varias ocasiones, con dos Segundas Medallas en la Exposici\u00f3n Nacional de Bellas Artes de Madrid (1888 y 1890), la Primera Medalla de esta misma muestra en 1892 y la Medalla de Oro en la Exposici\u00f3n Universal de Chicago de 1893, donde se premi\u00f3 precisamente el cuadro sobre Col\u00f3n que fue vandalizado el pasado domingo. Adem\u00e1s, lleg\u00f3 a ser subdirector del Prado y director de la Academia Espa\u00f1ola de Roma, entre otros reconocimientos.<\/p>\n<p>Tanto Mar\u00eda Joaquina como Silvia viven en M\u00e1laga, patria chica de otro personaje presente en la vida de Garnelo. Hablamos nada menos que de <strong>Pablo Picasso<\/strong>, que coincidi\u00f3 con el artista valenciano en los \u00faltimos a\u00f1os del siglo XIX en la Escuela de Bellas Artes de Barcelona. En aquellos a\u00f1os, el pintor del Guernica fue alumno del \u00abgran Garnelo\u00bb, como \u00e9l mismo le llamaba. Incluso lleg\u00f3 a pintar dos de sus obras precoces \u2013La primera comuni\u00f3n y El monaguillo\u2013 en el taller de su maestro, un espacio que record\u00f3 siempre con mucho cari\u00f1o.<\/p>\n<p>Garnelo homenaje\u00f3 a las rep\u00fablicas hispanoamericanas<\/p>\n<p>En una publicaci\u00f3n en su cuenta de X, Futuro Vegetal justific\u00f3 el ataque al cuadro de Garnelo sobre Col\u00f3n argumentando que se trataba de \u00abpropaganda colonial de la monarqu\u00eda hisp\u00e1nica\u00bb. Sin embargo, la propia obra del pintor valenciano se aleja de una exaltaci\u00f3n patri\u00f3tica de Espa\u00f1a por encima de los pueblos precolombinos.<\/p>\n<p>Un excelente testimonio de ello es precisamente un cuadro que Mar\u00eda Joaquina guarda con celo en su casa. Se trata de Homenaje a las Rep\u00fablicas Americanas y al Genio de la Raza, un lienzo que Garnelo pint\u00f3 en 1934 y donde, junto a la espa\u00f1ola, aparecen representadas todas las banderas de los pa\u00edses que un d\u00eda formaron la Am\u00e9rica hispana. Las ense\u00f1as, adem\u00e1s, est\u00e1n sostenidas por alegor\u00edas que portan gorros frigios, s\u00edmbolo del republicanismo y de la libertad. No parece, desde luego, el discurso de un pintor que pretenda promover una \u00abpropaganda colonial\u00bb.<\/p>\n<p><img loading=\"lazy\" decoding=\"async\" width=\"1024\" height=\"898\" src=\"https:\/\/www.europesays.com\/es\/wp-content\/uploads\/2025\/10\/genio-raza-1024x898.jpg\" alt=\"\" class=\"wp-image-3780042\"  \/>Homenaje a las Rep\u00fablicas Americanas y al Genio de la Raza (1934). | De la colecci\u00f3n particular de Mar\u00eda Joaquina Alda Garnelo (cedida)<\/p>\n<p>\u00abEl arte une, no desune, no se debe buscar la confrontaci\u00f3n ah\u00ed\u00bb, afirma Silvia, que a\u00f1ade que \u00abcomo sociedad perdemos totalmente el norte si no sabemos valorar el arte\u00bb. Por su parte, Mar\u00eda Joaquina se muestra \u00abmuy orgullosa\u00bb de que los Primeros homenajes del Nuevo Mundo a Col\u00f3n, el cuadro de su t\u00edo abuelo, se siga exhibiendo en el Museo Naval: \u00abAll\u00ed lo puede ver todo el mundo, es el mejor reconocimiento que se le puede hacer\u00bb.<\/p>\n","protected":false},"excerpt":{"rendered":"\u00abUn mazazo\u00bb. As\u00ed definen los descendientes del pintor Jos\u00e9 Garnelo y Alda el momento en que vieron las&hellip;\n","protected":false},"author":2,"featured_media":185855,"comment_status":"","ping_status":"","sticky":false,"template":"","format":"standard","meta":{"footnotes":""},"categories":[173],"tags":[27843,52352,229,7542,233,231,230,51653,232,234,146,147,25,24,26839,52353,475,23],"class_list":{"0":"post-185854","1":"post","2":"type-post","3":"status-publish","4":"format-standard","5":"has-post-thumbnail","7":"category-arte-y-diseno","8":"tag-activistas","9":"tag-actos-vandu00e1licos","10":"tag-arte","11":"tag-arte-y-cultura","12":"tag-arte-y-diseno","13":"tag-arts","14":"tag-arts-and-design","15":"tag-cristu00f3bal-colu00f3n","16":"tag-design","17":"tag-diseno","18":"tag-entertainment","19":"tag-entretenimiento","20":"tag-es","21":"tag-espana","22":"tag-hispanidad","23":"tag-museo-naval","24":"tag-pintor","25":"tag-spain"},"share_on_mastodon":{"url":"","error":""},"_links":{"self":[{"href":"https:\/\/www.europesays.com\/es\/wp-json\/wp\/v2\/posts\/185854","targetHints":{"allow":["GET"]}}],"collection":[{"href":"https:\/\/www.europesays.com\/es\/wp-json\/wp\/v2\/posts"}],"about":[{"href":"https:\/\/www.europesays.com\/es\/wp-json\/wp\/v2\/types\/post"}],"author":[{"embeddable":true,"href":"https:\/\/www.europesays.com\/es\/wp-json\/wp\/v2\/users\/2"}],"replies":[{"embeddable":true,"href":"https:\/\/www.europesays.com\/es\/wp-json\/wp\/v2\/comments?post=185854"}],"version-history":[{"count":0,"href":"https:\/\/www.europesays.com\/es\/wp-json\/wp\/v2\/posts\/185854\/revisions"}],"wp:featuredmedia":[{"embeddable":true,"href":"https:\/\/www.europesays.com\/es\/wp-json\/wp\/v2\/media\/185855"}],"wp:attachment":[{"href":"https:\/\/www.europesays.com\/es\/wp-json\/wp\/v2\/media?parent=185854"}],"wp:term":[{"taxonomy":"category","embeddable":true,"href":"https:\/\/www.europesays.com\/es\/wp-json\/wp\/v2\/categories?post=185854"},{"taxonomy":"post_tag","embeddable":true,"href":"https:\/\/www.europesays.com\/es\/wp-json\/wp\/v2\/tags?post=185854"}],"curies":[{"name":"wp","href":"https:\/\/api.w.org\/{rel}","templated":true}]}}