{"id":185856,"date":"2025-10-18T21:54:09","date_gmt":"2025-10-18T21:54:09","guid":{"rendered":"https:\/\/www.europesays.com\/es\/185856\/"},"modified":"2025-10-18T21:54:09","modified_gmt":"2025-10-18T21:54:09","slug":"julian-del-olmo-presenta-el-tercero-de-los-libros-de-su-trilogia-salmica-nuevaalcarria","status":"publish","type":"post","link":"https:\/\/www.europesays.com\/es\/185856\/","title":{"rendered":"Juli\u00e1n del Olmo presenta el tercero de los libros de su trilog\u00eda &#8216;s\u00e1lmica&#8217; | NuevaAlcarria"},"content":{"rendered":"<p>Juli\u00e1n del Olmo, sacerdote, periodista, poeta alcarre\u00f1o, nacido en Yela, y colaborador de <strong>Nueva Alcarria, <\/strong>present\u00f3, el 10 de octubre, en Madrid, su nuevo libro titulado M\u00e1s que palabras. Salmos para tiempos inciertos.<\/p>\n<p style=\"text-align: justify;\">Este nuevo libro es el tercero de la trilog\u00eda \u201cs\u00e1lmica\u201d del autor, formada por \u201cEl grito de la Esperanza. Salmos del alma herida\u201d, \u201cLa herida infinita. Salmos de vida y esperanza\u201d y \u201cMas que palabras. Salmos para tiempos inciertos\u201d.\u00a0<\/p>\n<p style=\"text-align: justify;\">La trilog\u00eda recoge m\u00e1s de 300 salmos que Juli\u00e1n del Olmo escribe y env\u00eda semanalmente por WhatsApp y correo electr\u00f3nico desde el comienzo de la pandemia del Covid19 a otros tantos salmodiadores. La presentaci\u00f3n del nuevo libro estuvo anunciada para el nueve de junio de este a\u00f1o, pero una pertinaz neumon\u00eda, con complicaciones cardiacas, con ingreso hospitalario del autor, oblig\u00f3 a posponerla.\u00a0<\/p>\n<p style=\"text-align: justify;\">\u00a0 La presentaci\u00f3n, como la de los dos libros anteriores, fue en la parroquia de San P\u00edo X, en la que Juli\u00e1n del Olmo colabora en la atenci\u00f3n pastoral a \u201cpersonas mayores\u201d.\u00a0<\/p>\n<p style=\"text-align: justify;\">\u00a0 El acto de presentaci\u00f3n, al que asistieron cerca de 200 personas, cont\u00f3 con la participaci\u00f3n de personas ligadas a la provincia de Guadalajara: el dueto formado por Jos\u00e9 Villaverde Herraiz e In\u00e9s Oliver, originarios de Huertapelayo y residentes en Madrid, que interpretaron tres piezas musicales, con tromba y piano, y Pedro Vacas, rapsoda de la sierra del Alto Rey, natural de Bustares, que recit\u00f3 dos salmos del nuevo libro. El cardi\u00f3logo Dr. Manuel de los Reyes desvel\u00f3 el contenido del libro y Virginia L\u00f3pez y Francisco Rodr\u00edguez testimoniaron lo que significa para ellos la lectura y la meditaci\u00f3n de los salmos de Juli\u00e1n.\u00a0<\/p>\n<p style=\"text-align: justify;\">Al final de acto, el autor firm\u00f3 m\u00e1s de 200 ejemplares de su nuevo libro, mientras el p\u00fablico degustaba las riqu\u00edsimas rosquillas de la Alcarria acompa\u00f1adas con un chupito de \u201cvino de misa\u201d.\u00a0 Un equipo de voluntarias de la parroquia de San P\u00edo X se encarg\u00f3 de la organizaci\u00f3n del acto y de la atenci\u00f3n al p\u00fablico. Como en ocasiones anteriores, la presentaci\u00f3n del nuevo libro de Juli\u00e1n se convirti\u00f3 en la \u201cfiesta del libro\u201d.\u00a0 \u00a0<\/p>\n","protected":false},"excerpt":{"rendered":"Juli\u00e1n del Olmo, sacerdote, periodista, poeta alcarre\u00f1o, nacido en Yela, y colaborador de Nueva Alcarria, present\u00f3, el 10&hellip;\n","protected":false},"author":2,"featured_media":185857,"comment_status":"","ping_status":"","sticky":false,"template":"","format":"standard","meta":{"footnotes":""},"categories":[172],"tags":[442,224,146,147,25,24,439,441,52354,225,443,440,23],"class_list":{"0":"post-185856","1":"post","2":"type-post","3":"status-publish","4":"format-standard","5":"has-post-thumbnail","7":"category-libros","8":"tag-actualidad-guadalajara","9":"tag-books","10":"tag-entertainment","11":"tag-entretenimiento","12":"tag-es","13":"tag-espana","14":"tag-guadalajara","15":"tag-informacion-guadalajara","16":"tag-julian-del-olmo-garcia","17":"tag-libros","18":"tag-noticias-guadalajara","19":"tag-nueva-alcarria","20":"tag-spain"},"share_on_mastodon":{"url":"","error":""},"_links":{"self":[{"href":"https:\/\/www.europesays.com\/es\/wp-json\/wp\/v2\/posts\/185856","targetHints":{"allow":["GET"]}}],"collection":[{"href":"https:\/\/www.europesays.com\/es\/wp-json\/wp\/v2\/posts"}],"about":[{"href":"https:\/\/www.europesays.com\/es\/wp-json\/wp\/v2\/types\/post"}],"author":[{"embeddable":true,"href":"https:\/\/www.europesays.com\/es\/wp-json\/wp\/v2\/users\/2"}],"replies":[{"embeddable":true,"href":"https:\/\/www.europesays.com\/es\/wp-json\/wp\/v2\/comments?post=185856"}],"version-history":[{"count":0,"href":"https:\/\/www.europesays.com\/es\/wp-json\/wp\/v2\/posts\/185856\/revisions"}],"wp:featuredmedia":[{"embeddable":true,"href":"https:\/\/www.europesays.com\/es\/wp-json\/wp\/v2\/media\/185857"}],"wp:attachment":[{"href":"https:\/\/www.europesays.com\/es\/wp-json\/wp\/v2\/media?parent=185856"}],"wp:term":[{"taxonomy":"category","embeddable":true,"href":"https:\/\/www.europesays.com\/es\/wp-json\/wp\/v2\/categories?post=185856"},{"taxonomy":"post_tag","embeddable":true,"href":"https:\/\/www.europesays.com\/es\/wp-json\/wp\/v2\/tags?post=185856"}],"curies":[{"name":"wp","href":"https:\/\/api.w.org\/{rel}","templated":true}]}}