{"id":185860,"date":"2025-10-18T21:56:08","date_gmt":"2025-10-18T21:56:08","guid":{"rendered":"https:\/\/www.europesays.com\/es\/185860\/"},"modified":"2025-10-18T21:56:08","modified_gmt":"2025-10-18T21:56:08","slug":"escucha-el-disco-de-sabaton-horarios-para-los-conciertos-de-the-darkness-proximo-disco-de-gaerea","status":"publish","type":"post","link":"https:\/\/www.europesays.com\/es\/185860\/","title":{"rendered":"Escucha el disco de SABATON. Horarios para los conciertos de THE DARKNESS. Pr\u00f3ximo disco de GAEREA."},"content":{"rendered":"<p>\u00a0<\/p>\n<p style=\"text-align: center;\"><strong><a href=\"#SABATON2\">Escucha el disco de SABATON<\/a> \u2013 <a href=\"#DARKNESS\">Horarios para los conciertos de THE DARKNESS<\/a> \u2013 <a href=\"#GAEREA\">Pr\u00f3ximo disco de GAEREA<\/a>.<\/strong><\/p>\n<p>A continuaci\u00f3n pod\u00e9is escuchar \u00edntegro el nuevo disco de <a href=\"https:\/\/www.sabaton.net\/\" target=\"_blank\" rel=\"noopener nofollow\"><strong>SABATON<\/strong><\/a> \u201cLegends\u201d, que sale hoy 17 de octubre a trav\u00e9s de Better Noise Music.<\/p>\n<p>Todos los detalles en esta <a href=\"https:\/\/www.rafabasa.com\/2025\/07\/27\/sabaton-enuff-z-nuff-beyond-the-black\/#SABATON\" rel=\"nofollow noopener\" target=\"_blank\">noticia<\/a> y su \u00faltimo single en <a href=\"https:\/\/www.rafabasa.com\/2025\/09\/12\/sabaton-death-dealer-ciudad-olvido\/#SABATON\" rel=\"nofollow noopener\" target=\"_blank\">esta<\/a>.<\/p>\n<p>Nuestra nueva entrevista con el bajista <strong>P\u00e4r Sundstr\u00f6m <\/strong>en este <a href=\"https:\/\/www.rafabasa.com\/2025\/10\/08\/sabaton-entrevista-con-par-sundstrom-sobre-legends-y-mas\/\" rel=\"nofollow noopener\" target=\"_blank\">enlace<\/a> y nuestra cr\u00edtica del disco en <a href=\"https:\/\/www.rafabasa.com\/2025\/10\/16\/critica-del-cd-de-sabaton-legends\/\" rel=\"nofollow noopener\" target=\"_blank\">este<\/a>.<\/p>\n<p style=\"text-align: center;\"><a href=\"https:\/\/www.youtube.com\/playlist?list=PLA_zjX3swAf7HU2UTseAFBKlT2rxzYlGM\" target=\"_blank\" rel=\"noopener nofollow\">https:\/\/www.youtube.com\/playlist?list=PLA_zjX3swAf7HU2UTseAFBKlT2rxzYlGM<\/a><\/p>\n<p>\u00a0<\/p>\n<p>A continuaci\u00f3n ten\u00e9is los horarios de los pr\u00f3ximos conciertos de <a href=\"http:\/\/www.thedarknesslive.com\/\" target=\"_blank\" rel=\"noopener nofollow\"><strong>THE DARKNESS<\/strong><\/a> en nuestro pa\u00eds:<\/p>\n<p>D\u00eda 21 de octubre \u2013 Sala Apolo \u2013 BARCELONA<\/p>\n<ul>\n<li>Apertura de puertas 18:30 hrs.<\/li>\n<li>DEA MATRONA 19:15 hrs.<\/li>\n<li>THE DARKNESS 20:15 hrs.<\/li>\n<\/ul>\n<p>D\u00eda 22 de octubre \u2013 Sala La Riviera \u2013 MADRID<\/p>\n<ul>\n<li>Apertura de puertas 19:00 hrs.<\/li>\n<li>DEA MATRONA 20:00 hrs.<\/li>\n<li>THE DARKNESS 21:00 hrs.<\/li>\n<\/ul>\n<p>D\u00eda 26 de octubre \u2013 Sala Santana 27 \u2013 BILBAO<\/p>\n<ul>\n<li>Apertura de puertas 19:00 hrs.<\/li>\n<li>DEA MATRONA 20:00 hrs.<\/li>\n<li>THE DARKNESS 21:00 hrs.<\/li>\n<\/ul>\n<p>* Horarios aproximados y sujetos a modificaci\u00f3n.<\/p>\n<p><a href=\"http:\/\/www.thedarknesslive.com\/\" target=\"_blank\" rel=\"noopener nofollow\"><strong>THE DARKNESS<\/strong><\/a> sacaron el 28 de marzo a trav\u00e9s de Cooking Vinyl un nuevo disco titulado \u201cDreams On Toast\u201d.<\/p>\n<p>Todos los detalles en esta <a href=\"https:\/\/www.rafabasa.com\/2024\/09\/18\/the-darkness-slash-brian-johnson-extreme\/#THE_DARKNESS\" target=\"_blank\" rel=\"noopener nofollow\">noticia<\/a> y los singles aparecidos en <a href=\"https:\/\/www.rafabasa.com\/2025\/04\/07\/slayer-anuncian-nuevo-concierto-video-de-the-darkness-castrillo-metal-fest\/#THE_DARKNESS\" target=\"_blank\" rel=\"noopener nofollow\">esta<\/a>.<\/p>\n<p><img fetchpriority=\"high\" decoding=\"async\" src=\"https:\/\/www.europesays.com\/es\/wp-content\/uploads\/2025\/10\/the_darkness_catel_oct25.jpg\" alt=\"THE DARKNESS \" width=\"500\" height=\"708\"\/><\/p>\n<p>\u00a0<\/p>\n<p><strong>GAEREA<\/strong> editar\u00e1n el 20 de marzo a trav\u00e9s de Century Media un nuevo disco titulado \u201cLoss\u201d.<\/p>\n<p>Estar\u00e1 disponible en vinilo, CD y formato digital.<\/p>\n<p>Un single anterior en este <a href=\"https:\/\/www.rafabasa.com\/2025\/08\/14\/rage-mike-tramp-gaerea\/#GAEREA\" rel=\"nofollow noopener\" target=\"_blank\">bloque<\/a>.<\/p>\n<p>A continuaci\u00f3n ten\u00e9is un v\u00eddeo para el tema \u201cHellbound\u201d.<\/p>\n<p>Su \u00faltimo trabajo \u201cComa\u201d apareci\u00f3 en octubre de 2023 a trav\u00e9s de Season Of Mist.<\/p>\n<p>Los singles aparecidos en esta <a href=\"https:\/\/www.rafabasa.com\/2024\/11\/13\/epica-mandragora-negra-gaerea\/#GAEREA\" target=\"_blank\" rel=\"noopener nofollow\">noticia<\/a>.<\/p>\n<p align=\"center\"><strong>Sigue el\u00a0<a href=\"https:\/\/whatsapp.com\/channel\/0029VaCprxVBA1f555USvT2O\" target=\"_blank\" rel=\"nofollow noopener\">Canal de RAFABASA.COM en WhatsApp<\/a>, donde encontrar\u00e1s todas nuestras novedades al instante<\/strong><\/p>\n<p>\u00a0<\/p>\n<p>\u00a0<\/p>\n<p>\u00a0<\/p>\n","protected":false},"excerpt":{"rendered":"\u00a0 Escucha el disco de SABATON \u2013 Horarios para los conciertos de THE DARKNESS \u2013 Pr\u00f3ximo disco de&hellip;\n","protected":false},"author":2,"featured_media":185861,"comment_status":"","ping_status":"","sticky":false,"template":"","format":"standard","meta":{"footnotes":""},"categories":[170],"tags":[146,147,25,24,52355,184,185,32019,23,52356],"class_list":{"0":"post-185860","1":"post","2":"type-post","3":"status-publish","4":"format-standard","5":"has-post-thumbnail","7":"category-musica","8":"tag-entertainment","9":"tag-entretenimiento","10":"tag-es","11":"tag-espana","12":"tag-gaerea","13":"tag-music","14":"tag-musica","15":"tag-sabaton","16":"tag-spain","17":"tag-the-darkness"},"share_on_mastodon":{"url":"","error":""},"_links":{"self":[{"href":"https:\/\/www.europesays.com\/es\/wp-json\/wp\/v2\/posts\/185860","targetHints":{"allow":["GET"]}}],"collection":[{"href":"https:\/\/www.europesays.com\/es\/wp-json\/wp\/v2\/posts"}],"about":[{"href":"https:\/\/www.europesays.com\/es\/wp-json\/wp\/v2\/types\/post"}],"author":[{"embeddable":true,"href":"https:\/\/www.europesays.com\/es\/wp-json\/wp\/v2\/users\/2"}],"replies":[{"embeddable":true,"href":"https:\/\/www.europesays.com\/es\/wp-json\/wp\/v2\/comments?post=185860"}],"version-history":[{"count":0,"href":"https:\/\/www.europesays.com\/es\/wp-json\/wp\/v2\/posts\/185860\/revisions"}],"wp:featuredmedia":[{"embeddable":true,"href":"https:\/\/www.europesays.com\/es\/wp-json\/wp\/v2\/media\/185861"}],"wp:attachment":[{"href":"https:\/\/www.europesays.com\/es\/wp-json\/wp\/v2\/media?parent=185860"}],"wp:term":[{"taxonomy":"category","embeddable":true,"href":"https:\/\/www.europesays.com\/es\/wp-json\/wp\/v2\/categories?post=185860"},{"taxonomy":"post_tag","embeddable":true,"href":"https:\/\/www.europesays.com\/es\/wp-json\/wp\/v2\/tags?post=185860"}],"curies":[{"name":"wp","href":"https:\/\/api.w.org\/{rel}","templated":true}]}}