{"id":185870,"date":"2025-10-18T22:06:10","date_gmt":"2025-10-18T22:06:10","guid":{"rendered":"https:\/\/www.europesays.com\/es\/185870\/"},"modified":"2025-10-18T22:06:10","modified_gmt":"2025-10-18T22:06:10","slug":"social-se-quedo-con-el-clasico-de-ramallo-deportes-hoy","status":"publish","type":"post","link":"https:\/\/www.europesays.com\/es\/185870\/","title":{"rendered":"Social se qued\u00f3 con el cl\u00e1sico de Ramallo \u2013 Deportes Hoy"},"content":{"rendered":"<p data-start=\"0\" data-end=\"47\"><strong data-start=\"0\" data-end=\"45\">Social se qued\u00f3 con el cl\u00e1sico de Ramallo<\/strong><\/p>\n<p data-start=\"49\" data-end=\"219\">Por la fecha 11 del Torneo Clausura \u201cH\u00e9ctor Storti\u201d, <strong data-start=\"102\" data-end=\"112\">Social<\/strong> festej\u00f3 en casa al imponerse por <strong data-start=\"146\" data-end=\"171\">1 a 0 ante Defensores<\/strong>, en una nueva edici\u00f3n del cl\u00e1sico ramallense.<\/p>\n<p data-start=\"221\" data-end=\"448\">El \u00fanico gol del partido lleg\u00f3 a los <strong data-start=\"258\" data-end=\"291\">29 minutos del segundo tiempo<\/strong>, cuando <strong data-start=\"300\" data-end=\"332\">Rold\u00e1n ejecut\u00f3 un tiro libre<\/strong> que fue desviado de cabeza por <strong data-start=\"364\" data-end=\"384\">Santiago Quiroga<\/strong>, venciendo al arquero granate y desatando el festejo celeste.<\/p>\n<p data-start=\"221\" data-end=\"448\"><img loading=\"lazy\" decoding=\"async\" class=\"aligncenter wp-image-190292 size-medium\" src=\"https:\/\/www.europesays.com\/es\/wp-content\/uploads\/2025\/10\/social-fecha-11-1024x461-1-e1760825022158-300x142.jpg\" alt=\"\" width=\"300\" height=\"142\"  \/><\/p>\n<p data-start=\"450\" data-end=\"630\" data-is-last-node=\"\" data-is-only-node=\"\">Con esta victoria, Social sum\u00f3 tres puntos vitales en su lucha por la clasificaci\u00f3n y le cort\u00f3 el buen momento a Defensores, que llegaba como uno de los protagonistas del certamen.<\/p>\n<p>\u00a0<\/p>\n<p>Imagen Gentileza de Meta FM<\/p>\n","protected":false},"excerpt":{"rendered":"Social se qued\u00f3 con el cl\u00e1sico de Ramallo Por la fecha 11 del Torneo Clausura \u201cH\u00e9ctor Storti\u201d, Social&hellip;\n","protected":false},"author":2,"featured_media":185871,"comment_status":"","ping_status":"","sticky":false,"template":"","format":"standard","meta":{"footnotes":""},"categories":[278],"tags":[376,168,25,24,375,23,167],"class_list":{"0":"post-185870","1":"post","2":"type-post","3":"status-publish","4":"format-standard","5":"has-post-thumbnail","7":"category-balonmano","8":"tag-balonmano","9":"tag-deportes","10":"tag-es","11":"tag-espana","12":"tag-handball","13":"tag-spain","14":"tag-sports"},"share_on_mastodon":{"url":"","error":""},"_links":{"self":[{"href":"https:\/\/www.europesays.com\/es\/wp-json\/wp\/v2\/posts\/185870","targetHints":{"allow":["GET"]}}],"collection":[{"href":"https:\/\/www.europesays.com\/es\/wp-json\/wp\/v2\/posts"}],"about":[{"href":"https:\/\/www.europesays.com\/es\/wp-json\/wp\/v2\/types\/post"}],"author":[{"embeddable":true,"href":"https:\/\/www.europesays.com\/es\/wp-json\/wp\/v2\/users\/2"}],"replies":[{"embeddable":true,"href":"https:\/\/www.europesays.com\/es\/wp-json\/wp\/v2\/comments?post=185870"}],"version-history":[{"count":0,"href":"https:\/\/www.europesays.com\/es\/wp-json\/wp\/v2\/posts\/185870\/revisions"}],"wp:featuredmedia":[{"embeddable":true,"href":"https:\/\/www.europesays.com\/es\/wp-json\/wp\/v2\/media\/185871"}],"wp:attachment":[{"href":"https:\/\/www.europesays.com\/es\/wp-json\/wp\/v2\/media?parent=185870"}],"wp:term":[{"taxonomy":"category","embeddable":true,"href":"https:\/\/www.europesays.com\/es\/wp-json\/wp\/v2\/categories?post=185870"},{"taxonomy":"post_tag","embeddable":true,"href":"https:\/\/www.europesays.com\/es\/wp-json\/wp\/v2\/tags?post=185870"}],"curies":[{"name":"wp","href":"https:\/\/api.w.org\/{rel}","templated":true}]}}