{"id":185897,"date":"2025-10-18T22:24:05","date_gmt":"2025-10-18T22:24:05","guid":{"rendered":"https:\/\/www.europesays.com\/es\/185897\/"},"modified":"2025-10-18T22:24:05","modified_gmt":"2025-10-18T22:24:05","slug":"asi-fue-el-evento-de-lanzamiento-de-leyendas-pokemon-z-a-en-la-nintendo-ny","status":"publish","type":"post","link":"https:\/\/www.europesays.com\/es\/185897\/","title":{"rendered":"As\u00ed fue el evento de lanzamiento de Leyendas Pok\u00e9mon: Z-A en la Nintendo NY"},"content":{"rendered":"<p>\u00a1Un interesante v\u00eddeo <a href=\"https:\/\/www.nintenderos.com\/2024\/03\/leyendas-pokemon-z-a-un-vistazo-al-futuro-o-un-retorno-al-pasado\/\" rel=\"nofollow noopener\" target=\"_blank\">Leyendas Pok\u00e9mon: Z-A<\/a>! El juego ya est\u00e1 disponible\u00a0en Switch y Switch 2 y ahora tenemos m\u00e1s contenidos que se suman a\u00a0<a href=\"https:\/\/www.nintenderos.com\/nintendo-switch-2\/leyendas-pokemon-z-a-confirma-precios-oficiales-en-nintendo-switch-y-nintendo-switch-2\" rel=\"nofollow noopener\" target=\"_blank\">sus precios oficiales<\/a>.<\/p>\n<p>Ya sab\u00e9is que Leyendas Pok\u00e9mon: Z-A\u00a0<a href=\"https:\/\/www.nintenderos.com\/nintendo-switch-2\/nintendo-switch-2-los-zeldas-kirby-y-la-tierra-olvidada-metroid-prime-4-beyond-y-leyendas-pokemon-z-a-tambien-confirman-ediciones-para-la-sucesora\/\" rel=\"nofollow noopener\" target=\"_blank\">ha confirmado edici\u00f3n mejorada<\/a>\u00a0para Nintendo Switch 2. Ahora, tras su\u00a0<a href=\"https:\/\/www.nintenderos.com\/nintendo-switch-2\/leyendas-pokemon-z-a-ya-ha-recibido-su-primera-actualizacion-en-nintendo-switch-y-nintendo-switch-2\/\" rel=\"nofollow noopener\" target=\"_blank\">actualizaci\u00f3n de lanzamiento<\/a>, as\u00ed como el\u00a0<a href=\"https:\/\/www.nintenderos.com\/nintendo-switch-2\/ya-disponible-el-primer-regalo-misterioso-en-leyendas-pokemon-z-a\/\" rel=\"nofollow noopener\" target=\"_blank\">primer Regalo Misterioso<\/a>, os traemos informaci\u00f3n sobre su <strong>evento de lanzamiento en la Nintendo NY<\/strong>:<\/p>\n<p>Otros contenidos en esta categor\u00eda:<\/p>\n<ul>\n<li><a href=\"https:\/\/www.nintenderos.com\/nintendo-switch-2\/leyendas-pokemon-z-a-corona-los-tops-ventas-de-las-eshop-de-nintendo-switch-2-y-nintendo-switch-18-10-25\/\" rel=\"nofollow noopener\" target=\"_blank\">Leyendas Pok\u00e9mon: Z-A corona los tops ventas de las eShop de Nintendo Switch 2 y Nintendo Switch (18\/10\/25)<\/a><\/li>\n<\/ul>\n<p>Recordad tambi\u00e9n que en Nintenderos lo hemos podido analizar al completo y ten\u00e9is\u00a0<a href=\"https:\/\/www.nintenderos.com\/nintendo-switch-2\/analisis-leyendas-pokemon-z-a-nintendo-switch-2\/\" rel=\"nofollow noopener\" target=\"_blank\">nuestra review aqu\u00ed<\/a>.<\/p>\n<p>\u00bfQu\u00e9 opin\u00e1is vosotros sobre todo esto de cara a este t\u00edtulo? Os leemos en los comentarios. Pod\u00e9is dejar abajo vuestra opini\u00f3n sobre el juego y esta informaci\u00f3n.<\/p>\n<p><a class=\"external\" href=\"https:\/\/youtu.be\/3BPaXyuTEwc\" rel=\"nofollow noopener\" target=\"_blank\">Fuente<\/a>.<\/p>\n","protected":false},"excerpt":{"rendered":"\u00a1Un interesante v\u00eddeo Leyendas Pok\u00e9mon: Z-A! El juego ya est\u00e1 disponible\u00a0en Switch y Switch 2 y ahora tenemos&hellip;\n","protected":false},"author":2,"featured_media":185898,"comment_status":"","ping_status":"","sticky":false,"template":"","format":"standard","meta":{"footnotes":""},"categories":[81],"tags":[119,123,124,25,24,2794,934,117,121,122,23,118,120],"class_list":{"0":"post-185897","1":"post","2":"type-post","3":"status-publish","4":"format-standard","5":"has-post-thumbnail","7":"category-ciencia-y-tecnologia","8":"tag-ciencia","9":"tag-ciencia-y-tecnologia","10":"tag-cienciaytecnologia","11":"tag-es","12":"tag-espana","13":"tag-leyendas-pokemon-z-a","14":"tag-pokemon","15":"tag-science","16":"tag-science-and-technology","17":"tag-scienceandtechnology","18":"tag-spain","19":"tag-technology","20":"tag-tecnologia"},"share_on_mastodon":{"url":"","error":""},"_links":{"self":[{"href":"https:\/\/www.europesays.com\/es\/wp-json\/wp\/v2\/posts\/185897","targetHints":{"allow":["GET"]}}],"collection":[{"href":"https:\/\/www.europesays.com\/es\/wp-json\/wp\/v2\/posts"}],"about":[{"href":"https:\/\/www.europesays.com\/es\/wp-json\/wp\/v2\/types\/post"}],"author":[{"embeddable":true,"href":"https:\/\/www.europesays.com\/es\/wp-json\/wp\/v2\/users\/2"}],"replies":[{"embeddable":true,"href":"https:\/\/www.europesays.com\/es\/wp-json\/wp\/v2\/comments?post=185897"}],"version-history":[{"count":0,"href":"https:\/\/www.europesays.com\/es\/wp-json\/wp\/v2\/posts\/185897\/revisions"}],"wp:featuredmedia":[{"embeddable":true,"href":"https:\/\/www.europesays.com\/es\/wp-json\/wp\/v2\/media\/185898"}],"wp:attachment":[{"href":"https:\/\/www.europesays.com\/es\/wp-json\/wp\/v2\/media?parent=185897"}],"wp:term":[{"taxonomy":"category","embeddable":true,"href":"https:\/\/www.europesays.com\/es\/wp-json\/wp\/v2\/categories?post=185897"},{"taxonomy":"post_tag","embeddable":true,"href":"https:\/\/www.europesays.com\/es\/wp-json\/wp\/v2\/tags?post=185897"}],"curies":[{"name":"wp","href":"https:\/\/api.w.org\/{rel}","templated":true}]}}