{"id":185900,"date":"2025-10-18T22:26:09","date_gmt":"2025-10-18T22:26:09","guid":{"rendered":"https:\/\/www.europesays.com\/es\/185900\/"},"modified":"2025-10-18T22:26:09","modified_gmt":"2025-10-18T22:26:09","slug":"dos-ninos-de-10-y-9-anos-violan-e-intentan-asesinar-a-una-nina-de-5","status":"publish","type":"post","link":"https:\/\/www.europesays.com\/es\/185900\/","title":{"rendered":"dos ni\u00f1os de 10 y 9 a\u00f1os violan e intentan asesinar a una ni\u00f1a de 5"},"content":{"rendered":"<p class=\"c-paragraph\">Conmoci\u00f3n en Estados Unidos por el caso de unos ni\u00f1os de 10 y 9 a\u00f1os que <b>secuestraron, torturaron, violaron <\/b>e intentaron asesinar a una ni\u00f1a de 5 en la ciudad de Cleveland, Ohio.<\/p>\n<p class=\"c-paragraph\">Tal y como recoge el <a href=\"https:\/\/www.mirror.co.uk\/news\/us-news\/two-children-10-9-charged-36082668\" rel=\"nofollow noreferrer noopener\" title=\"Two children, 10 and 9, charged with rape and attempted murder as girl, 5, &#039;scalped&#039;\" target=\"_blank\">Mirror<\/a>, fue la madre de la peque\u00f1a la que denunci\u00f3 los hechos, ocurridos el pasado <b>13 de septiembre,<\/b> a la polic\u00eda, despu\u00e9s de que encontrara a su hija gravemente herida.\u00a0<\/p>\n<p class=\"c-paragraph\">La fiscal\u00eda del condado de Cuyahoga revel\u00f3 que los<b> dos menores se enfrentan cargos <\/b>que incluyen intento de asesinato, violaci\u00f3n, agresi\u00f3n con agravantes, secuestro y estrangulamiento.<\/p>\n<p class=\"c-paragraph\">\u00abLa Unidad de Delitos Sexuales y Abuso Infantil de la Divisi\u00f3n Policial de Cleveland investiga activamente un caso que involucra a <b>varios menores de 10 a\u00f1os<\/b>, tanto como v\u00edctimas como sospechosos\u00bb, declar\u00f3 la polic\u00eda.<\/p>\n<p class=\"c-paragraph\">\u00abDada la naturaleza sensible del asunto, la divulgaci\u00f3n de m\u00e1s informaci\u00f3n en este momento <b>podr\u00eda poner en peligro la integridad de la investigaci\u00f3n <\/b>y violar los derechos constitucionales y la privacidad de los involucrados\u00bb, agreg\u00f3 la misma fuente.<\/p>\n<p class=\"c-paragraph\"><b>\u00abNo pod\u00eda asimilar lo que hab\u00eda pasado\u00bb<\/b>, declar\u00f3 la mujer. \u00abMi hija no era mi hija. Le hab\u00edan arrancado el pelo de la cabeza. Ten\u00eda moretones y sangre por todo el cuerpo\u00bb, agreg\u00f3.<\/p>\n<p class=\"c-paragraph\">La madre de la v\u00edctima dice que el ataque dej\u00f3 a su hija con graves da\u00f1os f\u00edsicos, emocionales y mentales. A\u00f1adi\u00f3 que <b>la ni\u00f1a ahora est\u00e1 en terapia.<\/b> \u00abQuiero que vuelva a ser una ni\u00f1a de cinco a\u00f1os normal\u00bb, dijo.<\/p>\n","protected":false},"excerpt":{"rendered":"Conmoci\u00f3n en Estados Unidos por el caso de unos ni\u00f1os de 10 y 9 a\u00f1os que secuestraron, torturaron,&hellip;\n","protected":false},"author":2,"featured_media":185901,"comment_status":"","ping_status":"","sticky":false,"template":"","format":"standard","meta":{"footnotes":""},"categories":[42],"tags":[17,18,12756,1563,4217,13,14,11,61,62,63,64,19,20,9,2932,10,15,16,12,21,22,4218,65,66,67],"class_list":{"0":"post-185900","1":"post","2":"type-post","3":"status-publish","4":"format-standard","5":"has-post-thumbnail","7":"category-internacional","8":"tag-breaking-news","9":"tag-breakingnews","10":"tag-conmocion","11":"tag-dos","12":"tag-estados","13":"tag-featured-news","14":"tag-featurednews","15":"tag-headlines","16":"tag-internacional","17":"tag-international","18":"tag-international-news","19":"tag-internationalnews","20":"tag-latest-news","21":"tag-latestnews","22":"tag-news","23":"tag-ninos","24":"tag-noticias","25":"tag-noticias-destacadas","26":"tag-noticiasdestacadas","27":"tag-titulares","28":"tag-ultimas-noticias","29":"tag-ultimasnoticias","30":"tag-unidos","31":"tag-world","32":"tag-world-news","33":"tag-worldnews"},"share_on_mastodon":{"url":"","error":""},"_links":{"self":[{"href":"https:\/\/www.europesays.com\/es\/wp-json\/wp\/v2\/posts\/185900","targetHints":{"allow":["GET"]}}],"collection":[{"href":"https:\/\/www.europesays.com\/es\/wp-json\/wp\/v2\/posts"}],"about":[{"href":"https:\/\/www.europesays.com\/es\/wp-json\/wp\/v2\/types\/post"}],"author":[{"embeddable":true,"href":"https:\/\/www.europesays.com\/es\/wp-json\/wp\/v2\/users\/2"}],"replies":[{"embeddable":true,"href":"https:\/\/www.europesays.com\/es\/wp-json\/wp\/v2\/comments?post=185900"}],"version-history":[{"count":0,"href":"https:\/\/www.europesays.com\/es\/wp-json\/wp\/v2\/posts\/185900\/revisions"}],"wp:featuredmedia":[{"embeddable":true,"href":"https:\/\/www.europesays.com\/es\/wp-json\/wp\/v2\/media\/185901"}],"wp:attachment":[{"href":"https:\/\/www.europesays.com\/es\/wp-json\/wp\/v2\/media?parent=185900"}],"wp:term":[{"taxonomy":"category","embeddable":true,"href":"https:\/\/www.europesays.com\/es\/wp-json\/wp\/v2\/categories?post=185900"},{"taxonomy":"post_tag","embeddable":true,"href":"https:\/\/www.europesays.com\/es\/wp-json\/wp\/v2\/tags?post=185900"}],"curies":[{"name":"wp","href":"https:\/\/api.w.org\/{rel}","templated":true}]}}