{"id":185907,"date":"2025-10-18T22:30:14","date_gmt":"2025-10-18T22:30:14","guid":{"rendered":"https:\/\/www.europesays.com\/es\/185907\/"},"modified":"2025-10-18T22:30:14","modified_gmt":"2025-10-18T22:30:14","slug":"alba-de-tormes-celebra-un-nuevo-concurso-de-cortes","status":"publish","type":"post","link":"https:\/\/www.europesays.com\/es\/185907\/","title":{"rendered":"Alba de Tormes celebra un nuevo concurso de cortes"},"content":{"rendered":"<p>                                                <img decoding=\"async\" loading=\"eager\" src=\"https:\/\/www.europesays.com\/es\/wp-content\/uploads\/2025\/10\/9519bfc3-4c12-4e21-91e8-77bed20428d9_source-aspect-ratio_1600w_0.jpg\" alt=\"Alba de Tormes celebra un nuevo concurso de cortes\" title=\"Alba de Tormes celebra un nuevo concurso de cortes\" fetchpriority=\"high\" height=\"1064\" width=\"1600\"\/><\/p>\n<p>                Alba de Tormes celebra un nuevo concurso de cortes<\/p>\n<p>                    |<\/p>\n<p>                Juanes<\/p>\n<p class=\"paragraph-atom &#10;        A-500-300-700-N A-550-300-700-N--md  \">El municipio de Alba de Tormes se ha convertido en el escenario de un nuevo evento taurino en la tarde de este s\u00e1bado 18 de octubre su concurso de cortes De la Villa.<\/p>\n<p class=\"paragraph-atom &#10;        A-500-300-700-N A-550-300-700-N--md  \">En \u00e9l ha resultado ganador Javier P\u00e9rez, mientras que el salmantino Pipe ha tenido que ser trasladado al hospital despu\u00e9s de ser prendido en la final.<\/p>\n<p class=\"paragraph-atom &#10;        A-500-300-700-N A-550-300-700-N--md  \">Revive el concurso y su ambiente en esta galer\u00eda de fotos.<\/p>\n<p class=\"title-text-atom   &#10;    &#10;    A-500-700-500-N&#10;    A-600-700-500-N--md&#10;    \">\n    Temas relacionados\n    <\/p>\n","protected":false},"excerpt":{"rendered":"Alba de Tormes celebra un nuevo concurso de cortes | Juanes El municipio de Alba de Tormes se&hellip;\n","protected":false},"author":2,"featured_media":185908,"comment_status":"","ping_status":"","sticky":false,"template":"","format":"standard","meta":{"footnotes":""},"categories":[277],"tags":[9623,373,6951,4023,168,25,24,524,23,167,374,27619],"class_list":{"0":"post-185907","1":"post","2":"type-post","3":"status-publish","4":"format-standard","5":"has-post-thumbnail","7":"category-toreo","8":"tag-alba","9":"tag-bullfighting","10":"tag-celebra","11":"tag-concurso","12":"tag-deportes","13":"tag-es","14":"tag-espana","15":"tag-nuevo","16":"tag-spain","17":"tag-sports","18":"tag-toreo","19":"tag-tormes"},"share_on_mastodon":{"url":"","error":""},"_links":{"self":[{"href":"https:\/\/www.europesays.com\/es\/wp-json\/wp\/v2\/posts\/185907","targetHints":{"allow":["GET"]}}],"collection":[{"href":"https:\/\/www.europesays.com\/es\/wp-json\/wp\/v2\/posts"}],"about":[{"href":"https:\/\/www.europesays.com\/es\/wp-json\/wp\/v2\/types\/post"}],"author":[{"embeddable":true,"href":"https:\/\/www.europesays.com\/es\/wp-json\/wp\/v2\/users\/2"}],"replies":[{"embeddable":true,"href":"https:\/\/www.europesays.com\/es\/wp-json\/wp\/v2\/comments?post=185907"}],"version-history":[{"count":0,"href":"https:\/\/www.europesays.com\/es\/wp-json\/wp\/v2\/posts\/185907\/revisions"}],"wp:featuredmedia":[{"embeddable":true,"href":"https:\/\/www.europesays.com\/es\/wp-json\/wp\/v2\/media\/185908"}],"wp:attachment":[{"href":"https:\/\/www.europesays.com\/es\/wp-json\/wp\/v2\/media?parent=185907"}],"wp:term":[{"taxonomy":"category","embeddable":true,"href":"https:\/\/www.europesays.com\/es\/wp-json\/wp\/v2\/categories?post=185907"},{"taxonomy":"post_tag","embeddable":true,"href":"https:\/\/www.europesays.com\/es\/wp-json\/wp\/v2\/tags?post=185907"}],"curies":[{"name":"wp","href":"https:\/\/api.w.org\/{rel}","templated":true}]}}