{"id":185909,"date":"2025-10-18T22:33:10","date_gmt":"2025-10-18T22:33:10","guid":{"rendered":"https:\/\/www.europesays.com\/es\/185909\/"},"modified":"2025-10-18T22:33:10","modified_gmt":"2025-10-18T22:33:10","slug":"la-recuperacion-de-tobillo-el-golf-con-jon-rahm-y-sus-dias-en-madrid-asi-disfruto-alcaraz-de-sus-dias-de-descanso-antes-del-six-kings-slam","status":"publish","type":"post","link":"https:\/\/www.europesays.com\/es\/185909\/","title":{"rendered":"La recuperaci\u00f3n de tobillo, el golf con Jon Rahm y sus d\u00edas en Madrid: as\u00ed disfrut\u00f3 Alcaraz de sus d\u00edas de descanso antes del \u2018Six Kings Slam\u2019"},"content":{"rendered":"<p><img alt=\"El tenista espa\u00f1ol Carlos Alcaraz\" class=\"global-image\" decoding=\"async\" fetchpriority=\"high\" height=\"1402\" loading=\"eager\" src=\"https:\/\/www.europesays.com\/es\/wp-content\/uploads\/2025\/10\/FFDASRV7OBBYZCOC5OCKXDJHP4.JPG\" width=\"2493\"\/>El tenista espa\u00f1ol Carlos Alcaraz (REUTERS\/Manami Yamada)<\/p>\n<p class=\"paragraph\">El pasado 25 de septiembre,<a rel=\"noopener noreferrer nofollow\" href=\"https:\/\/www.infobae.com\/espana\/deportes\/2025\/09\/10\/una-leyenda-del-tenis-se-rinde-ante-alcaraz-es-tan-joven-todavia-que-eso-es-lo-que-da-miedo\/\" target=\"_self\" title=\"https:\/\/www.infobae.com\/espana\/deportes\/2025\/09\/10\/una-leyenda-del-tenis-se-rinde-ante-alcaraz-es-tan-joven-todavia-que-eso-es-lo-que-da-miedo\/\"> el tenista espa\u00f1ol<\/a> hizo saltar todas las alarmas al irse al suelo durante el partido en Tokio ante Sebasti\u00e1n B\u00e1ez. Con alguna molestia, fue capaz de reponerse y conquistar el duelo. Tan solo cinco d\u00edas despu\u00e9s levantar\u00eda el t\u00edtulo tras superar a Taylor Fritz. Sin embargo, el tobillo no estaba recuperado del todo y decidi\u00f3 cancelar su participaci\u00f3n en el <b>Masters 1000 de Shangh\u00e1i<\/b>. Desde entonces, antes de volver a las pistas para el Six Kings Slam, en el que ha llegado a la final, que disputar\u00e1 con Jannik Sinner, Carlitos dedic\u00f3 su tiempo a recuperarse y sobre todo a practicar otro de sus deportes favoritos: <b>el golf<\/b>.<\/p>\n<p class=\"paragraph\">La lesi\u00f3n se produjo frente al argentino <b>Sebasti\u00e1n B\u00e1ez<\/b> durante el debut en la pista dura japonesa, lo que llev\u00f3 a su entorno a evaluar todos los detalles m\u00e9dicos para poder garantizar su presencia en los siguientes partidos. La atenci\u00f3n se centr\u00f3 en el fisioterapeuta personal del jugador, <b>Juanjo Moreno<\/b>, quien aceler\u00f3 el tratamiento para que el n\u00famero uno mundial no interrumpiera su actividad profesional. \u201cTengo al mejor fisio del mundo\u201d, afirm\u00f3 <a rel=\"noopener noreferrer nofollow\" href=\"https:\/\/www.infobae.com\/espana\/deportes\/2025\/09\/07\/carlos-alcaraz-conquista-su-segundo-us-open-de-nueva-york-frente-a-la-resistencia-de-sinner-su-sexto-trofeo-de-grand-slam\/\" target=\"_self\" title=\"https:\/\/www.infobae.com\/espana\/deportes\/2025\/09\/07\/carlos-alcaraz-conquista-su-segundo-us-open-de-nueva-york-frente-a-la-resistencia-de-sinner-su-sexto-trofeo-de-grand-slam\/\">Alcaraz <\/a>al concluir su siguiente encuentro, destacando la labor de Moreno tras permitirle salir a competir nuevamente en el <b>Ariake Coliseum<\/b> solo dos d\u00edas despu\u00e9s de la lesi\u00f3n.<\/p>\n<p class=\"paragraph\">La estrategia m\u00e9dica incluy\u00f3 la utilizaci\u00f3n del <a rel=\"noopener noreferrer nofollow\" href=\"https:\/\/www.infobae.com\/espana\/2025\/10\/07\/magnetic-tape-el-vendaje-que-utilizo-alcaraz-en-tokio-y-ayudo-a-su-victoria\/\" target=\"_self\" title=\"https:\/\/www.infobae.com\/espana\/2025\/10\/07\/magnetic-tape-el-vendaje-que-utilizo-alcaraz-en-tokio-y-ayudo-a-su-victoria\/\">Magnetic Tape<\/a>, una cinta adhesiva el\u00e1stica capaz de soportar una elongaci\u00f3n considerable y que incorpora peque\u00f1as part\u00edculas magn\u00e9ticas. El funcionamiento de esta venda ha sido motivo de an\u00e1lisis por parte de los medios, que detallaron que no tiene el comportamiento t\u00edpico de un im\u00e1n, pero s\u00ed contribuye a <b>una mejor recuperaci\u00f3n muscular<\/b>. El propio jugador ya hab\u00eda empleado este tipo de soporte f\u00edsico durante la pasada edici\u00f3n de <b>Roland Garros<\/b>, sin que ello interfiriera en su rendimiento. Tras el torneo, Carlitos decidi\u00f3 tomar una dif\u00edcil decisi\u00f3n: renunciar al Masters 1000 de Shanghai. \u201cTras hablarlo con mi equipo, creemos que la mejor decisi\u00f3n es descansar y recuperar\u201d, detall\u00f3 el espa\u00f1ol. <\/p>\n<p><img alt=\"El tenista espa\u00f1ol Carlos Alcaraz\" class=\"global-image\" decoding=\"async\" fetchpriority=\"low\" height=\"2278\" loading=\"lazy\" src=\"https:\/\/www.europesays.com\/es\/wp-content\/uploads\/2025\/10\/NYIHP6TT6BFVROWOZ25YPQTRS4.JPG\" width=\"3444\"\/>El tenista espa\u00f1ol Carlos Alcaraz (REUTERS\/Issei Kato)<\/p>\n<p class=\"paragraph\">A continuaci\u00f3n, el de Murcia ha dedicado su tiempo a la recuperaci\u00f3n de su tobillo, aunque no ha sido lo \u00fanico que ha hecho. Alcaraz decidi\u00f3 volver a Espa\u00f1a, en concreto a Madrid<b>,<\/b> para desconectar del entorno competitivo del circuito internacional de tenis y dedicarse a disfrutar del golf. Su presencia en el <b>Pro-Am<\/b> del <b>Open de Espa\u00f1a<\/b>, celebrado en el Club de Campo Villa de Madrid, llam\u00f3 inmediatamente la atenci\u00f3n de la prensa especializada y los asistentes al torneo. Durante la jornada previa al inicio de la competencia oficial de golf, comparti\u00f3 partido con figuras de renombre como <b>Jon Rahm<\/b> \u2014triple ganador del evento y una de las mayores referencias del golf espa\u00f1ol\u2014, el extenista y actual director del Mutua Madrid Open, Feliciano L\u00f3pez, y Borja P\u00e1cido Vera, amigo cercano del tenista; y con Sergio Reguil\u00f3n, entre otros.<\/p>\n<p class=\"paragraph\">La interacci\u00f3n entre <b>Alcaraz<\/b> y <b>Rahm<\/b> en el recorrido madrile\u00f1o fue uno de los puntos m\u00e1s destacados del evento. \u201c<b>Estaba muy tenso<\/b>\u201d, confes\u00f3 el tenista al llegar al primer tee, aunque la tensi\u00f3n inicial pronto se disip\u00f3 y permiti\u00f3 al murciano mostrar un juego cada vez m\u00e1s tecnificado. Desde el sexto hoyo, el nivel de su golf aument\u00f3 de forma visible. Un golpe de hierro seis realizado desde 170 metros acerc\u00f3 la bola al bander\u00edn y provoc\u00f3 la ovaci\u00f3n de sus compa\u00f1eros, incluyendo el reconocimiento expreso de <b>Jon Rahm<\/b>.<\/p>\n<p class=\"paragraph\">Uno de los momentos destacados de la jornada lleg\u00f3 durante los segundos nueve hoyos, cuando Carlos Alcaraz jug\u00f3 junto al irland\u00e9s <b>Shane Lowry<\/b>, campe\u00f3n del Abierto Brit\u00e1nico en 2019 y pieza fundamental en la defensa reciente de la Ryder Cup por parte del equipo europeo. \u201cEmpec\u00e9 a jugar al golf hace tres a\u00f1os y medio y desde entonces no puedo dejarlo, juego siempre que puedo\u201d, explic\u00f3 Alcaraz a Lowry. La respuesta del golfista irland\u00e9s, cargada de humor, no tard\u00f3 en llegar: \u201cPor lo que he podido ver, puedo asegurar que su golf es bastante mejor que mi tenis\u201d, coment\u00f3 mientras sonre\u00eda.<\/p>\n<p>Los tres r\u00e9cords que Carlos Alcaraz ha conseguido lograr antes que Rafa Nadal.<\/p>\n<p class=\"paragraph\">Durante su estancia en la capital, Carlos Alcaraz prioriz\u00f3 un equilibrio entre descanso y entrenamiento f\u00edsico, consciente de la inminencia del <a rel=\"noopener noreferrer nofollow\" href=\"https:\/\/www.infobae.com\/espana\/deportes\/2024\/10\/16\/asi-es-the-venue-la-sede-del-six-kings-slam-un-lujoso-escenario-y-tecnologia-punta-para-acoger-el-penultimo-duelo-de-nadal\/\" target=\"_self\" title=\"https:\/\/www.infobae.com\/espana\/deportes\/2024\/10\/16\/asi-es-the-venue-la-sede-del-six-kings-slam-un-lujoso-escenario-y-tecnologia-punta-para-acoger-el-penultimo-duelo-de-nadal\/\">Six Kings Slam<\/a>, un torneo por equipos que re\u00fane a seis grandes exponentes del tenis mundial. El tenista espa\u00f1ol, con seis trofeos, se posiciona como el segundo jugador m\u00e1s laureado del grupo. Y ahora, en la final Carlitos tratar\u00e1 de alzarse con otro t\u00edtulo y demostrar que este tiempo de descanso era m\u00e1s que necesario.<\/p>\n","protected":false},"excerpt":{"rendered":"El tenista espa\u00f1ol Carlos Alcaraz (REUTERS\/Manami Yamada) El pasado 25 de septiembre, el tenista espa\u00f1ol hizo saltar todas&hellip;\n","protected":false},"author":2,"featured_media":185910,"comment_status":"","ping_status":"","sticky":false,"template":"","format":"standard","meta":{"footnotes":""},"categories":[274],"tags":[4820,168,25,24,23,3020,167,327,326,5512,7431],"class_list":{"0":"post-185909","1":"post","2":"type-post","3":"status-publish","4":"format-standard","5":"has-post-thumbnail","7":"category-tenis","8":"tag-asia-pacific","9":"tag-deportes","10":"tag-es","11":"tag-espana","12":"tag-spain","13":"tag-sport","14":"tag-sports","15":"tag-tenis","16":"tag-tennis","17":"tag-tensid","18":"tag-tokyo"},"share_on_mastodon":{"url":"","error":""},"_links":{"self":[{"href":"https:\/\/www.europesays.com\/es\/wp-json\/wp\/v2\/posts\/185909","targetHints":{"allow":["GET"]}}],"collection":[{"href":"https:\/\/www.europesays.com\/es\/wp-json\/wp\/v2\/posts"}],"about":[{"href":"https:\/\/www.europesays.com\/es\/wp-json\/wp\/v2\/types\/post"}],"author":[{"embeddable":true,"href":"https:\/\/www.europesays.com\/es\/wp-json\/wp\/v2\/users\/2"}],"replies":[{"embeddable":true,"href":"https:\/\/www.europesays.com\/es\/wp-json\/wp\/v2\/comments?post=185909"}],"version-history":[{"count":0,"href":"https:\/\/www.europesays.com\/es\/wp-json\/wp\/v2\/posts\/185909\/revisions"}],"wp:featuredmedia":[{"embeddable":true,"href":"https:\/\/www.europesays.com\/es\/wp-json\/wp\/v2\/media\/185910"}],"wp:attachment":[{"href":"https:\/\/www.europesays.com\/es\/wp-json\/wp\/v2\/media?parent=185909"}],"wp:term":[{"taxonomy":"category","embeddable":true,"href":"https:\/\/www.europesays.com\/es\/wp-json\/wp\/v2\/categories?post=185909"},{"taxonomy":"post_tag","embeddable":true,"href":"https:\/\/www.europesays.com\/es\/wp-json\/wp\/v2\/tags?post=185909"}],"curies":[{"name":"wp","href":"https:\/\/api.w.org\/{rel}","templated":true}]}}