{"id":185911,"date":"2025-10-18T22:34:10","date_gmt":"2025-10-18T22:34:10","guid":{"rendered":"https:\/\/www.europesays.com\/es\/185911\/"},"modified":"2025-10-18T22:34:10","modified_gmt":"2025-10-18T22:34:10","slug":"la-desertica-corona-a-heroes-de-acero","status":"publish","type":"post","link":"https:\/\/www.europesays.com\/es\/185911\/","title":{"rendered":"La Des\u00e9rtica corona a h\u00e9roes de acero"},"content":{"rendered":"<p><a class=\"v-mdl-ath__fig-a\" href=\"https:\/\/www.ideal.es\/autor\/juanjo-aguilera-2157.html\" title=\"Juanjo Aguilera\" rel=\"nofollow noopener\" target=\"_blank\"><br \/>\n<img decoding=\"async\" class=\"v-mdl-ath__img\" src=\"https:\/\/www.europesays.com\/es\/wp-content\/uploads\/2025\/09\/autor-2157-foto-2.jpeg\" alt=\"Juanjo Aguilera\"\/><br \/>\n<\/a><\/p>\n<p class=\"v-mdl-ath__p v-mdl-ath__p--6\">\nS\u00e1bado, 18 de octubre 2025, 19:18<\/p>\n<p>| Actualizado 19:26h.<\/p>\n<p class=\"v-p\">La Des\u00e9rtica emergi\u00f3 una vez m\u00e1s como un desaf\u00edo absoluto en su s\u00e9ptima edici\u00f3n, un territorio donde la voluntad se entrelaza con la resistencia y cada esfuerzo humano se convierte en un acto de hero\u00edsmo. Desde que la primera luz del d\u00eda toc\u00f3 la Avenida Federico Garc\u00eda Lorca, junto al Mirador de la Rambla, hasta que la meta se ergu\u00eda en el Parque de los Bajos de Roquetas de Mar \u2013mismo punto de inicio e id\u00e9ntico punto de llegada\u2013, cada tramo se convirti\u00f3 en un escenario donde la mente y el cuerpo se fusionaban, donde cada pedalada, cada zancada y cada respiraci\u00f3n contaban una historia de determinaci\u00f3n y entrega total. La prueba se desplegaba ante los ojos de los presentes como un r\u00edo de energ\u00eda contenida, un lienzo donde la fuerza de los competidores iba a dibujar relatos de coraje y epopeya.<\/p>\n<p class=\"v-p\">Desde la primera salida, a las 8:00 horas, los ciclistas de monta\u00f1a se lanzaron con el coraz\u00f3n en la boca, cada impulso de pedal resonando como un comp\u00e1s de valent\u00eda. Las horas se deslizaban mientras los valientes corredores dominaban las curvas, escalaban las pendientes y enfrentaban cada repecho como quien desaf\u00eda su propia existencia. La dureza del terreno, m\u00e1s blanda en los inicios porque las obras de la A-7 a su paso por Viator evitaron el esfuerzo que siempre ha supuesto ascender la Calle Campoamor, con s\u00f3lo ocho kil\u00f3metros en las piernas y que ha reflejado siempre im\u00e1genes de cierta impotencia con bikers echando pie a tierra. De todas formas, el recorrido exig\u00eda concentraci\u00f3n absoluta, coordinaci\u00f3n perfecta y un temple que s\u00f3lo la experiencia y la pasi\u00f3n pod\u00edan garantizar. Cada bicicleta, cada ciclista, se convert\u00eda en una extensi\u00f3n de la fuerza, del ingenio y de la persistencia humana, avanzando con la elegancia de un guerrero que conoce su l\u00edmite, pero que lo empuja una y otra vez m\u00e1s all\u00e1.<\/p>\n<p class=\"v-p\">Los e-bikers, que partieron poco despu\u00e9s, a\u00f1adieron un nuevo matiz a la jornada, demostrando c\u00f3mo la tecnolog\u00eda puede amplificar la grandeza del esfuerzo humano. Cada uno de ellos parec\u00eda dialogar con la m\u00e1quina como si compartieran un lenguaje secreto, ajustando fuerza, cadencia y estrategia en un equilibrio casi m\u00edstico entre el hombre y la m\u00e1quina. La energ\u00eda que emanaban al recorrer cada tramo era distinta pero complementaria, un recordatorio de que la Des\u00e9rtica no es solo resistencia f\u00edsica, sino creatividad, control y armon\u00eda entre cuerpo y tecnolog\u00eda.<\/p>\n<p class=\"v-p\"><strong>Un acto de voluntad<\/strong><\/p>\n<p class=\"v-p\">Cuando los marchadores comenzaron su recorrido, la atm\u00f3sfera se llen\u00f3 de determinaci\u00f3n pura. Cada zancada era un testimonio de disciplina, cada respiraci\u00f3n un acto de voluntad. La mente se enfocaba en un solo objetivo, el de avanzar, superar, no ceder. Cada participante parec\u00eda esculpir su propio camino, dibujando historias de esfuerzo y hero\u00edsmo en el aire que se comprim\u00eda entre ellos y la meta. La distancia se convirti\u00f3 en espejo de la persistencia, en una prueba donde la fuerza interna era tan vital como la fuerza de las piernas.<\/p>\n<p class=\"v-p\">El recorrido de la Des\u00e9rtica ofrec\u00eda momentos de tensi\u00f3n y dramatismo en cada tramo. Los \u00faltimos metros se convirtieron en un teatro de emociones intensas, donde la fatiga y la adrenalina se mezclaban en proporciones casi iguales. La sensaci\u00f3n de proximidad de la meta transformaba cada m\u00fasculo, cada fibra, en un instrumento afinado para la resistencia final. Los espectadores, testigos de la epopeya, sent\u00edan c\u00f3mo la atm\u00f3sfera vibraba con cada gesto de los corredores, con cada impulso final, como si el propio terreno reconociera la grandeza de quienes lo recorr\u00edan.<\/p>\n<p class=\"v-p\"><strong>Leyenda<\/strong><\/p>\n<p class=\"v-p\">Los logros individuales se elevaron a la categor\u00eda de leyenda. Los primeros hombres en cruzar la meta en la MTB masculina lo hicieron casi al un\u00edsono, separados por mil\u00e9simas de segundo, mostrando que la excelencia no siempre se mide en segundos, sino en el compromiso absoluto con la perfecci\u00f3n y la sincron\u00eda. Cada pedalada de Daniel Mart\u00ednez Cazorla, David Gonz\u00e1lez Tirado y Javier S\u00e1nchez Asensio se transform\u00f3 en un acto de poes\u00eda en movimiento, un testimonio de c\u00f3mo el sacrificio compartido puede alcanzar un nivel de \u00e9pica que trasciende la competencia individual.<\/p>\n<p class=\"v-p\">En la MTB femenina, la haza\u00f1a de Mar\u00eda Esther Maqueda no fue solamente un triunfo sobre el cron\u00f3metro, sino que plasm\u00f3 un relato de estrategia, t\u00e9cnica y dominio de la propia voluntad. Victoria Mayoral repiti\u00f3 su posici\u00f3n del a\u00f1o anterior, consolidando una constancia que roza la eternidad, mientras Mar\u00eda Jos\u00e9 Salvador complet\u00f3 el podio con firmeza, demostrando que el valor y la resiliencia no se rinden ante la presi\u00f3n ni la expectativa. Cada corredora convirti\u00f3 la prueba en un escenario de hero\u00edsmo, donde la velocidad y la precisi\u00f3n se fusionaban con la fuerza del esp\u00edritu.<\/p>\n<p class=\"v-p\">Jes\u00fas Castillo Chac\u00f3n, primer e-biker en cruzar la meta, ofreci\u00f3 una perspectiva diferente de la gloria. La m\u00e1quina y el hombre, unidos en un solo impulso, se convirtieron en extensi\u00f3n de la ambici\u00f3n y la decisi\u00f3n. Cada giro de rueda, cada maniobra en los tramos m\u00e1s dif\u00edciles, fue un acto de precisi\u00f3n y dominio absoluto, recordando que la modernidad y la tradici\u00f3n del esfuerzo humano pueden coexistir en armon\u00eda \u00e9pica.<\/p>\n<p class=\"v-p\">El monta\u00f1ismo inclusivo a\u00f1adi\u00f3 un matiz conmovedor y luminoso a la jornada. Pablo Solsona fue el primero en cruzar la meta, seguido por el almeriense Jairo Ruiz, un atleta paral\u00edmpico acostumbrado a firmar \u00e9picas. Ayer mostrando que la verdadera victoria no siempre reside en el tiempo o la posici\u00f3n, sino en la perseverancia, en la capacidad de superar limitaciones y transformar la adversidad en fuerza. Cada movimiento de estos corredores transmit\u00eda un mensaje universal, el de que la determinaci\u00f3n puede trascender cualquier barrera y cada paso se convierte en una declaraci\u00f3n de fuerza y coraje que inspira a todos los presentes.<\/p>\n<p class=\"v-p\"><strong>Una ganadora<\/strong><\/p>\n<p class=\"v-p\">En la disciplina de marcha, Mar\u00eda Romero cruz\u00f3 la meta con un gesto que rozaba lo heroico, superando su tiempo del a\u00f1o anterior y consolidando su dominio con elegancia y precisi\u00f3n, algo que logra en las grandes citas, pues ya hab\u00eda ganado la Cuna, la Africana, los 101 kil\u00f3metros de Ronda y la prueba almeriense. Mayer Adsuar y Alicia Cabeza completaron el podio femenino, demostrando que la determinaci\u00f3n, la t\u00e9cnica y la constancia pueden coexistir y elevarse a un nivel \u00e9pico. Cada respiraci\u00f3n, cada impulso, cada paso de estas marchadoras se convirti\u00f3 en una narrativa de fortaleza y maestr\u00eda, recordando que el coraje se manifiesta tanto en la constancia como en la velocidad.<\/p>\n<p class=\"v-p\">La grandeza tambi\u00e9n se manifest\u00f3 en la dimensi\u00f3n colectiva. Los Sat\u00e9lites, primer equipo de marchadores en alcanzar la meta, representaron la unidad y la coordinaci\u00f3n perfectas, avanzando como un solo cuerpo. Cada gesto, cada paso sincronizado, era un acto de estrategia y fuerza compartida, un recordatorio de que la victoria no s\u00f3lo pertenece al individuo, sino tambi\u00e9n a quienes avanzan juntos, multiplicando la energ\u00eda de cada miembro y haciendo que el esfuerzo com\u00fan se transforme en un monumento a la cooperaci\u00f3n y al esp\u00edritu de equipo.<\/p>\n<p class=\"v-p\">Cada rinc\u00f3n de la Des\u00e9rtica se convirti\u00f3 en escenario de epopeya, cada participante en protagonista de una historia tejida con coraje, disciplina y entrega absoluta. No se med\u00edan s\u00f3lo los segundos o los puestos, sino la intensidad de la pasi\u00f3n desplegada, la fuerza del car\u00e1cter y la capacidad de superar los l\u00edmites personales. Cada meta alcanzada era un altar a la tenacidad y cada nombre inscrito en la planilla de jueces un monumento al hero\u00edsmo cotidiano, a la constancia y a la fuerza de voluntad que hace de los corredores leyendas de su propio relato.<\/p>\n<p class=\"v-p\">La Des\u00e9rtica no es s\u00f3lo una prueba deportiva, sino es un lienzo donde se dibujan epopeyas individuales y colectivas, donde cada respiraci\u00f3n, cada pedalada y cada zancada adquiere el peso de un canto heroico. Cada llegada se convierte en celebraci\u00f3n de la entrega absoluta, del esp\u00edritu humano elevado a su m\u00e1xima expresi\u00f3n, de la voluntad que se niega a ceder frente a la distancia, la fatiga o el desaf\u00edo. En este territorio, el tiempo se diluye, la meta se transforma en altar y cada gesto de cada participante se convierte en poes\u00eda de resistencia, coraje y entrega.<\/p>\n<p>Reporta un error<\/p>\n","protected":false},"excerpt":{"rendered":"S\u00e1bado, 18 de octubre 2025, 19:18 | Actualizado 19:26h. La Des\u00e9rtica emergi\u00f3 una vez m\u00e1s como un desaf\u00edo&hellip;\n","protected":false},"author":2,"featured_media":185912,"comment_status":"","ping_status":"","sticky":false,"template":"","format":"standard","meta":{"footnotes":""},"categories":[273],"tags":[30126,313,4182,312,168,52369,25,24,20714,23,167],"class_list":{"0":"post-185911","1":"post","2":"type-post","3":"status-publish","4":"format-standard","5":"has-post-thumbnail","7":"category-ciclismo","8":"tag-acero","9":"tag-ciclismo","10":"tag-corona","11":"tag-cycling","12":"tag-deportes","13":"tag-desertica","14":"tag-es","15":"tag-espana","16":"tag-heroes","17":"tag-spain","18":"tag-sports"},"share_on_mastodon":{"url":"","error":""},"_links":{"self":[{"href":"https:\/\/www.europesays.com\/es\/wp-json\/wp\/v2\/posts\/185911","targetHints":{"allow":["GET"]}}],"collection":[{"href":"https:\/\/www.europesays.com\/es\/wp-json\/wp\/v2\/posts"}],"about":[{"href":"https:\/\/www.europesays.com\/es\/wp-json\/wp\/v2\/types\/post"}],"author":[{"embeddable":true,"href":"https:\/\/www.europesays.com\/es\/wp-json\/wp\/v2\/users\/2"}],"replies":[{"embeddable":true,"href":"https:\/\/www.europesays.com\/es\/wp-json\/wp\/v2\/comments?post=185911"}],"version-history":[{"count":0,"href":"https:\/\/www.europesays.com\/es\/wp-json\/wp\/v2\/posts\/185911\/revisions"}],"wp:featuredmedia":[{"embeddable":true,"href":"https:\/\/www.europesays.com\/es\/wp-json\/wp\/v2\/media\/185912"}],"wp:attachment":[{"href":"https:\/\/www.europesays.com\/es\/wp-json\/wp\/v2\/media?parent=185911"}],"wp:term":[{"taxonomy":"category","embeddable":true,"href":"https:\/\/www.europesays.com\/es\/wp-json\/wp\/v2\/categories?post=185911"},{"taxonomy":"post_tag","embeddable":true,"href":"https:\/\/www.europesays.com\/es\/wp-json\/wp\/v2\/tags?post=185911"}],"curies":[{"name":"wp","href":"https:\/\/api.w.org\/{rel}","templated":true}]}}