{"id":185913,"date":"2025-10-18T22:35:09","date_gmt":"2025-10-18T22:35:09","guid":{"rendered":"https:\/\/www.europesays.com\/es\/185913\/"},"modified":"2025-10-18T22:35:09","modified_gmt":"2025-10-18T22:35:09","slug":"max-verstappen-se-frota-las-manos-en-el-gp-de-austin-de-formula-1-formula-1-deportes","status":"publish","type":"post","link":"https:\/\/www.europesays.com\/es\/185913\/","title":{"rendered":"Max Verstappen se frota las manos en el GP de Austin de F\u00f3rmula 1 | F\u00f3rmula 1 | Deportes"},"content":{"rendered":"<p class=\"\">McLaren dispone del mejor coche de la parrilla y la guasa es que eso puede gir\u00e1rsele en contra a la escuder\u00eda brit\u00e1nica, que domina la tabla general de puntos con sus dos pilotos, engrescados en un pulso de alto voltaje que veremos c\u00f3mo acaba. Los niveles de tensi\u00f3n entre <a href=\"https:\/\/elpais.com\/deportes\/formula-1\/2025-08-03\/lando-norris-se-fue-para-volver.html\" target=\"_self\" rel=\"nofollow noopener\" title=\"https:\/\/elpais.com\/deportes\/formula-1\/2025-08-03\/lando-norris-se-fue-para-volver.html\">Oscar Piastri y Lando Norris<\/a> no paran de dispararse, y el rifirrafe hizo explosi\u00f3n este s\u00e1bado en Austin, en la primera frenada de la prueba corta, donde los dos chocaron entre s\u00ed con la colaboraci\u00f3n de Nico Hulkenberg. La llegada algo alborotada del alem\u00e1n de Sauber, que se vio en unas latitudes poco habituales para \u00e9l, le llev\u00f3 a golpear el coche del piloto de Melbourne, que de carambola se llev\u00f3 por delante a Norris. La peor pesadilla para el fabricante ya campe\u00f3n, que se apresur\u00f3 a se\u00f1alar a \u2018Hulk\u2019 como principal responsable del desastre. \u201cNinguno de nuestros pilotos tuvo la culpa. Fue cosa de alg\u00fan amateur\u201d, acus\u00f3 Zak Brown, director de McLaren. <\/p>\n<p class=\"\">El ejecutivo tendr\u00e1 que volver a sentar a sus dos chicos para refrescarles las \u2018papaya rules\u2019 \u2013normas papaya\u2013, ese c\u00f3digo de conducta del equipo, tan f\u00e1cil de interpretar a ojos de los directivos y tan confuso para los corredores, unos de los seres m\u00e1s ego\u00edstas del planeta. Pueden competir, pero no tocarse, algo que ya ha ocurrido demasiadas veces para regocijo de <a href=\"https:\/\/elpais.com\/deportes\/formula-1\/2025-09-07\/monstruoso-triunfo-de-max-verstappen-en-monza.html\" target=\"_self\" rel=\"nofollow noopener\" title=\"https:\/\/elpais.com\/deportes\/formula-1\/2025-09-07\/monstruoso-triunfo-de-max-verstappen-en-monza.html\">Max Verstappen, que se llev\u00f3 la 13\u00aa sprint de su palmar\u00e9s<\/a> y les peg\u00f3 a sus dos oponentes un bocado de ocho puntos. El colapso de este s\u00e1bado en Texas puede anticipar lo que ocurra el domingo (21:00 horas, Dazn), donde el holand\u00e9s arrancar\u00e1 desde la \u2018pole\u2019 por s\u00e9ptima vez en lo que va de temporada, de nuevo por delante de Norris (segundo) y de Piastri, completamente fuera de foco (sexto). Carlos Sainz saldr\u00e1 el noveno y Fernando Alonso, el d\u00e9cimo.<\/p>\n","protected":false},"excerpt":{"rendered":"McLaren dispone del mejor coche de la parrilla y la guasa es que eso puede gir\u00e1rsele en contra&hellip;\n","protected":false},"author":2,"featured_media":185914,"comment_status":"","ping_status":"","sticky":false,"template":"","format":"standard","meta":{"footnotes":""},"categories":[270],"tags":[1763,1762,168,1764,25,1761,24,306,271,272,2104,2099,1759,2106,1760,23,167],"class_list":{"0":"post-185913","1":"post","2":"type-post","3":"status-publish","4":"format-standard","5":"has-post-thumbnail","7":"category-formula-1","8":"tag-automovilismo","9":"tag-circuitos-velocidad","10":"tag-deportes","11":"tag-deportes-motor","12":"tag-es","13":"tag-escuderias","14":"tag-espana","15":"tag-f1","16":"tag-formula-1","17":"tag-formula1","18":"tag-lando-norris","19":"tag-max-verstappen","20":"tag-mundial-formula-1","21":"tag-oscar-piastri","22":"tag-pilotos-deportivos","23":"tag-spain","24":"tag-sports"},"share_on_mastodon":{"url":"","error":""},"_links":{"self":[{"href":"https:\/\/www.europesays.com\/es\/wp-json\/wp\/v2\/posts\/185913","targetHints":{"allow":["GET"]}}],"collection":[{"href":"https:\/\/www.europesays.com\/es\/wp-json\/wp\/v2\/posts"}],"about":[{"href":"https:\/\/www.europesays.com\/es\/wp-json\/wp\/v2\/types\/post"}],"author":[{"embeddable":true,"href":"https:\/\/www.europesays.com\/es\/wp-json\/wp\/v2\/users\/2"}],"replies":[{"embeddable":true,"href":"https:\/\/www.europesays.com\/es\/wp-json\/wp\/v2\/comments?post=185913"}],"version-history":[{"count":0,"href":"https:\/\/www.europesays.com\/es\/wp-json\/wp\/v2\/posts\/185913\/revisions"}],"wp:featuredmedia":[{"embeddable":true,"href":"https:\/\/www.europesays.com\/es\/wp-json\/wp\/v2\/media\/185914"}],"wp:attachment":[{"href":"https:\/\/www.europesays.com\/es\/wp-json\/wp\/v2\/media?parent=185913"}],"wp:term":[{"taxonomy":"category","embeddable":true,"href":"https:\/\/www.europesays.com\/es\/wp-json\/wp\/v2\/categories?post=185913"},{"taxonomy":"post_tag","embeddable":true,"href":"https:\/\/www.europesays.com\/es\/wp-json\/wp\/v2\/tags?post=185913"}],"curies":[{"name":"wp","href":"https:\/\/api.w.org\/{rel}","templated":true}]}}