{"id":185924,"date":"2025-10-18T22:41:08","date_gmt":"2025-10-18T22:41:08","guid":{"rendered":"https:\/\/www.europesays.com\/es\/185924\/"},"modified":"2025-10-18T22:41:08","modified_gmt":"2025-10-18T22:41:08","slug":"el-inesperado-gesto-de-luck-ra-con-nico-behringer-el-ganador-de-la-voz-bigote-falso-y-musica-callejera","status":"publish","type":"post","link":"https:\/\/www.europesays.com\/es\/185924\/","title":{"rendered":"El inesperado gesto de Luck Ra con Nico Behringer, el ganador de La Voz: bigote falso y m\u00fasica callejera"},"content":{"rendered":"<p>Luckra y Nicol\u00e1s Behringer, el ganador de La Voz, cantaron en la calle en Buenos Aires<\/p>\n<p class=\"paragraph\">Ataviado con una peluca casta\u00f1a, lentes de sol, la capucha de la campera colocada y un bigote falso, el reconocido cuartetero <b>Luck Ra <\/b>intent\u00f3 ocultar su identidad en una plaza c\u00e9ntrica de la Ciudad Aut\u00f3noma de Buenos Aires para compartir nuevamente el escenario con <b>Nicol\u00e1s Behringer<\/b>, flamante campe\u00f3n de <b>La Voz 2025<\/b>. A pocos d\u00edas de la final, ambos m\u00fasicos decidieron llevar su m\u00fasica a la calle frente al Teatro Col\u00f3n, recreando el esp\u00edritu con el que Behringer se gan\u00f3 la vida mucho antes de pisar el programa de talentos de Telefe. <b>Nico interpretaba canciones en varias l\u00edneas del subte y puntos c\u00e9ntricos de la ciudad. <\/b>El reciente ganador del reality subi\u00f3 al escenario con su guitarra, <\/p>\n<p class=\"paragraph\">La improvisada presentaci\u00f3n, anticipada desde redes sociales por el propio Luck Ra, busc\u00f3 evadir la multitud y mantener la sorpresa. A pesar de su esfuerzo por despistar, <b>muchos asistentes identificaron al m\u00fasico desde el inicio por su sonrisa y timbre de voz<\/b>, dos de sus rasgos m\u00e1s inconfundibles. Quienes no reconocieron de inmediato al cuartetero disfrutaron la actuaci\u00f3n de Behringer, quien volvi\u00f3 a interpretar \u201cUn pacto\u201d, cl\u00e1sico de Bersuit Vergarabat y tema que lo consagr\u00f3 en la final televisiva.<\/p>\n<p><img alt=\"Luck Ra \u2014al principio camuflado\u2014\" class=\"global-image\" decoding=\"async\" fetchpriority=\"low\" height=\"324\" loading=\"lazy\" src=\"https:\/\/www.europesays.com\/es\/wp-content\/uploads\/2025\/10\/6XTPAIJNJZARZO5GXVUCFF5QN4.JPG\" width=\"445\"\/>Luck Ra \u2014al principio camuflado\u2014 y Nicol\u00e1s Behringer, el ganador de La Voz, cantaron en la calle<\/p>\n<p class=\"paragraph\">Tras finalizar esa canci\u00f3n, <b>el inc\u00f3modo bigote postizo oblig\u00f3 a Luck Ra a dejar a un lado el disfraz,<\/b> al tiempo que revel\u00f3 ante los presentes su verdadera identidad mientras dec\u00eda: \u201cEste bigote me est\u00e1 picando\u201d. Las celebraciones continuaron cuando ambos artistas interpretaron juntos \u201cQue me falte todo\u201d, una colaboraci\u00f3n que tambi\u00e9n form\u00f3 parte de la \u00faltima gala de La Voz Argentina, y luego siguieron con \u201cLa morocha\u201d.<\/p>\n<p class=\"paragraph\">Desde sus redes, Luck Ra ironiz\u00f3 sobre el disfraz y su apodo accidental,<b> haciendo referencia al nombre \u201cRucau\u201d, etiqueta que le adjudic\u00f3 Susana Gim\u00e9nez tras un error durante los Premios Mart\u00edn Fierro.<\/b> La jornada fue testigo de nuevos festejos p\u00fablicos de Behringer y del cantante cordob\u00e9s, reforzando el v\u00ednculo construido entre ambos a lo largo de la competencia y trasladando el \u00e9xito del certamen al espacio p\u00fablico donde, d\u00edas atr\u00e1s, miles de personas acreditaban la historia de vida del actual ganador, recordado por muchos como artista callejero en subtes y plazas de Buenos Aires.<\/p>\n<p class=\"paragraph\">El flamante campe\u00f3n de la quinta temporada de <b>La Voz Argentina<\/b>, <b>Nicol\u00e1s Behringer<\/b>, fue recompensado con 70 millones de pesos, el contrato discogr\u00e1fico con <b>Universal Music<\/b> y un <b>Volkswagen Tera<\/b> 0 km, tras dejar en segundo lugar a <b>Alan Lez<\/b> del Team Lali, seguida por <b>Milagros Amud<\/b> (Team Soledad) y <b>Eugenia Rodr\u00edguez<\/b> (Team Miranda!). Tras su victoria en el ciclo de <b>Telefe<\/b>, seg\u00fan cont\u00f3 en el ciclo Cort\u00e1 por Lozano (Telefe), el artista ya planea dedicarse plenamente a componer y desarrollar su carrera, con intenciones de incursionar en el rock y celebrar la oportunidad de establecer nuevos proyectos: <b>\u201cAhora me voy a dedicar a mi m\u00fasica, voy a empezar a componer, a armar cositas, a establecer distintas cosas. Voy a partir seguramente de la base del rock\u201d.<\/b><\/p>\n<p><img alt=\"El momento del triunfo de\" class=\"global-image\" decoding=\"async\" fetchpriority=\"low\" height=\"1080\" loading=\"lazy\" src=\"https:\/\/www.europesays.com\/es\/wp-content\/uploads\/2025\/10\/RYREYHMKDBADHIX7GKGXZ25UBA.jpg\" width=\"1920\"\/>El momento del triunfo de Behringer en La Voz, junto a su coach Luck Ra y el conductor Nicol\u00e1s Occhiato<\/p>\n<p class=\"paragraph\">Al reflexionar sobre su paso por el certamen, Behringer destac\u00f3 la rigurosidad del proceso y el talento de sus compa\u00f1eros: \u201cEntr\u00e1s a La Voz, y ten\u00e9s la posibilidad de llegar lejos. Ten\u00e9s la oportunidad de quedar para finalista, de llegar a un Playoff, al Knockout, a Las Batallas, a cualquiera de Los Rounds. Y con un nivel muy alto de competencia tambi\u00e9n. Los chicos son unas bestias\u201d, expres\u00f3 elogiando a los otros participantes. Relat\u00f3 que<b> su entrada al concurso ocurri\u00f3 inesperadamente, pues acompa\u00f1aba a un amigo y fue anotado por sorpresa: \u201cFui acompa\u00f1ado a un amigo que me dijo: \u2018alguien te anot\u00f3\u2019. Fui pensando \u2018si es para m\u00ed, bienvenido sea, si no, est\u00e1 perfecto\u2019\u201d.<\/b><\/p>\n<p class=\"paragraph\">Durante la entrevista, Behringer narr\u00f3 c\u00f3mo vivir el concurso le permiti\u00f3 crecer y potenciar su arte: <b>\u201cImplic\u00f3 crecimiento y poder exponenciar m\u00e1s todo lo que yo vengo compartiendo hace tanto tiempo\u201d<\/b>. Proveniente de una familia humilde, valor\u00f3 especialmente su recorrido previo como artista callejero y mencion\u00f3 c\u00f3mo sus vivencias influyeron en su interpretaci\u00f3n musical:<b> \u201cCuando sal\u00eda a la calle o a cualquier lugar, me daba cuenta que influ\u00eda mucho en c\u00f3mo me iba con las cosas. La energ\u00eda que pon\u00eda era la que recib\u00eda de vuelta\u201d.<\/b><\/p>\n","protected":false},"excerpt":{"rendered":"Luckra y Nicol\u00e1s Behringer, el ganador de La Voz, cantaron en la calle en Buenos Aires Ataviado con&hellip;\n","protected":false},"author":2,"featured_media":185925,"comment_status":"","ping_status":"","sticky":false,"template":"","format":"standard","meta":{"footnotes":""},"categories":[171],"tags":[146,147,25,24,44110,52370,23,214],"class_list":{"0":"post-185924","1":"post","2":"type-post","3":"status-publish","4":"format-standard","5":"has-post-thumbnail","7":"category-tv","8":"tag-entertainment","9":"tag-entretenimiento","10":"tag-es","11":"tag-espana","12":"tag-luck-ra","13":"tag-nicolas-behringer","14":"tag-spain","15":"tag-tv"},"share_on_mastodon":{"url":"","error":""},"_links":{"self":[{"href":"https:\/\/www.europesays.com\/es\/wp-json\/wp\/v2\/posts\/185924","targetHints":{"allow":["GET"]}}],"collection":[{"href":"https:\/\/www.europesays.com\/es\/wp-json\/wp\/v2\/posts"}],"about":[{"href":"https:\/\/www.europesays.com\/es\/wp-json\/wp\/v2\/types\/post"}],"author":[{"embeddable":true,"href":"https:\/\/www.europesays.com\/es\/wp-json\/wp\/v2\/users\/2"}],"replies":[{"embeddable":true,"href":"https:\/\/www.europesays.com\/es\/wp-json\/wp\/v2\/comments?post=185924"}],"version-history":[{"count":0,"href":"https:\/\/www.europesays.com\/es\/wp-json\/wp\/v2\/posts\/185924\/revisions"}],"wp:featuredmedia":[{"embeddable":true,"href":"https:\/\/www.europesays.com\/es\/wp-json\/wp\/v2\/media\/185925"}],"wp:attachment":[{"href":"https:\/\/www.europesays.com\/es\/wp-json\/wp\/v2\/media?parent=185924"}],"wp:term":[{"taxonomy":"category","embeddable":true,"href":"https:\/\/www.europesays.com\/es\/wp-json\/wp\/v2\/categories?post=185924"},{"taxonomy":"post_tag","embeddable":true,"href":"https:\/\/www.europesays.com\/es\/wp-json\/wp\/v2\/tags?post=185924"}],"curies":[{"name":"wp","href":"https:\/\/api.w.org\/{rel}","templated":true}]}}