{"id":185934,"date":"2025-10-18T22:48:07","date_gmt":"2025-10-18T22:48:07","guid":{"rendered":"https:\/\/www.europesays.com\/es\/185934\/"},"modified":"2025-10-18T22:48:07","modified_gmt":"2025-10-18T22:48:07","slug":"lluvia-de-dividendos-y-vida-en-solitario-a-la-sombra-de-fusiones-europeas","status":"publish","type":"post","link":"https:\/\/www.europesays.com\/es\/185934\/","title":{"rendered":"lluvia de dividendos y vida en solitario a la sombra de fusiones europeas"},"content":{"rendered":"<p class=\"article-text\">\n        La vida sigue. El <a href=\"https:\/\/www.eldiario.es\/economia\/bbva-fracasa-opa-banco-sabadell-no-llegar-30-capital_1_12682412.html\" target=\"_blank\" data-mrf-recirculation=\"links-noticia\" class=\"link\" rel=\"nofollow noopener\">fracaso del intento de compra (OPA) de BBVA por Sabadell<\/a> ha dejado a las dos entidades con la exigencia de seguir adelante con sus planes de negocio en solitario. Una <a href=\"https:\/\/www.eldiario.es\/economia\/cronologia-opa-fracasada-historia-frustrado-bbva-hacerse-sabadell_1_12686810.html\" target=\"_blank\" data-mrf-recirculation=\"links-noticia\" class=\"link\" rel=\"nofollow noopener\">estrategia que llevaba 17 meses marcada por una operaci\u00f3n corporativa que no ha materializado<\/a> por el rechazo mayoritario de los accionistas del banco catal\u00e1n. Ahora, ambas partes tienen que plantearse el camino a seguir que, aunque plagado de incertidumbres, tambi\u00e9n presenta certezas, sobre todo, por la lluvia de dividendos que han prometido a sus respectivos accionistas.\n    <\/p>\n<p class=\"article-text\">\n        Lo primero que parece despejarse \u2013al menos, de momento\u2013 es que las dos entidades van a mantener a sus respectivos equipos directivos. El de Sabadell sale muy reforzado de la OPA, porque ha triunfado su hoja de ruta y, sobre todo, porque tiene un ampl\u00edsimo respaldo entre los peque\u00f1os accionistas. En el caso de BBVA, el <a href=\"https:\/\/www.eldiario.es\/economia\/batacazo-bbva-opa-sabadell-cuestiona-estrategia-carlos-torres_1_12690803.html\" target=\"_blank\" data-mrf-recirculation=\"links-noticia\" class=\"link\" rel=\"nofollow noopener\">batacazo de la oferta podr\u00eda haber abierto la puerta a la salida de la presidencia a Carlos Torres<\/a>, m\u00e1s a\u00fan cuando ha intentado dos veces la misma fusi\u00f3n y en ambas ocasiones ha tropezado. Sin embargo, el directivo <a href=\"https:\/\/www.eldiario.es\/economia\/carlos-torres-descarta-dimitir-fracaso-opa-no-hay-razon-siento-respaldado_1_12691314.html\" target=\"_blank\" data-mrf-recirculation=\"links-noticia\" class=\"link\" rel=\"nofollow noopener\">ha dejado muy claro que piensa continuar<\/a>.\u00a0\n    <\/p>\n","protected":false},"excerpt":{"rendered":"La vida sigue. El fracaso del intento de compra (OPA) de BBVA por Sabadell ha dejado a las&hellip;\n","protected":false},"author":2,"featured_media":185935,"comment_status":"","ping_status":"","sticky":false,"template":"","format":"standard","meta":{"footnotes":""},"categories":[80],"tags":[3285,82,18925,95,94,25,24,43361,1459,1479,3284,8677,1457,8155,26032,23,2606],"class_list":{"0":"post-185934","1":"post","2":"type-post","3":"status-publish","4":"format-standard","5":"has-post-thumbnail","7":"category-economia","8":"tag-bbva","9":"tag-business","10":"tag-dividendos","11":"tag-economia","12":"tag-economy","13":"tag-es","14":"tag-espana","15":"tag-europeas","16":"tag-fusiones","17":"tag-lluvia","18":"tag-opa","19":"tag-planes","20":"tag-sabadell","21":"tag-solitario","22":"tag-sombra","23":"tag-spain","24":"tag-vida"},"share_on_mastodon":{"url":"","error":""},"_links":{"self":[{"href":"https:\/\/www.europesays.com\/es\/wp-json\/wp\/v2\/posts\/185934","targetHints":{"allow":["GET"]}}],"collection":[{"href":"https:\/\/www.europesays.com\/es\/wp-json\/wp\/v2\/posts"}],"about":[{"href":"https:\/\/www.europesays.com\/es\/wp-json\/wp\/v2\/types\/post"}],"author":[{"embeddable":true,"href":"https:\/\/www.europesays.com\/es\/wp-json\/wp\/v2\/users\/2"}],"replies":[{"embeddable":true,"href":"https:\/\/www.europesays.com\/es\/wp-json\/wp\/v2\/comments?post=185934"}],"version-history":[{"count":0,"href":"https:\/\/www.europesays.com\/es\/wp-json\/wp\/v2\/posts\/185934\/revisions"}],"wp:featuredmedia":[{"embeddable":true,"href":"https:\/\/www.europesays.com\/es\/wp-json\/wp\/v2\/media\/185935"}],"wp:attachment":[{"href":"https:\/\/www.europesays.com\/es\/wp-json\/wp\/v2\/media?parent=185934"}],"wp:term":[{"taxonomy":"category","embeddable":true,"href":"https:\/\/www.europesays.com\/es\/wp-json\/wp\/v2\/categories?post=185934"},{"taxonomy":"post_tag","embeddable":true,"href":"https:\/\/www.europesays.com\/es\/wp-json\/wp\/v2\/tags?post=185934"}],"curies":[{"name":"wp","href":"https:\/\/api.w.org\/{rel}","templated":true}]}}