{"id":185942,"date":"2025-10-18T22:52:08","date_gmt":"2025-10-18T22:52:08","guid":{"rendered":"https:\/\/www.europesays.com\/es\/185942\/"},"modified":"2025-10-18T22:52:08","modified_gmt":"2025-10-18T22:52:08","slug":"sergio-nicolas-encabeza-la-victoria-del-bm-salamanca-con-catorce-goles","status":"publish","type":"post","link":"https:\/\/www.europesays.com\/es\/185942\/","title":{"rendered":"Sergio Nicol\u00e1s encabeza la victoria del BM Salamanca con catorce goles"},"content":{"rendered":"<p class=\"paragraph-atom &#10;        A-500-300-700-N A-550-300-700-N--md  \">El Balonmano Salamanca se impuso por 41-36 al Balonmano Safa en el pabell\u00f3n R\u00edo Tormes. El choque, con mucha verticalidad y goles, fue muy atractivo para los espectadores.<\/p>\n<p class=\"paragraph-atom &#10;        A-500-300-700-N A-550-300-700-N--md  \">Los charros tomaron una renta de cuatro goles antes del descanso (16-12) y supieron administrarla en el segundo tiempo para acabar llev\u00e1ndose la victoria por 41-36.<\/p>\n<p class=\"paragraph-atom &#10;        A-500-300-700-N A-550-300-700-N--md  \">El nombre propio del partido fue Sergio Nicol\u00e1s que anot\u00f3 catorce goles del equipo charro y fue la estrella del duelo. \u00c1lvaro Carretero ayud\u00f3 con ocho dianas m\u00e1s. <\/p>\n","protected":false},"excerpt":{"rendered":"El Balonmano Salamanca se impuso por 41-36 al Balonmano Safa en el pabell\u00f3n R\u00edo Tormes. El choque, con&hellip;\n","protected":false},"author":2,"featured_media":185943,"comment_status":"","ping_status":"","sticky":false,"template":"","format":"standard","meta":{"footnotes":""},"categories":[278],"tags":[376,383,168,3567,25,24,375,7703,2139,23,167,1261],"class_list":{"0":"post-185942","1":"post","2":"type-post","3":"status-publish","4":"format-standard","5":"has-post-thumbnail","7":"category-balonmano","8":"tag-balonmano","9":"tag-bm","10":"tag-deportes","11":"tag-encabeza","12":"tag-es","13":"tag-espana","14":"tag-handball","15":"tag-nicolas","16":"tag-sergio","17":"tag-spain","18":"tag-sports","19":"tag-victoria"},"share_on_mastodon":{"url":"","error":""},"_links":{"self":[{"href":"https:\/\/www.europesays.com\/es\/wp-json\/wp\/v2\/posts\/185942","targetHints":{"allow":["GET"]}}],"collection":[{"href":"https:\/\/www.europesays.com\/es\/wp-json\/wp\/v2\/posts"}],"about":[{"href":"https:\/\/www.europesays.com\/es\/wp-json\/wp\/v2\/types\/post"}],"author":[{"embeddable":true,"href":"https:\/\/www.europesays.com\/es\/wp-json\/wp\/v2\/users\/2"}],"replies":[{"embeddable":true,"href":"https:\/\/www.europesays.com\/es\/wp-json\/wp\/v2\/comments?post=185942"}],"version-history":[{"count":0,"href":"https:\/\/www.europesays.com\/es\/wp-json\/wp\/v2\/posts\/185942\/revisions"}],"wp:featuredmedia":[{"embeddable":true,"href":"https:\/\/www.europesays.com\/es\/wp-json\/wp\/v2\/media\/185943"}],"wp:attachment":[{"href":"https:\/\/www.europesays.com\/es\/wp-json\/wp\/v2\/media?parent=185942"}],"wp:term":[{"taxonomy":"category","embeddable":true,"href":"https:\/\/www.europesays.com\/es\/wp-json\/wp\/v2\/categories?post=185942"},{"taxonomy":"post_tag","embeddable":true,"href":"https:\/\/www.europesays.com\/es\/wp-json\/wp\/v2\/tags?post=185942"}],"curies":[{"name":"wp","href":"https:\/\/api.w.org\/{rel}","templated":true}]}}