{"id":185949,"date":"2025-10-18T23:01:16","date_gmt":"2025-10-18T23:01:16","guid":{"rendered":"https:\/\/www.europesays.com\/es\/185949\/"},"modified":"2025-10-18T23:01:16","modified_gmt":"2025-10-18T23:01:16","slug":"anita-williams-anuncia-que-le-han-detectado-dos-tumores-al-regresar-de-supervivientes-2025-tienen-bastante-mala-pinta","status":"publish","type":"post","link":"https:\/\/www.europesays.com\/es\/185949\/","title":{"rendered":"Anita Williams anuncia que le han detectado dos tumores al regresar de &#8216;Supervivientes 2025&#8217;: \u00abTienen bastante mala pinta\u00bb"},"content":{"rendered":"<p class=\"v-mdl-ath__p v-mdl-ath__p--6\">\nS\u00e1bado, 18 de octubre 2025, 15:29<\/p>\n<p class=\"v-p\">Si hace tres a\u00f1os fue Nacho Palau a qui\u00e9n le localizaron un c\u00e1ncer tras su rfegreso de <a href=\"https:\/\/www.lasprovincias.es\/culturas\/tv\/nueva-bronca-adara-miri-supervivientes-all-stars-20251017211131-nt.html\" target=\"_blank\" title=\"www.lasprovincias.es\" data-voc-vtm-id=\"in-text-traffic\" data-mrf-link=\"www.lasprovincias.es\" rel=\"nofollow noopener\">&#8216;Supervivientes&#8217;<\/a>, ahora ha sido Anita williams la que ha revelado que le han detectado dos tumores y que por este motivo se ha ausentado m\u00e1s de lo habitual en las redes.<\/p>\n<p class=\"v-p\">A la espera de recibir los resultados de las pruebas m\u00e9dicas pertinentes, la catalana ha querido sincerarse con sus seguidores en Instagram sobre su estado de salud y como se encuentra tras este duro rev\u00e9s.<\/p>\n<p class=\"v-p\">\u00abHe estado leyendo vuestros mensajes y tampoco quiero que os preocupeis m\u00e1s de la cuenta\u00bb, ha empezado la ex de Montoya. \u00abme mandaron unas pruebas adicionales porque me encontraron unos n\u00f3dulos, bultos, tumores&#8230; Algunos benignos, pero hay dos que tienen bastante mala pinta y me hicieron una biopsia, estoy esperando los resultados, por eso es que no tengo ganas de haceros v\u00eddeos ni de crearos contenido\u00bb prosigue relatando.<\/p>\n<p class=\"v-p\">Este susto le ha llegado en un momento personal muy especial pues este s\u00e1bado celebra su 28 cumplea\u00f1os. \u00abNo me encuentro bien pero lo celebrar\u00e9 porque la vida son dos d\u00edas\u00bb, asevera Williams al respecto.<\/p>\n<p><a href=\"http:\/\/www.lasprovincias.es\/culturas\/tv\/telecinco-anuncia-emision-nuevos-capitulos-avecina-20251017200950-nt.html#vtm_modulosEngag=mod-rel:culturas:noticia:1:cmp:2-not\" class=\"v-a-link\" title=\"Telecinco anuncia la emisi\u00f3n de nuevos cap\u00edtulos de &#039;La que se avecina&#039;\" rel=\"nofollow noopener\" target=\"_blank\"><br \/>\n<img decoding=\"async\" loading=\"lazy\" class=\"v-a-img\" src=\"https:\/\/www.europesays.com\/es\/wp-content\/uploads\/2025\/10\/1760828475_954_lqsa-ksaC--366x256@Las Provincias.JPG\" alt=\"Telecinco anuncia la emisi\u00f3n de nuevos cap\u00edtulos de 'La que se avecina'\"\/><br \/>\n<\/a><\/p>\n<p><a href=\"http:\/\/www.lasprovincias.es\/culturas\/tv\/crimen-pazos-nueva-serie-netflix-tristan-ulloa-20251016000049-nt.html#vtm_modulosEngag=mod-rel:culturas:noticia:2:cmp:2-not\" class=\"v-a-link\" title=\"De qu\u00e9 va &#039;El crimen de Pazos&#039;, la nueva serie de Netflix con Trist\u00e1n Ulloa inspirada en un caso real\" rel=\"nofollow noopener\" target=\"_blank\"><br \/>\n<img decoding=\"async\" loading=\"lazy\" class=\"v-a-img\" src=\"https:\/\/www.europesays.com\/es\/wp-content\/uploads\/2025\/10\/pazos-netflix-krAG--366x256@Las Provincias.jpg\" alt=\"De qu\u00e9 va 'El crimen de Pazos', la nueva serie de Netflix con Trist\u00e1n Ulloa inspirada en un caso real\"\/><br \/>\n<\/a><\/p>\n<p class=\"v-p\">\u00abEspero que se quede en un susto. Voy a hacer cosas que me entretengan con mi gente\u00bb, a\u00f1ade. Asimismo, deja caer que aunque \u00abno tengo ni la cara ni las ganas ni nada\u00bb ir\u00e1 colgando slaguna historia en Instagrama para mantener informados a sus seguidores.<\/p>\n<p class=\"v-p\">\u00abQuiero deciros que vayais al m\u00e9dico, porque yo soy una persona que odia los hospitales y que no voy a no ser que est\u00e9 sintiendo que me muero o que me duela mucho, y a veces pues si te duele algo es que tu cuerpo te est\u00e1 hablando y hay que ir porque luego pasan estas cosas, concluye la catalana aconsejando a sus seguidores.<\/p>\n<p>Reporta un error<\/p>\n","protected":false},"excerpt":{"rendered":"S\u00e1bado, 18 de octubre 2025, 15:29 Si hace tres a\u00f1os fue Nacho Palau a qui\u00e9n le localizaron un&hellip;\n","protected":false},"author":2,"featured_media":185950,"comment_status":"","ping_status":"","sticky":false,"template":"","format":"standard","meta":{"footnotes":""},"categories":[174],"tags":[45,20892,4187,32738,255,42845,1563,146,147,25,24,256,4879,34548,5778,23,3947,1077,308],"class_list":{"0":"post-185949","1":"post","2":"type-post","3":"status-publish","4":"format-standard","5":"has-post-thumbnail","7":"category-famosos","8":"tag-45","9":"tag-anita","10":"tag-anuncia","11":"tag-bastante","12":"tag-celebrities","13":"tag-detectado","14":"tag-dos","15":"tag-entertainment","16":"tag-entretenimiento","17":"tag-es","18":"tag-espana","19":"tag-famosos","20":"tag-mala","21":"tag-pinta","22":"tag-regresar","23":"tag-spain","24":"tag-supervivientes","25":"tag-tumores","26":"tag-williams"},"share_on_mastodon":{"url":"","error":""},"_links":{"self":[{"href":"https:\/\/www.europesays.com\/es\/wp-json\/wp\/v2\/posts\/185949","targetHints":{"allow":["GET"]}}],"collection":[{"href":"https:\/\/www.europesays.com\/es\/wp-json\/wp\/v2\/posts"}],"about":[{"href":"https:\/\/www.europesays.com\/es\/wp-json\/wp\/v2\/types\/post"}],"author":[{"embeddable":true,"href":"https:\/\/www.europesays.com\/es\/wp-json\/wp\/v2\/users\/2"}],"replies":[{"embeddable":true,"href":"https:\/\/www.europesays.com\/es\/wp-json\/wp\/v2\/comments?post=185949"}],"version-history":[{"count":0,"href":"https:\/\/www.europesays.com\/es\/wp-json\/wp\/v2\/posts\/185949\/revisions"}],"wp:featuredmedia":[{"embeddable":true,"href":"https:\/\/www.europesays.com\/es\/wp-json\/wp\/v2\/media\/185950"}],"wp:attachment":[{"href":"https:\/\/www.europesays.com\/es\/wp-json\/wp\/v2\/media?parent=185949"}],"wp:term":[{"taxonomy":"category","embeddable":true,"href":"https:\/\/www.europesays.com\/es\/wp-json\/wp\/v2\/categories?post=185949"},{"taxonomy":"post_tag","embeddable":true,"href":"https:\/\/www.europesays.com\/es\/wp-json\/wp\/v2\/tags?post=185949"}],"curies":[{"name":"wp","href":"https:\/\/api.w.org\/{rel}","templated":true}]}}