{"id":185951,"date":"2025-10-18T23:02:09","date_gmt":"2025-10-18T23:02:09","guid":{"rendered":"https:\/\/www.europesays.com\/es\/185951\/"},"modified":"2025-10-18T23:02:09","modified_gmt":"2025-10-18T23:02:09","slug":"mas-de-60-fotografos-aficionados-disfrutan-de-la-jornada-de-puertas-abiertas-del-aeropuerto-de-elche","status":"publish","type":"post","link":"https:\/\/www.europesays.com\/es\/185951\/","title":{"rendered":"M\u00e1s de 60 fot\u00f3grafos aficionados disfrutan de la jornada de puertas abiertas del aeropuerto de Elche"},"content":{"rendered":"<p>El Aeropuerto de Elche \u2018Miguel Hern\u00e1ndez\u2019 ha acogido este s\u00e1bado la octava edici\u00f3n del \u201cSpotter Day\u201d, una jornada de puertas abiertas que ha reunido a m\u00e1s de 60 entusiastas de la fotograf\u00eda aeron\u00e1utica. Este evento, que se organiza con la colaboraci\u00f3n de la asociaci\u00f3n ALC Spotters, busca acercar el mundo aeroportuario a la ciudadan\u00eda a trav\u00e9s de la fotograf\u00eda especializada.\u00a0<\/p>\n<p>La jornada ha comenzado a primera hora de la ma\u00f1ana con la acreditaci\u00f3n y el traslado de los spotters a dos ubicaciones estrat\u00e9gicas, pr\u00f3ximas a las cabeceras de pista, que han permitido una visi\u00f3n privilegiada de la intensa operativa aeroportuaria. Adem\u00e1s, como en anteriores ocasiones, el aeropuerto ilicitano ha facilitado el aparcamiento y un almuerzo para los asistentes.<\/p>\n<p>El \u201cVIII Spotter Day\u201d se consolida como una cita imprescindible para los amantes de la aviaci\u00f3n y la fotograf\u00eda que cuenta, adem\u00e1s, con una amplia difusi\u00f3n en redes sociales.<\/p>\n<p><img decoding=\"async\" data-lazyloaded=\"1\" aria-describedby=\"caption-attachment-199472\" loading=\"lazy\" class=\"size-full wp-image-199472\" src=\"https:\/\/www.europesays.com\/es\/wp-content\/uploads\/2025\/10\/foto-alc-8-spotter-day-avion-scaled.jpg\" alt=\"\" width=\"2560\" height=\"1441\"  data-\/><\/p>\n<p id=\"caption-attachment-199472\" class=\"wp-caption-text\">Uno de los aviones captados durante el \u2018Spotter Day\u2019. \/ AENA<\/p>\n","protected":false},"excerpt":{"rendered":"El Aeropuerto de Elche \u2018Miguel Hern\u00e1ndez\u2019 ha acogido este s\u00e1bado la octava edici\u00f3n del \u201cSpotter Day\u201d, una jornada&hellip;\n","protected":false},"author":2,"featured_media":185952,"comment_status":"","ping_status":"","sticky":false,"template":"","format":"standard","meta":{"footnotes":""},"categories":[173],"tags":[7351,229,233,231,230,4483,232,234,146,147,25,24,244,52372,23],"class_list":{"0":"post-185951","1":"post","2":"type-post","3":"status-publish","4":"format-standard","5":"has-post-thumbnail","7":"category-arte-y-diseno","8":"tag-aeropuerto","9":"tag-arte","10":"tag-arte-y-diseno","11":"tag-arts","12":"tag-arts-and-design","13":"tag-aviones","14":"tag-design","15":"tag-diseno","16":"tag-entertainment","17":"tag-entretenimiento","18":"tag-es","19":"tag-espana","20":"tag-fotografia","21":"tag-puertas-abiertas","22":"tag-spain"},"share_on_mastodon":{"url":"","error":""},"_links":{"self":[{"href":"https:\/\/www.europesays.com\/es\/wp-json\/wp\/v2\/posts\/185951","targetHints":{"allow":["GET"]}}],"collection":[{"href":"https:\/\/www.europesays.com\/es\/wp-json\/wp\/v2\/posts"}],"about":[{"href":"https:\/\/www.europesays.com\/es\/wp-json\/wp\/v2\/types\/post"}],"author":[{"embeddable":true,"href":"https:\/\/www.europesays.com\/es\/wp-json\/wp\/v2\/users\/2"}],"replies":[{"embeddable":true,"href":"https:\/\/www.europesays.com\/es\/wp-json\/wp\/v2\/comments?post=185951"}],"version-history":[{"count":0,"href":"https:\/\/www.europesays.com\/es\/wp-json\/wp\/v2\/posts\/185951\/revisions"}],"wp:featuredmedia":[{"embeddable":true,"href":"https:\/\/www.europesays.com\/es\/wp-json\/wp\/v2\/media\/185952"}],"wp:attachment":[{"href":"https:\/\/www.europesays.com\/es\/wp-json\/wp\/v2\/media?parent=185951"}],"wp:term":[{"taxonomy":"category","embeddable":true,"href":"https:\/\/www.europesays.com\/es\/wp-json\/wp\/v2\/categories?post=185951"},{"taxonomy":"post_tag","embeddable":true,"href":"https:\/\/www.europesays.com\/es\/wp-json\/wp\/v2\/tags?post=185951"}],"curies":[{"name":"wp","href":"https:\/\/api.w.org\/{rel}","templated":true}]}}