{"id":185982,"date":"2025-10-18T23:21:15","date_gmt":"2025-10-18T23:21:15","guid":{"rendered":"https:\/\/www.europesays.com\/es\/185982\/"},"modified":"2025-10-18T23:21:15","modified_gmt":"2025-10-18T23:21:15","slug":"horario-parrilla-y-donde-ver-en-tv-a-alonso-y-sainz","status":"publish","type":"post","link":"https:\/\/www.europesays.com\/es\/185982\/","title":{"rendered":"horario, parrilla y d\u00f3nde ver en TV a Alonso y Sainz"},"content":{"rendered":"<p data-mrf-recirculation=\"Links P\u00e1rrafos\" class=\"ue-c-article__paragraph paragraph\"><strong>El Gran Premio de los Estados Unidos<\/strong> llega al d\u00eda m\u00e1s importante del fin de semana. A pesar de que se repartieron los primeros puntos del fin de semana en la <strong>carrera Sprint<\/strong>, el mayor bot\u00edn est\u00e1 todav\u00eda por esperando ser recogido. La exigente curva 1 puede ser un arma de doble filo para el &#8216;<strong>poleman<\/strong>&#8216;, puesto que es un escenario ideal para que los pilotos se lancen por el interior.\u00a0<\/p>\n<p>Max Verstappen no necesita dos oportunidades<\/p>\n<p data-mrf-recirculation=\"Links P\u00e1rrafos\" class=\"ue-c-article__paragraph paragraph\">Tras su victoria en la carrera Sprint, <strong>Max Verstappen <\/strong>se qued\u00f3 con una nueva pole en la temporada gracias a una m\u00e1gica vuelta al comienzo de la <strong>Q3<\/strong>. Un error de c\u00e1lculo dej\u00f3 al campe\u00f3n del mundo sin la oportunidad de completar una segunda vuelta en la \u00faltima ronda de la &#8216;<strong>qualy<\/strong>&#8216;, pero no le hizo falta porque nadie pudo mejorar su crono.\u00a0<\/p>\n<p data-mrf-recirculation=\"Links P\u00e1rrafos\" class=\"ue-c-article__paragraph paragraph\"><strong>Lando Norris (2\u00ba) y Oscar Piastri (6\u00ba)<\/strong> comienzan a sentir la respiraci\u00f3n del neerland\u00e9s en la nuca. Los pilotos &#8216;<strong>papaya<\/strong>&#8216; no encuentran la manera de batir al cuatro veces campe\u00f3n del mundo desde el regreso del par\u00f3n estival. Asimismo, <strong>Charles Leclerc (3\u00ba)<\/strong> se encarg\u00f3 de cerrar el podio tras su \u00faltimo intento del d\u00eda.\u00a0<\/p>\n<p><img decoding=\"async\" width=\"3000\" height=\"1688\" class=\"ue-c-article__image lazyload\" alt=\"Parrilla de salida del Gran Premio de Estados Unidos.\" loading=\"lazy\" src=\"https:\/\/www.europesays.com\/es\/wp-content\/uploads\/2025\/10\/68f41b88d4209.jpeg\"\/><\/p>\n<p>Parrilla de salida del Gran Premio de Estados Unidos.@F1<\/p>\n<p data-mrf-recirculation=\"Links P\u00e1rrafos\" class=\"ue-c-article__paragraph paragraph\">Los pilotos espa\u00f1oles contin\u00faan en su positivo estado de forma este fin de semana. <strong>Fernando Alonso<\/strong> regres\u00f3 a la <strong>Q3<\/strong>, pero no pudo exprimir lo mejor de su coche y se tuvo que conformar con la <strong>10\u00ba posici\u00f3n<\/strong>. Mismo escenario para <strong>Carlos Sainz<\/strong>, quien partir\u00e1 desde el <strong>noveno (9\u00ba) escal\u00f3n<\/strong> en la carrera dominical.\u00a0<\/p>\n<p>Horarios del Gran Premio de EEUU de F1 2025<\/p>\n<p data-mrf-recirculation=\"Links P\u00e1rrafos\" class=\"ue-c-article__paragraph paragraph\">La 19\u00ba cita del calendario, correspondiente al <strong>Gran Premio de Estados Unidos,<\/strong> se celebrar\u00e1 en horario nocturno. Los 20 pilotos comenzar\u00e1n a recorrer el <strong>Circuito de Las Am\u00e9ricas a las 21:00 horas (hora peninsular espa\u00f1ola).<\/strong><\/p>\n<p>Parrilla de pilotos para el GP de EEUU<\/p>\n<p>Tras la clasificaci\u00f3n del s\u00e1bado, as\u00ed ser\u00e1 el orden de parrilla de la carrera en Austin:<\/p>\n<ol class=\"ue-c-article__list ue-c-article__list--ordered\">\n<li>Max Verstappen &#8211; 1:32.510<\/li>\n<li>Lando Norris\u00a0&#8211; 1:32.801<\/li>\n<li>Charles Leclerc\u00a0&#8211; 1:32.807<\/li>\n<li>George Russell\u00a0&#8211; 1:32.826<\/li>\n<li>Lewis Hamilton\u00a0&#8211; 1:32.912<\/li>\n<li>Oscar Piastri &#8211; 1:33.084<\/li>\n<li>Kimi Antonelli\u00a0&#8211; 1:33.114<\/li>\n<li>Oliver Bearman\u00a0&#8211; 1:33.139<\/li>\n<li><strong>Carlos Sainz\u00a0&#8211; 1:33.150<\/strong><\/li>\n<li><strong>Fernando Alonso\u00a0&#8211; 1:33.160<\/strong><\/li>\n<li>Nico H\u00fclkenberg\u00a0&#8211; 1:33.334<\/li>\n<li>Liam Lawson\u00a0&#8211; 1:33.360<\/li>\n<li>Yuki Tsunoda\u00a0&#8211; 1:33.466<\/li>\n<li>Pierre Gasly\u00a0&#8211; 1:33.651<\/li>\n<li>Franco Colapinto &#8211; 1:34.044<\/li>\n<li>Gabriel Bortoleto\u00a0&#8211; 1:34.125<\/li>\n<li>Esteban Ocon\u00a0&#8211; 1:34.136<\/li>\n<li>Alex Albon\u00a0&#8211; 1:34.690<\/li>\n<li>Isack Hadjar &#8211; NT<\/li>\n<li>Lance Stroll &#8211; 1:34.540<\/li>\n<\/ol>\n<p>\u00bfD\u00f3nde ver en TV y online el GP de EEUU F1 2025?<\/p>\n<p data-mrf-recirculation=\"Links P\u00e1rrafos\" class=\"ue-c-article__paragraph paragraph\">La carrera del <strong>Gran Premio de Estados Unidos 2025 de F\u00f3rmula 1<\/strong> se podr\u00e1 ver en TV en la plataforma de <strong>DAZN F1 y en Movistar+<\/strong>. Tambi\u00e9n, tienes la opci\u00f3n de seguir todo lo que suceda en el d\u00eda de carrera en <strong>Las Am\u00e9ricas<\/strong> en directo a trav\u00e9s de <strong>MARCA.com y Radio MARCA.<\/strong><\/p>\n","protected":false},"excerpt":{"rendered":"El Gran Premio de los Estados Unidos llega al d\u00eda m\u00e1s importante del fin de semana. A pesar&hellip;\n","protected":false},"author":2,"featured_media":185983,"comment_status":"","ping_status":"","sticky":false,"template":"","format":"standard","meta":{"footnotes":""},"categories":[270],"tags":[168,25,24,306,271,272,23,167],"class_list":{"0":"post-185982","1":"post","2":"type-post","3":"status-publish","4":"format-standard","5":"has-post-thumbnail","7":"category-formula-1","8":"tag-deportes","9":"tag-es","10":"tag-espana","11":"tag-f1","12":"tag-formula-1","13":"tag-formula1","14":"tag-spain","15":"tag-sports"},"share_on_mastodon":{"url":"","error":""},"_links":{"self":[{"href":"https:\/\/www.europesays.com\/es\/wp-json\/wp\/v2\/posts\/185982","targetHints":{"allow":["GET"]}}],"collection":[{"href":"https:\/\/www.europesays.com\/es\/wp-json\/wp\/v2\/posts"}],"about":[{"href":"https:\/\/www.europesays.com\/es\/wp-json\/wp\/v2\/types\/post"}],"author":[{"embeddable":true,"href":"https:\/\/www.europesays.com\/es\/wp-json\/wp\/v2\/users\/2"}],"replies":[{"embeddable":true,"href":"https:\/\/www.europesays.com\/es\/wp-json\/wp\/v2\/comments?post=185982"}],"version-history":[{"count":0,"href":"https:\/\/www.europesays.com\/es\/wp-json\/wp\/v2\/posts\/185982\/revisions"}],"wp:featuredmedia":[{"embeddable":true,"href":"https:\/\/www.europesays.com\/es\/wp-json\/wp\/v2\/media\/185983"}],"wp:attachment":[{"href":"https:\/\/www.europesays.com\/es\/wp-json\/wp\/v2\/media?parent=185982"}],"wp:term":[{"taxonomy":"category","embeddable":true,"href":"https:\/\/www.europesays.com\/es\/wp-json\/wp\/v2\/categories?post=185982"},{"taxonomy":"post_tag","embeddable":true,"href":"https:\/\/www.europesays.com\/es\/wp-json\/wp\/v2\/tags?post=185982"}],"curies":[{"name":"wp","href":"https:\/\/api.w.org\/{rel}","templated":true}]}}