{"id":185988,"date":"2025-10-18T23:24:14","date_gmt":"2025-10-18T23:24:14","guid":{"rendered":"https:\/\/www.europesays.com\/es\/185988\/"},"modified":"2025-10-18T23:24:14","modified_gmt":"2025-10-18T23:24:14","slug":"marilo-montero-ejerce-de-madrina-feliz-con-un-diseno-turquesa-frente-al-coral-de-plumas-de-pepa-gea-en-la-boda-de-alberto-herrera-y-blanca-llandres","status":"publish","type":"post","link":"https:\/\/www.europesays.com\/es\/185988\/","title":{"rendered":"Maril\u00f3 Montero ejerce de madrina feliz con un dise\u00f1o turquesa frente al coral de plumas de Pepa Gea en la boda de Alberto Herrera y Blanca Llandr\u00e9s"},"content":{"rendered":"<p><img loading=\"lazy\" decoding=\"async\" src=\"https:\/\/www.europesays.com\/es\/wp-content\/uploads\/2025\/10\/1760450890_434_100x100_informalia-logo.jpg\" itemtype=\"\/\/schema.org\/ImageObject\" itemprop=\"url\" alt=\"Informalia\" width=\"64\" height=\"64\" pinger-seen=\"true\"\/><\/p>\n<p>Sanl\u00facar de Barrameda ha sido testigo este s\u00e1bado 18 de la <a href=\"https:\/\/www.eleconomista.es\/informalia\/famosos\/noticias\/13599893\/10\/25\/la-boda-de-alberto-herrera-y-blanca-llandres-en-sanlucar-de-barrameda-una-novia-radiante-con-vestido-premama.html\" title=\"La boda de Alberto Herrera y Blanca Llandr\u00e9s en Sanl\u00facar de Barrameda: una novia radiante con vestido premam\u00e1 y Maril\u00f3 Montero de madrina orgullosa\" rel=\"nofollow noopener\" target=\"_blank\">boda de Alberto Herrera y Blanca Llandr\u00e9s<\/a>, hijo de los periodistas Maril\u00f3 Montero y Carlos Herrera. Un d\u00eda muy especial que ha reunido a dos de los rostros m\u00e1s conocidos del periodismo espa\u00f1ol para celebrar el enlace de su primog\u00e9nito, que adem\u00e1s <b>ser\u00e1 pap\u00e1 dentro de pocos meses<\/b>, ya que su mujer se ha casado embarazada de cinco meses.<\/p>\n<p><b>La presentadora, de 60 a\u00f1os, que ha ejercido de madrina orgullosa<\/b>, llegaba al templo muy sonriente y acompa\u00f1ando a su hijo en uno de los momentos m\u00e1s emotivos.<\/p>\n<p>                            <img decoding=\"async\" src=\"https:\/\/www.europesays.com\/es\/wp-content\/uploads\/2025\/10\/770x_marilo-montero.jpg\" loading=\"lazy\"\/><\/p>\n<p>                            Maril\u00f3 Montero y Alberto Herrera<\/p>\n<p>Para dicha ocasi\u00f3n tan especial, la presentadora ha apostado por <b>un vestido midi en color turquesa, con escote en V, mangas fluidas y una elegant\u00edsima gargantilla de diamantes<\/b> a tono con su estilismo. En los pies, ha lucido unos salones en verde oliva. <\/p>\n<p>                            <img decoding=\"async\" src=\"https:\/\/www.europesays.com\/es\/wp-content\/uploads\/2025\/10\/770x_pepa-gea.jpg\" loading=\"lazy\"\/><\/p>\n<p>                            Carlos Herrera y Pepa Gea<\/p>\n<p>Por su parte, el locutor de la COPE ha sido de los primeros en llegar, acompa\u00f1ado de su esposa, la tambi\u00e9n periodista <b>Pepa Gea<\/b>. Herrera, adem\u00e1s, se ha detenido unos minutos ante los medios congregados a las puertas de la iglesia.<b> \u00abNo lo he notado muy nervioso<\/b>. El d\u00eda acompa\u00f1a y el pueblo acompa\u00f1a\u00bb, confesaba el orgulloso padre del novio, para a\u00f1adir que<b> \u00abes un d\u00eda muy especial para todos\u00bb<\/b>.<\/p>\n<p>                            <img decoding=\"async\" src=\"https:\/\/www.europesays.com\/es\/wp-content\/uploads\/2025\/10\/770x_pepeaaaa.jpg\" loading=\"lazy\"\/><\/p>\n<p>                            Pepa Gea<\/p>\n<p>Pepa Gea, la mujer de Carlos Herrera, ha acaparado todas las miradas con un espectacular<b> vestido en color coral, adornado con plumas<\/b> en la parte superior del pecho. El dise\u00f1o, confeccionado en un tejido satinado con ligero brillo y firmado por Tot-Hom, ca\u00eda con un elegante corte midi al ras del suelo. La periodista ha completado su look con un bolso de mano marr\u00f3n de Yves Saint Laurent. <\/p>\n<p>Dos historias de amor con periodistas<\/p>\n<p><b>Carlos Herrera y Pepa Gea se conocieron en 2018<\/b>, pero no fue hasta 2022 cuando se dieron el \u00abs\u00ed, quiero\u00bb en lo alto de un rascacielos de Nueva York. Posteriormente, lo celebraron por todo lo alto el 31 de diciembre de ese mismo a\u00f1o en la finca que el periodista posee en El Roc\u00edo, en Huelva. <\/p>\n<p>El locutor, por su parte,<b> estuvo casado en primeras nupcias con Maril\u00f3 Montero<\/b>, madre de sus dos hijos. Los periodistas contrajeron matrimonio el 28 de septiembre de 1991 en Aravaca, Madrid, y poco despu\u00e9s naci\u00f3 su hijo Alberto, hoy de 33 a\u00f1os. En 1994 lleg\u00f3 al mundo la peque\u00f1a Roc\u00edo Crusset. Tras 20 a\u00f1os juntos, en 2011 se separaron. <\/p>\n<p>WhatsApp<a href=\"https:\/\/api.whatsapp.com\/send?text=https:\/\/www.eleconomista.es\/informalia\/famosos\/noticias\/13600107\/10\/25\/marilo-montero-ejerce-de-madrina-feliz-con-un-diseno-turquesa-frente-al-coral-de-plumas-de-pepa-gea-en-la-boda-de-alberto-herrera-y-blanca-llandres.html?utm_source%3Dwhatsapp%26utm_medium%3Dshare_button&amp;id=1648118629957_whatsapp\" target=\"_blank\" data-action=\"share\/whatsapp\/share\" aria-label=\"Compartir en Whatsapp\" rel=\"nofollow noopener\"><\/a>Facebook<a id=\"fb-share\" href=\"#\" target=\"_blank\" rel=\"noopener noreferrer\" aria-label=\"Compartir en Facebook\"><\/a>Twitter<a href=\"https:\/\/twitter.com\/share?text=Maril%C3%B3+Montero+ejerce+de+madrina+feliz+con+un+dise%C3%B1o+turquesa+frente+al+coral+de+plumas+de+Pepa+Gea+en+la+boda+de+Alberto+Herrera+y+Blanca+Llandr%C3%A9s&amp;url=https:\/\/www.eleconomista.es\/informalia\/famosos\/noticias\/13600107\/10\/25\/marilo-montero-ejerce-de-madrina-feliz-con-un-diseno-turquesa-frente-al-coral-de-plumas-de-pepa-gea-en-la-boda-de-alberto-herrera-y-blanca-llandres.html&amp;via=Informalia&amp;id=1648118839245_twitter\" target=\"_blank\" aria-label=\"Compartir en Twitter\" rel=\"nofollow noopener\"><\/a>Linkedin<a onclick=\"return abrirLinkedin();\" href=\"https:\/\/www.linkedin.com\/shareArticle?text=Maril%C3%B3+Montero+ejerce+de+madrina+feliz+con+un+dise%C3%B1o+turquesa+frente+al+coral+de+plumas+de+Pepa+Gea+en+la+boda+de+Alberto+Herrera+y+Blanca+Llandr%C3%A9s&amp;url=https:\/\/www.eleconomista.es\/informalia\/famosos\/noticias\/13600107\/10\/25\/marilo-montero-ejerce-de-madrina-feliz-con-un-diseno-turquesa-frente-al-coral-de-plumas-de-pepa-gea-en-la-boda-de-alberto-herrera-y-blanca-llandres.html&amp;mini=true\" target=\"_blank\" aria-label=\"Compartir en linkedin\" rel=\"nofollow noopener\"><\/a>Beloud<a href=\"https:\/\/beloud.com\/share?text=Maril%C3%B3+Montero+ejerce+de+madrina+feliz+con+un+dise%C3%B1o+turquesa+frente+al+coral+de+plumas+de+Pepa+Gea+en+la+boda+de+Alberto+Herrera+y+Blanca+Llandr%C3%A9s&amp;url=https:\/\/www.eleconomista.es\/informalia\/famosos\/noticias\/13600107\/10\/25\/marilo-montero-ejerce-de-madrina-feliz-con-un-diseno-turquesa-frente-al-coral-de-plumas-de-pepa-gea-en-la-boda-de-alberto-herrera-y-blanca-llandres.html&amp;via=Informalia&amp;id=1648118839245_beloud\" target=\"_blank\" aria-label=\"Compartir en beloud\" rel=\"nofollow noopener\"><\/a>Bluesky<a href=\"https:\/\/bsky.app\/intent\/compose?text=https:\/\/bsky.app\/intent\/compose?text=https:\/\/www.eleconomista.es\/informalia\/famosos\/noticias\/13600107\/10\/25\/marilo-montero-ejerce-de-madrina-feliz-con-un-diseno-turquesa-frente-al-coral-de-plumas-de-pepa-gea-en-la-boda-de-alberto-herrera-y-blanca-llandres.html&amp;url=https:\/\/www.eleconomista.es\/informalia\/famosos\/noticias\/13600107\/10\/25\/marilo-montero-ejerce-de-madrina-feliz-con-un-diseno-turquesa-frente-al-coral-de-plumas-de-pepa-gea-en-la-boda-de-alberto-herrera-y-blanca-llandres.html&amp;via=elEconomistaes&amp;id=1648118839245_bluesky\" target=\"_blank\" aria-label=\"Compartir en bluesky\" rel=\"nofollow noopener\"><\/a><\/p>\n<p><script async src=\"https:\/\/platform.twitter.com\/widgets.js\" charset=\"utf-8\"><\/script><\/p>\n","protected":false},"excerpt":{"rendered":"Sanl\u00facar de Barrameda ha sido testigo este s\u00e1bado 18 de la boda de Alberto Herrera y Blanca Llandr\u00e9s,&hellip;\n","protected":false},"author":2,"featured_media":185989,"comment_status":"","ping_status":"","sticky":false,"template":"","format":"standard","meta":{"footnotes":""},"categories":[174],"tags":[255,146,147,25,24,256,260,23],"class_list":{"0":"post-185988","1":"post","2":"type-post","3":"status-publish","4":"format-standard","5":"has-post-thumbnail","7":"category-famosos","8":"tag-celebrities","9":"tag-entertainment","10":"tag-entretenimiento","11":"tag-es","12":"tag-espana","13":"tag-famosos","14":"tag-gente","15":"tag-spain"},"share_on_mastodon":{"url":"","error":""},"_links":{"self":[{"href":"https:\/\/www.europesays.com\/es\/wp-json\/wp\/v2\/posts\/185988","targetHints":{"allow":["GET"]}}],"collection":[{"href":"https:\/\/www.europesays.com\/es\/wp-json\/wp\/v2\/posts"}],"about":[{"href":"https:\/\/www.europesays.com\/es\/wp-json\/wp\/v2\/types\/post"}],"author":[{"embeddable":true,"href":"https:\/\/www.europesays.com\/es\/wp-json\/wp\/v2\/users\/2"}],"replies":[{"embeddable":true,"href":"https:\/\/www.europesays.com\/es\/wp-json\/wp\/v2\/comments?post=185988"}],"version-history":[{"count":0,"href":"https:\/\/www.europesays.com\/es\/wp-json\/wp\/v2\/posts\/185988\/revisions"}],"wp:featuredmedia":[{"embeddable":true,"href":"https:\/\/www.europesays.com\/es\/wp-json\/wp\/v2\/media\/185989"}],"wp:attachment":[{"href":"https:\/\/www.europesays.com\/es\/wp-json\/wp\/v2\/media?parent=185988"}],"wp:term":[{"taxonomy":"category","embeddable":true,"href":"https:\/\/www.europesays.com\/es\/wp-json\/wp\/v2\/categories?post=185988"},{"taxonomy":"post_tag","embeddable":true,"href":"https:\/\/www.europesays.com\/es\/wp-json\/wp\/v2\/tags?post=185988"}],"curies":[{"name":"wp","href":"https:\/\/api.w.org\/{rel}","templated":true}]}}