{"id":185999,"date":"2025-10-18T23:32:13","date_gmt":"2025-10-18T23:32:13","guid":{"rendered":"https:\/\/www.europesays.com\/es\/185999\/"},"modified":"2025-10-18T23:32:13","modified_gmt":"2025-10-18T23:32:13","slug":"cae-un-record-historico-en-pasapalabra","status":"publish","type":"post","link":"https:\/\/www.europesays.com\/es\/185999\/","title":{"rendered":"Cae un r\u00e9cord hist\u00f3rico en &#8216;Pasapalabra&#8217;"},"content":{"rendered":"<p class=\"v-mdl-ath__p v-mdl-ath__p--6\">\nViernes, 17 de octubre 2025, 10:23<\/p>\n<p class=\"v-p\">El r\u00e9cord de Orestes Barbero como concursante con m\u00e1s programas de la historia de &#8216;Pasapalabra&#8217; lleg\u00f3 ayer a su fin. Manu Pascual sum\u00f3 su concurso n\u00famero 361 y desbanc\u00f3 a Barbero, con quien empat\u00f3 el martes. No ser\u00e1 el \u00fanico r\u00e9cord que caiga en &#8216;Pasapalabra&#8217; en los pr\u00f3ximos d\u00edas y es que Manu y Rosa, su rival desde hace 200 programas, pelean por un bote que ya asciende a los 2.266.000 euros. El premio m\u00e1s alto de la historia se lo llev\u00f3 Rafa Casta\u00f1o con 2.272.000 euros. Y dado que Antena 3 a\u00fan no ha hecho ninguna promoci\u00f3n del bote, todo apunta a que ya se ha superado esa cifra m\u00e1gica.<\/p>\n<p class=\"v-p\">Manu Pascual lleg\u00f3 el 17 de mayo de 2024 a &#8216;Pasapalabra&#8217; despu\u00e9s de suceder a \u00d3scar D\u00edaz, el \u00faltimo ganador del bote. Natural de Collado Villalba (Madrid), este joven a sus 28 a\u00f1os es licenciado en Psicolog\u00eda y ya se ha convertido en uno de los rostros m\u00e1s populares de los concursos televisivos.<\/p>\n<p class=\"v-p\">El gusanillo por el rosco m\u00e1s famoso de la peque\u00f1a pantalla se lo meti\u00f3 su abuela Sandra, de 97 a\u00f1os. Con ella ha visto el programa durante a\u00f1os, primero en Antena 3, despu\u00e9s en Telecinco y nuevamente en Antena 3. Y como buen fan del programa, el joven Manu ha sacado su peque\u00f1a lecci\u00f3n de aprendizaje de los grandes concursantes. El madrile\u00f1o ha desvelado en numerosas ocasiones que se &#8216;apropio&#8217; de los trucos que \u00d3scar y Mois\u00e9s revelaron en el programa y que aprendi\u00f3 mucho de Javier D\u00e1vila. \u00abSiempre te fijas en ellos porque si han durado tanto tiempo es por algo. Es una ilusi\u00f3n concursar despu\u00e9s de ellos, lo que pasa que el list\u00f3n tambi\u00e9n est\u00e1 muy alto\u00bb, contaba el protagonista durante sus primeros d\u00edas en el programa.<\/p>\n<p class=\"v-p\">Cuando a Manu le preguntaron qu\u00e9 har\u00eda con el premio, este fue muy sincero: \u00abAyudar\u00eda a mi familia y me encanta estudiar, entonces emplear\u00eda parte en seguir estudiando\u00bb. A su lado se encuentra Rosa Rodr\u00edguez. Ella lleg\u00f3 al programa hace ahora un a\u00f1o. Suma m\u00e1s de 200 programas y su rivalidad con Manu es ya la m\u00e1s longevas de la historia del concurso. <\/p>\n<p>Reporta un error<\/p>\n","protected":false},"excerpt":{"rendered":"Viernes, 17 de octubre 2025, 10:23 El r\u00e9cord de Orestes Barbero como concursante con m\u00e1s programas de la&hellip;\n","protected":false},"author":2,"featured_media":186000,"comment_status":"","ping_status":"","sticky":false,"template":"","format":"standard","meta":{"footnotes":""},"categories":[91],"tags":[10722,146,147,25,24,1903,4284,4722,23],"class_list":{"0":"post-185999","1":"post","2":"type-post","3":"status-publish","4":"format-standard","5":"has-post-thumbnail","7":"category-entretenimiento","8":"tag-cae","9":"tag-entertainment","10":"tag-entretenimiento","11":"tag-es","12":"tag-espana","13":"tag-historico","14":"tag-pasapalabra","15":"tag-record","16":"tag-spain"},"share_on_mastodon":{"url":"","error":""},"_links":{"self":[{"href":"https:\/\/www.europesays.com\/es\/wp-json\/wp\/v2\/posts\/185999","targetHints":{"allow":["GET"]}}],"collection":[{"href":"https:\/\/www.europesays.com\/es\/wp-json\/wp\/v2\/posts"}],"about":[{"href":"https:\/\/www.europesays.com\/es\/wp-json\/wp\/v2\/types\/post"}],"author":[{"embeddable":true,"href":"https:\/\/www.europesays.com\/es\/wp-json\/wp\/v2\/users\/2"}],"replies":[{"embeddable":true,"href":"https:\/\/www.europesays.com\/es\/wp-json\/wp\/v2\/comments?post=185999"}],"version-history":[{"count":0,"href":"https:\/\/www.europesays.com\/es\/wp-json\/wp\/v2\/posts\/185999\/revisions"}],"wp:featuredmedia":[{"embeddable":true,"href":"https:\/\/www.europesays.com\/es\/wp-json\/wp\/v2\/media\/186000"}],"wp:attachment":[{"href":"https:\/\/www.europesays.com\/es\/wp-json\/wp\/v2\/media?parent=185999"}],"wp:term":[{"taxonomy":"category","embeddable":true,"href":"https:\/\/www.europesays.com\/es\/wp-json\/wp\/v2\/categories?post=185999"},{"taxonomy":"post_tag","embeddable":true,"href":"https:\/\/www.europesays.com\/es\/wp-json\/wp\/v2\/tags?post=185999"}],"curies":[{"name":"wp","href":"https:\/\/api.w.org\/{rel}","templated":true}]}}