{"id":186011,"date":"2025-10-18T23:38:16","date_gmt":"2025-10-18T23:38:16","guid":{"rendered":"https:\/\/www.europesays.com\/es\/186011\/"},"modified":"2025-10-18T23:38:16","modified_gmt":"2025-10-18T23:38:16","slug":"el-abanca-ademar-sufre-para-mantener-su-velocidad-de-crucero-en-liga","status":"publish","type":"post","link":"https:\/\/www.europesays.com\/es\/186011\/","title":{"rendered":"El Abanca Ademar sufre para mantener su velocidad de crucero en liga"},"content":{"rendered":"<p><a class=\"v-mdl-ath__fig-a\" href=\"https:\/\/www.leonoticias.com\/autor\/borja-perez-7064.html\" title=\"Borja P\u00e9rez\" rel=\"nofollow noopener\" target=\"_blank\"><br \/>\n<img decoding=\"async\" class=\"v-mdl-ath__img\" src=\"https:\/\/www.europesays.com\/es\/wp-content\/uploads\/2025\/08\/autor-7064-foto-1.jpeg\" alt=\"Borja P\u00e9rez\"\/><br \/>\n<\/a><\/p>\n<p class=\"v-mdl-ath__p v-mdl-ath__p--6\">\nS\u00e1bado, 18 de octubre 2025, 21:09<\/p>\n<p class=\"v-p\">Tuvo que sufrir de lo lindo, pero el Abanca Ademar volvi\u00f3 a ganar (29-28) y ya van tres victorias consecutivas en liga. Los de Dani Gordo tomaron la batuta del encuentro desde el inicio, pero no consiguieron mantener las elevadas ventajas conseguidas en algunos tramos y acabaron complic\u00e1ndose m\u00e1s de la cuenta.<\/p>\n<p class=\"v-p\">Sin embargo, los dos puntos se quedaron en Le\u00f3n, lo que supone que el Abanca Ademar se mantenga en puestos europeos con nueve puntos y mantenga una gran din\u00e1mica en la competici\u00f3n liguera.<\/p>\n<p><img decoding=\"async\" loading=\"lazy\" src=\"https:\/\/www.europesays.com\/es\/wp-content\/uploads\/2025\/10\/Escudo Abanca Ademar.png\" class=\"v-scr__img\" width=\"44\" height=\"44\" alt=\"Abanca Ademar\"\/><\/p>\n<p class=\"v-scr__t\">Abanca Ademar<\/p>\n<p class=\"v-scr__p v-scr__p--3\">Saeid; Gonzalo P\u00e9rez (5), Wasiak (5), Benites (3), Rodrigo P\u00e9rez Arce (1), Adri Fern\u00e1ndez (2), Dario Sanz (4) \u2013 siete inicial \u2013 \u00c1lvaro P\u00e9rez, Mi\u00f1ambres (5), Edu Fern\u00e1ndez (1), Alberto Mart\u00edn (-), Sergio S\u00e1nchez (2), Zapico (1), Samu S\u00e1iz (-), Albizu (-)<\/p>\n<p class=\"v-scr__n-c v-scr__n-c--1 \">\n 29\n<\/p>\n<p class=\"v-scr__n-c v-scr__n-c--2\">\n&#8211;\n<\/p>\n<p class=\"v-scr__n-c v-scr__n-c--3 \">\n 28\n<\/p>\n<p class=\"v-scr__t\">Balonmano Cuenca<\/p>\n<p><img decoding=\"async\" loading=\"lazy\" src=\"https:\/\/www.europesays.com\/es\/wp-content\/uploads\/2025\/10\/Escudo Rebi Cuenca.png\" class=\"v-scr__img\" width=\"44\" height=\"44\" alt=\"Balonmano Cuenca\"\/><\/p>\n<p class=\"v-scr__p v-scr__p--3\">Pedro Tonicher; Manuel Lima (6), Nacho Pizarro (3), Alfonso Mendes (4), Fede Pizarro (4), G\u00e1ndara (4), Tavares (3), -siete inicial-; Toth (4), Jaime Colmena (-), David Notario (-) y Sergio Ant\u00fanez (-).<\/p>\n<ul class=\"v-u\">\n<li class=\"v-u__l\">\n<p class=\"v-p\">\nParciales<br \/>\n4-2, 8-5, 10-7, 13-8, 15-13, 17-14 (descanso); 20-16, 22-18, 25-21, 26-22, 28-25, 29-28 (final).\n<\/p>\n<\/li>\n<li class=\"v-u__l\">\n<p class=\"v-p\">\n\u00c1rbitros<br \/>\nSosa Gordalina y Lemes Mart\u00ednez. Excluyeron a Gonzalo, Adri\u00e1n Fern\u00e1ndez y Wasiak (2) por parte del Abanca Ademar y a Nacho Pizarro, Pedro Matos y Mendes por parte de Rebi Cuenca.\n<\/p>\n<\/li>\n<li class=\"v-u__l\">\n<p class=\"v-p\">\nIncidencias<br \/>\nPalacio Municipal de Deportes. Jornada 6 de la Liga Plenitude Asobal.\n<\/p>\n<\/li>\n<\/ul>\n<p class=\"v-p\">El duelo iba a estar marcado por las defensas, como as\u00ed indicaban las estad\u00edsticas, sobre todo en el caso de los visitantes que, a pesar de estar en la zona baja de la tabla, compet\u00edan en cada encuentro con tanteadores bajos.<\/p>\n<p class=\"v-p\">Se inici\u00f3 movido el duelo en el Palacio de Deportes, con la primera exclusi\u00f3n para los conquenses antes de alcanzar el primer minuto de encuentro. Empezar\u00eda a aparecer Tonicher, destacado guardameta de Rebi Cuenca, con la primera parada a Gonzalo P\u00e9rez Arce en los siete metros.<\/p>\n<p>El Abanca Ademar toma el mando<\/p>\n<p class=\"v-p\">Sin embargo, poco a poco, empezar\u00eda a coger distancia el Abanca Ademar, sumando su primera ventaja de dos tantos (3-1) y, a partir de ah\u00ed, lograron crecer en el partido. Apretando la defensa y mostrando desparpajo en ataque, como ven\u00edan haciendo en los \u00faltimos encuentros, la renta creci\u00f3 hasta los cuatro tantos (7-3).<\/p>\n<p class=\"v-p\">Sin embargo, un parcial 1-3 para Cuenca volver\u00eda a acercar a Cuenca en el luminoso (8-6). Los conquenses lograban arreones de buen juego para hacer da\u00f1o, pero, en l\u00edneas generales, era el Abanca Ademar quien llevaba la batuta del choque y, cada vez que pisaba el acelerador, lo reflejaba en el marcador.<\/p>\n<p><a href=\"http:\/\/www.leonoticias.com\/deportes\/ademar\/perez-arce-lideran-abanca-ademar-progresion-20251016120554-nt.html#vtm_modulosEngag=mod-rel:deportes:noticia:1:cmp:1-not\" class=\"v-a-link\" aria-label=\"Imagen\" rel=\"nofollow noopener\" target=\"_blank\"><\/p>\n<p><img decoding=\"async\" loading=\"lazy\" src=\"https:\/\/www.europesays.com\/es\/wp-content\/uploads\/2025\/10\/GONZALO-ISAAC-LLAMA (5)-kBSF--366x256@Leonoticias.jpg\" class=\"v-a-img\" width=\"258\" height=\"180\" alt=\"\" data-voc-vtm-id=\"in-text-traffic\"\/><\/p>\n<p><\/a><\/p>\n<p class=\"v-p\">Gonzalo P\u00e9rez Arce, Rodrigo Benites y Dar\u00edo Sanz lograban encontrar las costuras una y otra vez en la zaga visitante, obteniendo una ventaja de cinco goles por primera vez (13-8). Aun as\u00ed, en el balonmano ninguna ventaja es suficiente y, tras un tramo de seis minutos sin marcar por parte de los maristas, el cuadro visitantes logr\u00f3 ponerse a un tanto (15-14), aunque la ventaja volvi\u00f3 a tres al pitido final del primer acto.<\/p>\n<p>Sufrir para vencer<\/p>\n<p class=\"v-p\">No estaba siendo un partido ni mucho menos f\u00e1cil para un conjunto leon\u00e9s que, a pesar de que consegu\u00eda buenas rentas merced a tramos de gran juego, no lograban mantener la regularidad, algo que se repitir\u00eda en la segunda media hora.<\/p>\n<p class=\"v-p\">De nuevo, desde el liderazgo de Mi\u00f1ambres conseguir\u00edan poner una nueva ventaja de seis tantos tras unos primeros minutos de amplia superiordad (22-16). As\u00ed, con ventajas importantes que nunca bajaban de los tres goles, llegar\u00edan a los \u00faltimos diez minutos. <\/p>\n<p class=\"v-p\">Un parcial 0-3 aprovechando la exclusi\u00f3n de Wasiak fue suficiente para volver a equilibrar el duelo para los \u00faltimos minutos, pero, finalmente, a trav\u00e9s de un tanto de Adri\u00e1n a falta de un minuto, el Abanca Ademar firm\u00f3 un nuevo triunfo muy sufrido en el Palacio (29-28).<\/p>\n<p>Reporta un error<\/p>\n","protected":false},"excerpt":{"rendered":"S\u00e1bado, 18 de octubre 2025, 21:09 Tuvo que sufrir de lo lindo, pero el Abanca Ademar volvi\u00f3 a&hellip;\n","protected":false},"author":2,"featured_media":186012,"comment_status":"","ping_status":"","sticky":false,"template":"","format":"standard","meta":{"footnotes":""},"categories":[278],"tags":[6857,5871,376,5666,168,25,24,375,1044,877,23,167,11463,7133],"class_list":{"0":"post-186011","1":"post","2":"type-post","3":"status-publish","4":"format-standard","5":"has-post-thumbnail","7":"category-balonmano","8":"tag-abanca","9":"tag-ademar","10":"tag-balonmano","11":"tag-crucero","12":"tag-deportes","13":"tag-es","14":"tag-espana","15":"tag-handball","16":"tag-liga","17":"tag-mantener","18":"tag-spain","19":"tag-sports","20":"tag-sufre","21":"tag-velocidad"},"share_on_mastodon":{"url":"","error":""},"_links":{"self":[{"href":"https:\/\/www.europesays.com\/es\/wp-json\/wp\/v2\/posts\/186011","targetHints":{"allow":["GET"]}}],"collection":[{"href":"https:\/\/www.europesays.com\/es\/wp-json\/wp\/v2\/posts"}],"about":[{"href":"https:\/\/www.europesays.com\/es\/wp-json\/wp\/v2\/types\/post"}],"author":[{"embeddable":true,"href":"https:\/\/www.europesays.com\/es\/wp-json\/wp\/v2\/users\/2"}],"replies":[{"embeddable":true,"href":"https:\/\/www.europesays.com\/es\/wp-json\/wp\/v2\/comments?post=186011"}],"version-history":[{"count":0,"href":"https:\/\/www.europesays.com\/es\/wp-json\/wp\/v2\/posts\/186011\/revisions"}],"wp:featuredmedia":[{"embeddable":true,"href":"https:\/\/www.europesays.com\/es\/wp-json\/wp\/v2\/media\/186012"}],"wp:attachment":[{"href":"https:\/\/www.europesays.com\/es\/wp-json\/wp\/v2\/media?parent=186011"}],"wp:term":[{"taxonomy":"category","embeddable":true,"href":"https:\/\/www.europesays.com\/es\/wp-json\/wp\/v2\/categories?post=186011"},{"taxonomy":"post_tag","embeddable":true,"href":"https:\/\/www.europesays.com\/es\/wp-json\/wp\/v2\/tags?post=186011"}],"curies":[{"name":"wp","href":"https:\/\/api.w.org\/{rel}","templated":true}]}}