{"id":186026,"date":"2025-10-18T23:47:11","date_gmt":"2025-10-18T23:47:11","guid":{"rendered":"https:\/\/www.europesays.com\/es\/186026\/"},"modified":"2025-10-18T23:47:11","modified_gmt":"2025-10-18T23:47:11","slug":"esto-fue-lo-que-les-ayudo-a-recuperar-su-relacion","status":"publish","type":"post","link":"https:\/\/www.europesays.com\/es\/186026\/","title":{"rendered":"esto fue lo que les ayud\u00f3 a recuperar su relaci\u00f3n"},"content":{"rendered":"<p id=\"eBlEjeQoMm\" data-wc=\"101\">Lidia Torrent reaparece m\u00e1s sincera que nunca y deja a todos con la boca abierta al hablar de su relaci\u00f3n con Jaime Astrain. La presentadora atraviesa un momento personal muy especial y ha querido compartir c\u00f3mo se encuentra realmente tras unos meses decisivos en su vida. Sus palabras, cargadas de serenidad y madurez, dejan entrever un cambio importante en su manera de afrontar la pareja y la vida. En esta entrevista, Lidia sorprende con una visi\u00f3n renovada sobre el amor, el crecimiento personal y la calma emocional. <strong>\u00a0\u00a1No te pierdas el v\u00eddeo en el que se sincera sobre su nueva etapa!<\/strong><\/p>\n","protected":false},"excerpt":{"rendered":"Lidia Torrent reaparece m\u00e1s sincera que nunca y deja a todos con la boca abierta al hablar de&hellip;\n","protected":false},"author":2,"featured_media":186027,"comment_status":"","ping_status":"","sticky":false,"template":"","format":"standard","meta":{"footnotes":""},"categories":[174],"tags":[517,255,146,147,25,24,256,52390,52389,23,3362],"class_list":{"0":"post-186026","1":"post","2":"type-post","3":"status-publish","4":"format-standard","5":"has-post-thumbnail","7":"category-famosos","8":"tag-actualidad","9":"tag-celebrities","10":"tag-entertainment","11":"tag-entretenimiento","12":"tag-es","13":"tag-espana","14":"tag-famosos","15":"tag-jaime-astrain","16":"tag-lidia-torrent","17":"tag-spain","18":"tag-terapia"},"share_on_mastodon":{"url":"","error":""},"_links":{"self":[{"href":"https:\/\/www.europesays.com\/es\/wp-json\/wp\/v2\/posts\/186026","targetHints":{"allow":["GET"]}}],"collection":[{"href":"https:\/\/www.europesays.com\/es\/wp-json\/wp\/v2\/posts"}],"about":[{"href":"https:\/\/www.europesays.com\/es\/wp-json\/wp\/v2\/types\/post"}],"author":[{"embeddable":true,"href":"https:\/\/www.europesays.com\/es\/wp-json\/wp\/v2\/users\/2"}],"replies":[{"embeddable":true,"href":"https:\/\/www.europesays.com\/es\/wp-json\/wp\/v2\/comments?post=186026"}],"version-history":[{"count":0,"href":"https:\/\/www.europesays.com\/es\/wp-json\/wp\/v2\/posts\/186026\/revisions"}],"wp:featuredmedia":[{"embeddable":true,"href":"https:\/\/www.europesays.com\/es\/wp-json\/wp\/v2\/media\/186027"}],"wp:attachment":[{"href":"https:\/\/www.europesays.com\/es\/wp-json\/wp\/v2\/media?parent=186026"}],"wp:term":[{"taxonomy":"category","embeddable":true,"href":"https:\/\/www.europesays.com\/es\/wp-json\/wp\/v2\/categories?post=186026"},{"taxonomy":"post_tag","embeddable":true,"href":"https:\/\/www.europesays.com\/es\/wp-json\/wp\/v2\/tags?post=186026"}],"curies":[{"name":"wp","href":"https:\/\/api.w.org\/{rel}","templated":true}]}}