{"id":186030,"date":"2025-10-18T23:49:14","date_gmt":"2025-10-18T23:49:14","guid":{"rendered":"https:\/\/www.europesays.com\/es\/186030\/"},"modified":"2025-10-18T23:49:14","modified_gmt":"2025-10-18T23:49:14","slug":"todos-tienen-en-comun-las-ganas-de-vivir","status":"publish","type":"post","link":"https:\/\/www.europesays.com\/es\/186030\/","title":{"rendered":"\u00abTodos tienen en com\u00fan las ganas de vivir\u00bb"},"content":{"rendered":"<p> La vida cambia en un segundo. No pide permiso para marcharse, no espera a que hayas concluido tus planes. Lo saben bien 19 o\u00f1atiarras  &#8230; que han estado cerca de la muerte y le han contado su experiencia a Joxefe D\u00edaz de Tuesta en el libro &#8216;Bestaldetik etorriak&#8217;. Ictus, infartos, accidentes laborales, c\u00e1nceres, transplantes, accidentes de tr\u00e1fico, agr\u00edcolas&#8230; les pusieron contra las cuerdas y salieron adelante dispuestos a aprovechar el regalo de seguir vivos.<\/p>\n<p class=\"v-p\"> \u00abHa sido una experiencia muy bonita y enriquecedora, cuanto m\u00e1s leo los testimonios m\u00e1s crudos e importantes me parecen . Es un libro como para tenerlo en la mesilla y echarle una ojeada cuando est\u00e1s de baj\u00f3n para recargar pilas \u00bb se\u00f1al\u00f3 el autor en la multitudinaria presentaci\u00f3n celebrada el viernes en la sala de exposiciones de Kultur etxea. D\u00edaz de Tuesta agradeci\u00f3 la generosidad de los diecinueve protagonistas, adem\u00e1s de su valor y fuerza ante la adversidad.<\/p>\n<ul class=\"v-u\">\n<li class=\"v-u__l\">\n<p class=\"v-p\">\nT\u00edtulo<br \/>\n&#8216;Bestaldetik etorriak&#8217;.\n<\/p>\n<\/li>\n<li class=\"v-u__l\">\n<p class=\"v-p\">\nAutor<br \/>\nJoxefe D\u00edaz de Tuesta.\n<\/p>\n<\/li>\n<li class=\"v-u__l\">\n<p class=\"v-p\">\nContenido. Fotograf\u00edas y testimonios de 19 o\u00f1atiarras que han estado a punto de morir<br \/>\nI\u00f1aki Igartua, Koldo Zumalde, Seraf\u00edn Aparicio, Lourdes Azurmendi, Jos\u00e9 Ram\u00f3n Azkoitia, Miguel Angel G\u00f3mez &#8216;Bobby&#8217;, Juan Carlos Nogueiras, Nikolas Etxeberria, Joseba Azkarate, Jos\u00e9 Ram\u00f3n Olalde, Roberto Moreno, Amaia Villar, Javier Clemente, Reyes Elortza, Algimiro Jim\u00e9nez, Pedro Berrocal y Migel Angel Aldekoa, Ant\u00f3n Azpiazu, Josu Ega\u00f1a &#8216;Paiko&#8217;\n<\/p>\n<\/li>\n<li class=\"v-u__l\">\n<p class=\"v-p\">\nA la venta<br \/>\nAltuna, Haritza y Txokolateixia (35 euros).\n<\/p>\n<\/li>\n<\/ul>\n<p class=\"v-p\"> Empez\u00f3 a madurar la idea con un amigo ya fallecido, Xabier Ugarte. \u00abMe dijo que le hab\u00eda visto las barbas a San Pedro tras estar un mes en coma por un ictus. Luego vino la pandemia y la salud cobr\u00f3 m\u00e1s protagonismo, y me puse a ello\u00bb.<\/p>\n<p class=\"v-p\">Joxefe combina fotograf\u00edas en blanco y negro en papel vegetal con narraciones en primera persona. No ha querido \u00abaportar, ni profundizar,simplemente transcribir las conversaciones\u00bb. Cada protagonista tiene algunos titulares destacados y un peque\u00f1o texto literario introductor.<\/p>\n<p>Fuerza, valor y ganas de vivir<\/p>\n<p class=\"v-p\">Koldo y Miguel Angel pensaron que le dec\u00edan adi\u00f3s a la vida debajo de un tractor. A I\u00f1aki una septicemia le &#8216;regal\u00f3&#8217; una vida atado a una silla de ruedas y un optimismo vital. El Covid casi acaba con Seraf\u00edn, Lourdes y Pedro; un accidente en la huerta con Jos\u00e9 Ram\u00f3n; y otro en el caser\u00edo con Reyes. &#8216;Bobby&#8217;, Ant\u00f3n y Algimiro le han visto m\u00e1s de una vez las barbas a San Pedro. A Miguel Angel le atropellaron con 14 a\u00f1os y tras dos infartos, vive con el coraz\u00f3n de otro. Azpiazu tuvo tambi\u00e9n dos infartos y sigue aqu\u00ed gracias a un medicamento nuevo para la leucemia. Y Jim\u00e9nez no solo sobrevivi\u00f3 a una ca\u00edda de 10 metros en la f\u00e1brica, tambi\u00e9n a un c\u00e1ncer de ri\u00f1\u00f3n. <\/p>\n<p class=\"v-p\">A Carlos y Amaia sendos ictus les obligaron a volver a nacer, a luchar y reinventarse. Nikolas, Javi y Josu &#8216;Paiko&#8217; estuvieron a punto de morir en sus puestos de trabajo, y Joseba en un accidente de tr\u00e1fico que le dej\u00f3 tetrapl\u00e9jico pero no le impide hacer deporte, tocar en un grupo de m\u00fasica, y sobre todo vivir. Esa palabra que tanto tememos, c\u00e1ncer, tambi\u00e9n se ceb\u00f3 con Jos\u00e9 Ram\u00f3n, y sobre todo con Roberto, que perdi\u00f3 una pierna, pero le gan\u00f3 la batalla de la vida.. <\/p>\n<p class=\"v-p\">Todos se enfrentaron a la muerte y quieren aprovechar la vida. De todo ello, de los miedos, las hospitalizaciones, de la gente que te apoya y la que no&#8230; habla un libro muy especial. No solo por el contenido, tambi\u00e9n por el dise\u00f1o. La pasi\u00f3n por la fotograf\u00eda y los proyectos KM0 de Joxefe ha alumbrado un ejemplar que invita a sacarle partido a la vida, porque sola hay una.<\/p>\n","protected":false},"excerpt":{"rendered":"La vida cambia en un segundo. No pide permiso para marcharse, no espera a que hayas concluido tus&hellip;\n","protected":false},"author":2,"featured_media":186031,"comment_status":"","ping_status":"","sticky":false,"template":"","format":"standard","meta":{"footnotes":""},"categories":[172],"tags":[224,10052,146,147,25,24,12835,225,23,1284],"class_list":{"0":"post-186030","1":"post","2":"type-post","3":"status-publish","4":"format-standard","5":"has-post-thumbnail","7":"category-libros","8":"tag-books","9":"tag-comun","10":"tag-entertainment","11":"tag-entretenimiento","12":"tag-es","13":"tag-espana","14":"tag-ganas","15":"tag-libros","16":"tag-spain","17":"tag-vivir"},"share_on_mastodon":{"url":"","error":""},"_links":{"self":[{"href":"https:\/\/www.europesays.com\/es\/wp-json\/wp\/v2\/posts\/186030","targetHints":{"allow":["GET"]}}],"collection":[{"href":"https:\/\/www.europesays.com\/es\/wp-json\/wp\/v2\/posts"}],"about":[{"href":"https:\/\/www.europesays.com\/es\/wp-json\/wp\/v2\/types\/post"}],"author":[{"embeddable":true,"href":"https:\/\/www.europesays.com\/es\/wp-json\/wp\/v2\/users\/2"}],"replies":[{"embeddable":true,"href":"https:\/\/www.europesays.com\/es\/wp-json\/wp\/v2\/comments?post=186030"}],"version-history":[{"count":0,"href":"https:\/\/www.europesays.com\/es\/wp-json\/wp\/v2\/posts\/186030\/revisions"}],"wp:featuredmedia":[{"embeddable":true,"href":"https:\/\/www.europesays.com\/es\/wp-json\/wp\/v2\/media\/186031"}],"wp:attachment":[{"href":"https:\/\/www.europesays.com\/es\/wp-json\/wp\/v2\/media?parent=186030"}],"wp:term":[{"taxonomy":"category","embeddable":true,"href":"https:\/\/www.europesays.com\/es\/wp-json\/wp\/v2\/categories?post=186030"},{"taxonomy":"post_tag","embeddable":true,"href":"https:\/\/www.europesays.com\/es\/wp-json\/wp\/v2\/tags?post=186030"}],"curies":[{"name":"wp","href":"https:\/\/api.w.org\/{rel}","templated":true}]}}