{"id":186034,"date":"2025-10-18T23:51:18","date_gmt":"2025-10-18T23:51:18","guid":{"rendered":"https:\/\/www.europesays.com\/es\/186034\/"},"modified":"2025-10-18T23:51:18","modified_gmt":"2025-10-18T23:51:18","slug":"angelus-apatrida-ayer-en-la-revuelta-de-david-broncano","status":"publish","type":"post","link":"https:\/\/www.europesays.com\/es\/186034\/","title":{"rendered":"ANGELUS APATRIDA ayer en La Revuelta de David Broncano"},"content":{"rendered":"<p><img data-lazyloaded=\"1\" fetchpriority=\"high\" decoding=\"async\" class=\"alignnone size-full wp-image-348351\" src=\"https:\/\/www.europesays.com\/es\/wp-content\/uploads\/2025\/10\/ANGELUS-APATRIDA-La-Revuelta.jpg\" alt=\"\" width=\"1440\" height=\"1701\"  data-\/><\/p>\n<p><strong>Angelus Ap\u00e1trida<\/strong> visitaron este jueves 16 de octubre de 2025 La Revuelta de <strong>David Broncano<\/strong>, donde ofrecieron una potente interpretaci\u00f3n en directo de su tema \u201cIndoctrinate\u201d. La banda de thrash metal de Albacete, considerada una de las m\u00e1s importantes del g\u00e9nero en Espa\u00f1a y reconocida internacionalmente, volvi\u00f3 a mostrar su energ\u00eda y cercan\u00eda con el p\u00fablico.<\/p>\n<p>Durante el programa, los m\u00fasicos hablaron sobre sus gustos musicales \u2014que incluyen hip-hop, indie y hasta pop comercial\u2014 sorprendiendo a Broncano con nombres como Ariana Grande, Katy Perry o Man\u00e1. En su 25\u00ba aniversario, <strong>Angelus Ap\u00e1trida<\/strong> contin\u00faan celebrando una carrera que los ha llevado a compartir escenario con gigantes como Megadeth, Slayer o Anthrax, y a liderar listas de ventas con su disco hom\u00f3nimo de 2021.<\/p>\n<p>Conciertos:<\/p>\n<p>18 de octubre \u2013 Bilbao (Bilbao Arena)<br \/>25 de octubre \u2013 Barcelona (Sala Razzmatazz)<\/p>\n<blockquote class=\"instagram-media\" style=\"background: #FFF; border: 0; border-radius: 3px; box-shadow: 0 0 1px 0 rgba(0,0,0,0.5),0 1px 10px 0 rgba(0,0,0,0.15); margin: 1px; max-width: 540px; min-width: 326px; padding: 0; width: calc(100% - 2px);\" data-instgrm-captioned=\"\" data-instgrm-permalink=\"https:\/\/www.instagram.com\/reel\/DP4oW9PCkaf\/?utm_source=ig_embed&amp;utm_campaign=loading\" data-instgrm-version=\"14\"\/><p><script async src=\"\/\/www.instagram.com\/embed.js\"><\/script><\/p>\n","protected":false},"excerpt":{"rendered":"Angelus Ap\u00e1trida visitaron este jueves 16 de octubre de 2025 La Revuelta de David Broncano, donde ofrecieron una&hellip;\n","protected":false},"author":2,"featured_media":186035,"comment_status":"","ping_status":"","sticky":false,"template":"","format":"standard","meta":{"footnotes":""},"categories":[170],"tags":[43177,146,147,25,24,184,185,23],"class_list":{"0":"post-186034","1":"post","2":"type-post","3":"status-publish","4":"format-standard","5":"has-post-thumbnail","7":"category-musica","8":"tag-angelus-apatrida","9":"tag-entertainment","10":"tag-entretenimiento","11":"tag-es","12":"tag-espana","13":"tag-music","14":"tag-musica","15":"tag-spain"},"share_on_mastodon":{"url":"","error":""},"_links":{"self":[{"href":"https:\/\/www.europesays.com\/es\/wp-json\/wp\/v2\/posts\/186034","targetHints":{"allow":["GET"]}}],"collection":[{"href":"https:\/\/www.europesays.com\/es\/wp-json\/wp\/v2\/posts"}],"about":[{"href":"https:\/\/www.europesays.com\/es\/wp-json\/wp\/v2\/types\/post"}],"author":[{"embeddable":true,"href":"https:\/\/www.europesays.com\/es\/wp-json\/wp\/v2\/users\/2"}],"replies":[{"embeddable":true,"href":"https:\/\/www.europesays.com\/es\/wp-json\/wp\/v2\/comments?post=186034"}],"version-history":[{"count":0,"href":"https:\/\/www.europesays.com\/es\/wp-json\/wp\/v2\/posts\/186034\/revisions"}],"wp:featuredmedia":[{"embeddable":true,"href":"https:\/\/www.europesays.com\/es\/wp-json\/wp\/v2\/media\/186035"}],"wp:attachment":[{"href":"https:\/\/www.europesays.com\/es\/wp-json\/wp\/v2\/media?parent=186034"}],"wp:term":[{"taxonomy":"category","embeddable":true,"href":"https:\/\/www.europesays.com\/es\/wp-json\/wp\/v2\/categories?post=186034"},{"taxonomy":"post_tag","embeddable":true,"href":"https:\/\/www.europesays.com\/es\/wp-json\/wp\/v2\/tags?post=186034"}],"curies":[{"name":"wp","href":"https:\/\/api.w.org\/{rel}","templated":true}]}}