{"id":186036,"date":"2025-10-18T23:52:12","date_gmt":"2025-10-18T23:52:12","guid":{"rendered":"https:\/\/www.europesays.com\/es\/186036\/"},"modified":"2025-10-18T23:52:12","modified_gmt":"2025-10-18T23:52:12","slug":"ben-stiller-documental-stiller-y-meara-nada-se-ha-perdido-por-apple-tv-amo-tanto-a-sus-padres-que-les-hizo-una-pelicula-actor-en-exclusiva-con-somos-sobre-su-nuevo-documental-somos","status":"publish","type":"post","link":"https:\/\/www.europesays.com\/es\/186036\/","title":{"rendered":"Ben Stiller | documental Stiller y Meara: Nada se ha perdido por Apple TV+ | Am\u00f3 tanto a sus padres que les hizo una pel\u00edcula: actor en exclusiva con Somos sobre su nuevo documental | SOMOS"},"content":{"rendered":"<p itemprop=\"description\" class=\"story-contents__font-paragraph \">Todo hijo es producto de sus padres. Biol\u00f3gico, pero tambi\u00e9n mental: un hijo puede ser la suma de frustraciones y anhelos ajenos. En esa l\u00ednea, <a itemprop=\"url\" href=\"https:\/\/elcomercio.pe\/noticias\/ben-stiller\/\" target=\"_self\" rel=\"nofollow noopener\" title=\"https:\/\/elcomercio.pe\/noticias\/ben-stiller\/\"><b>Ben Stiller<\/b><\/a> (EE.UU., 1965) \u2014actor c\u00f3mico hijo de otros actores c\u00f3micos\u2014 ahonda en la herencia de sus progenitores con un documental en el que cuenta su historia.<\/p>\n<blockquote class=\"story-contents__blockquote\"><p><b>LEE TAMBI\u00c9N | <\/b><a href=\"https:\/\/elcomercio.pe\/somos\/historias\/dua-lipa-en-exclusiva-con-el-comercio-siempre-espero-que-mis-canciones-encuentren-un-hogar-que-toquen-a-alguien-cuando-es-su-concierto-2025-en-lima-precios-entradas-ticketmaster-estadio-san-marcos-noticia\/\" rel=\"nofollow noopener\" target=\"_blank\"><b>\u201cSiempre ha estado arriba de mi lista ir a Machu Picchu\u201d: Dua Lipa habla con Somos a puertas de su concierto en Per\u00fa<\/b><\/a><\/p><\/blockquote>\n<p itemprop=\"description\" class=\"story-contents__font-paragraph \"><b>\u201cStiller y Meara: Nada se ha perdido\u201d<\/b>, cinta que se estrenar\u00e1 el pr\u00f3ximo 24 de octubre en <a itemprop=\"url\" href=\"https:\/\/elcomercio.pe\/noticias\/apple-tv\/\" target=\"_self\" rel=\"nofollow noopener\" title=\"https:\/\/elcomercio.pe\/noticias\/apple-tv\/\"><b>Apple TV+<\/b><\/a>, presenta la vida de <b>Jerry Stiller<\/b> y <b>Anne Meara<\/b>, los padres de Ben Stiller y de su hermana Amy, tambi\u00e9n actriz. Jerry y Anne se conocieron j\u00f3venes y al poco tiempo empezaron a trabajar como un d\u00fao c\u00f3mico. En los a\u00f1os 60 y 70, se mov\u00edan principalmente en el show de Ed Sullivan, leyenda de la televisi\u00f3n estadounidense. Ya en los a\u00f1os 90, Jerry Stiller goz\u00f3 de popularidad mundial por interpretar a Frank Costanza, padre de George Constanza (Jason Alexander) en la serie \u201cSeinfeld\u201d. Frank era un hombre aterrorizado de los ratones y, como todos en la historia, su personalidad aleja a los dem\u00e1s, principalmente a su hijo.<\/p>\n<p class=\"cutter-nl__title\">Newsletter exclusivo para suscriptores<\/p>\n<p><img decoding=\"async\" src=\"https:\/\/www.europesays.com\/es\/wp-content\/uploads\/2025\/10\/adelanto_somos.png\" width=\"87\" height=\"87\" alt=\"Juan Carlos Fangacio\" class=\"cutter-nl__author-image\" loading=\"lazy\"\/><\/p>\n<p class=\"cutter-nl__newsletter-description\">Juan Carlos Fangacio presenta en exclusiva lo que traer\u00e1 nuestro suplemento sabatino, cada viernes.<\/p>\n<p>Rec\u00edbelo<img loading=\"lazy\" src=\"https:\/\/www.europesays.com\/es\/wp-content\/uploads\/2025\/10\/VFOEPSB52JFD7JAVQZOEQIY4EA.PNG\" alt=\"Ben Stiller y Jerry  Stiller en el rodaje de \u201cZoolander\u201d (2001). El padre del actor interpreta al jefe de una agencia de modelos masculinos. (Foto: Paramount)\" decoding=\"async\" class=\"lazy story-contents__image w-full o-cover\" style=\"--aspect-ratio:2078\/1384\" width=\"2078\" height=\"1384\"\/><\/p>\n<p>Ben Stiller y Jerry  Stiller en el rodaje de \u201cZoolander\u201d (2001). El padre del actor interpreta al jefe de una agencia de modelos masculinos. (Foto: Paramount)<\/p>\n<p itemprop=\"description\" class=\"story-contents__font-paragraph \">\u201cEn definitiva, dir\u00eda que [la pel\u00edcula] es una forma de procesar el duelo. De conectar, de alg\u00fan modo, cuando tus padres ya no est\u00e1n\u201d, responde Ben Stiller a El Comercio durante una conversaci\u00f3n con medios internacionales. Su madre y padre murieron, respectivamente, en 2015 y 2020. La idea del documental surgi\u00f3 mientras el cineasta y su hermana hac\u00edan los preparativos para vender la casa donde crecieron, que estaba llena de material audiovisual.<\/p>\n<p itemprop=\"description\" class=\"story-contents__font-paragraph \">Porque Jerry Stiller viv\u00eda obsesionado con registrar su vida en video: no solo ten\u00eda cintas de sus apariciones en televisi\u00f3n, sino que tambi\u00e9n filmaba reuniones familiares y hasta las discusiones con su esposa. De haber nacido en la d\u00e9cada del 2000, es probable que el hombre habr\u00eda sido una estrella de los \u2018live\u2019 de TikTok.<\/p>\n<p itemprop=\"description\" class=\"story-contents__font-paragraph \">\u201cFui muy afortunado de tener padres que fueron muy documentados en video \u2014a\u00f1ade Stiller, quien revis\u00f3 decenas de horas de material para su pel\u00edcula\u2014. Los padres de mi esposa no est\u00e1n en el negocio del espect\u00e1culo y tienen muy pocas pel\u00edculas caseras. Los m\u00edos, en cambio, tienen todas estas entrevistas, shows y videos en bruto que me parecieron fascinantes. Programas de sketches donde ve\u00edas las tomas que no quedaron\u201d.<\/p>\n<p><img loading=\"lazy\" src=\"https:\/\/www.europesays.com\/es\/wp-content\/uploads\/2025\/10\/BWVHIUFUHRDSBK46VDMB2WWBU4.JPG\" alt=\"Ben y Amy Stiller han participado en varios proyectos juntos. La actriz empez\u00f3 en Hollywood en 1970, cuando solo ten\u00eda 9 a\u00f1os de edad. (Foto: Apple TV)\" decoding=\"async\" class=\"lazy story-contents__image w-full o-cover\" style=\"--aspect-ratio:6000\/2488\" width=\"6000\" height=\"2488\"\/><\/p>\n<p>Ben y Amy Stiller han participado en varios proyectos juntos. La actriz empez\u00f3 en Hollywood en 1970, cuando solo ten\u00eda 9 a\u00f1os de edad. (Foto: Apple TV)<\/p>\n<p itemprop=\"description\" class=\"story-contents__font-paragraph \">Pero Jerry Stiller no solo preserv\u00f3 videos, sino tambi\u00e9n las cartas de amor que intercambi\u00f3 con su esposa en los primeros a\u00f1os de relaci\u00f3n. \u201cFue realmente incre\u00edble leer esas cartas \u2014asegura el hijo\u2014. Casi parec\u00eda que eran personas distintas, porque cuando piensas en tus padres no los imaginas en ese primer destello del amor joven y en una etapa completamente diferente de sus vidas. En esas cartas hablaban de las obras que hac\u00edan en teatros de verano o regionales, en peque\u00f1os papeles, esforz\u00e1ndose por abrirse camino, y aun as\u00ed completamente enamorados\u201d.<\/p>\n<p>DIN\u00c1MICAS FAMILIARES<\/p>\n<p itemprop=\"description\" class=\"story-contents__font-paragraph \">Eso s\u00ed, la vida de Jerry y Anne no fue perfecta. La pel\u00edcula da a entender que descuidaron a sus hijos como consecuencia del trabajo. Al hacer el documental, Ben Stiller fue consciente de que hab\u00eda repetido hasta cierto punto estos patrones de conducta con sus propios hijos, Ella y Quinn, de 23 y 20 a\u00f1os. En la cinta, el actor y director dialoga con sus hijos para entender su propia paternidad. Es un nivel de acceso in\u00e9dito que este actor ofrece al p\u00fablico sobre su vida privada.<\/p>\n<p itemprop=\"description\" class=\"story-contents__font-paragraph \">\u00bfQu\u00e9 espera Ben Stiller que la gente interprete de su documental? \u201cLa forma en que la familia se relaciona generacionalmente, c\u00f3mo los padres afectan a los hijos y luego esos hijos tienen sus propios hijos \u2014responde el actor\u2014. Qu\u00e9 cosas transmitimos, tanto lo bueno como lo malo, y c\u00f3mo reconciliamos ello con la p\u00e9rdida de un padre\u201d. \/\/<\/p>\n<p>UNA CARRERA CAMBIANTE<\/p>\n<p>\u201cZoolander\u201d<\/p>\n<p>\u201cZoolander\u201d (2001) marc\u00f3 los quince a\u00f1os de Stiller en Hollywood como profesional. Una pel\u00edcula que solo podr\u00eda imaginarse con \u00e9l como protagonista y que tambi\u00e9n dirigi\u00f3 y coescribi\u00f3. La historia del modelo de pasarela Derek Zoolander y su rival Hansel McDonald (Owen Wilson) cost\u00f3 US$28 millones y recaud\u00f3 US$60 millones, un \u00e9xito moderado que ciment\u00f3 la carrera de Stiller como autor de comedias. La mirada \u201cazul acero\u201d del personaje se convirti\u00f3 casi en s\u00edmbolo de su actor, quien lleg\u00f3 a caminar por una pasarela en la vida real para promover la secuela.<\/p>\n<p>\u201cTropic Thunder\u201d<\/p>\n<p>Un actor muy galardonado, un comediante y una estrella de pel\u00edculas de acci\u00f3n se unen para filmar una pel\u00edcula de guerra. Pero el director, harto de estas divas, los abandona en la selva. El resultado es \u201cTropic Thunder\u201d (2008), que no solo es considerada una de las mejores comedias estadounidense del siglo XXI, sino que se convirti\u00f3 en una de las pel\u00edculas m\u00e1s taquilleras de Stiller. Como dato adicional, se dice que esta pel\u00edcula consigui\u00f3 revivir la carrera de Tom Cruise, cuya imagen estaba por los suelos debido a una serie de malas decisiones.<\/p>\n<p>3<\/p>\n<p><img src=\"https:\/\/www.europesays.com\/es\/wp-content\/uploads\/2025\/10\/ITYA2BPO5BBP5JBZXKPIW6LV3M.JPG\" alt=\"\" decoding=\"async\" class=\"lazy \"\/><\/p>\n<p>\u201cSeverance\u201d<\/p>\n<p>Si el mundo pensaba en Ben Stiller solo como actor c\u00f3mico, \u201cSeverance\u201d (2022) cambi\u00f3 esa perspectiva. El escritor Dan Erickson le present\u00f3 la serie y Stiller qued\u00f3 encantado con la historia. Por ello, no solo termin\u00f3 produci\u00e9ndola, sino que dirigi\u00f3 11 de sus 19 episodios. Es la historia de los trabajadores de la compa\u00f1\u00eda Lumon, que se someten a un procedimiento para separar por un lado sus recuerdos de la vida laboral, y por otro los de su vida personal. Este 2025, sus actores Britt Lower y Tramell Tillman ganaron premios Emmy.<\/p>\n","protected":false},"excerpt":{"rendered":"Todo hijo es producto de sus padres. Biol\u00f3gico, pero tambi\u00e9n mental: un hijo puede ser la suma de&hellip;\n","protected":false},"author":2,"featured_media":186037,"comment_status":"","ping_status":"","sticky":false,"template":"","format":"standard","meta":{"footnotes":""},"categories":[169],"tags":[52395,52393,52394,52396,52399,12178,5754,52397,177,52400,146,147,25,24,176,52398,175,52391,23,52392],"class_list":{"0":"post-186036","1":"post","2":"type-post","3":"status-publish","4":"format-standard","5":"has-post-thumbnail","7":"category-cine","8":"tag-cual-es-la-nacionalidad-de-ben-stiller","9":"tag-que-enfermedad-tiene-ben-stiller","10":"tag-que-paso-con-ben-stiller","11":"tag-quien-es-la-esposa-de-ben-stiller","12":"tag-anne-meara","13":"tag-apple-tv","14":"tag-ben-stiller","15":"tag-ben-stiller-padres","16":"tag-cine","17":"tag-documental-stiller-y-meara-nada-se-ha-perdido","18":"tag-entertainment","19":"tag-entretenimiento","20":"tag-es","21":"tag-espana","22":"tag-film","23":"tag-jerry-stiller","24":"tag-movies","25":"tag-quien-es-ben-stiller","26":"tag-spain","27":"tag-stiller-y-meara-nada-se-ha-perdido"},"share_on_mastodon":{"url":"","error":""},"_links":{"self":[{"href":"https:\/\/www.europesays.com\/es\/wp-json\/wp\/v2\/posts\/186036","targetHints":{"allow":["GET"]}}],"collection":[{"href":"https:\/\/www.europesays.com\/es\/wp-json\/wp\/v2\/posts"}],"about":[{"href":"https:\/\/www.europesays.com\/es\/wp-json\/wp\/v2\/types\/post"}],"author":[{"embeddable":true,"href":"https:\/\/www.europesays.com\/es\/wp-json\/wp\/v2\/users\/2"}],"replies":[{"embeddable":true,"href":"https:\/\/www.europesays.com\/es\/wp-json\/wp\/v2\/comments?post=186036"}],"version-history":[{"count":0,"href":"https:\/\/www.europesays.com\/es\/wp-json\/wp\/v2\/posts\/186036\/revisions"}],"wp:featuredmedia":[{"embeddable":true,"href":"https:\/\/www.europesays.com\/es\/wp-json\/wp\/v2\/media\/186037"}],"wp:attachment":[{"href":"https:\/\/www.europesays.com\/es\/wp-json\/wp\/v2\/media?parent=186036"}],"wp:term":[{"taxonomy":"category","embeddable":true,"href":"https:\/\/www.europesays.com\/es\/wp-json\/wp\/v2\/categories?post=186036"},{"taxonomy":"post_tag","embeddable":true,"href":"https:\/\/www.europesays.com\/es\/wp-json\/wp\/v2\/tags?post=186036"}],"curies":[{"name":"wp","href":"https:\/\/api.w.org\/{rel}","templated":true}]}}