{"id":186055,"date":"2025-10-19T00:03:07","date_gmt":"2025-10-19T00:03:07","guid":{"rendered":"https:\/\/www.europesays.com\/es\/186055\/"},"modified":"2025-10-19T00:03:07","modified_gmt":"2025-10-19T00:03:07","slug":"para-la-pelea-con-un-aspirante-noqueado-y-la-reinicia-otra-vez","status":"publish","type":"post","link":"https:\/\/www.europesays.com\/es\/186055\/","title":{"rendered":"para la pelea con un aspirante noqueado&#8230; \u00a1Y la reinicia otra vez!"},"content":{"rendered":"<p data-gtm-element-container=\"modulo-texto-link\" class=\"paragraph\">Nadie encuentra explicaci\u00f3n a la \u00faltima pol\u00e9mica en la UFC.<strong> Matt Frevola y Kyle Nelson<\/strong> fueron los primeros protagonistas de la cartelera principal del regreso de la compa\u00f1\u00eda a Vancouver, en un combate arbitrado por <strong>Dan Miragliotta<\/strong>, veterano en el deporte en este rol. El canadiense logr\u00f3 mandar al suelo a su oponente, a quien logr\u00f3 finalizar con un ground and pound tremendo. Sin embargo, el juez de oct\u00e1gono ten\u00eda otros planes, y cometi\u00f3 un error garrafal en su decisi\u00f3n: <strong>par\u00f3 la pelea, pero determin\u00f3 que ambos aspirantes deb\u00edan salir a la llamada del segundo asalto.<\/strong><\/p>\n<blockquote class=\"twitter-tweet\" data-lang=\"es\"><p>\n<a href=\"https:\/\/twitter.com\/PlayNowSports\/status\/1979690893021253793\" rel=\"nofollow noopener\" target=\"_blank\">\n<\/p><\/blockquote>\n<p data-gtm-element-container=\"modulo-texto-link\" class=\"paragraph\">Miragliotta, \u00e1rbitro de la contienda, cometi\u00f3 un error inexplicable que vali\u00f3 los abucheos del p\u00fablico.<strong> El respetable comenz\u00f3 a cantar &#8216;\u00e1rbitro, apestas&#8217; despu\u00e9s de una pol\u00e9mica decisi\u00f3n que supone la segunda consecutiva dentro de la UFC:<\/strong> el juez de la pelea frena por completo el enfrentamiento, pero no alcanza a dar una decisi\u00f3n final que otorgue la victoria al agresor y vencedor por ground and pound, sin explicaci\u00f3n alguna.<\/p>\n<p>    Lee tambi\u00e9n<\/p>\n<p data-gtm-element-container=\"modulo-texto-link\" class=\"paragraph\">Kyle Nelson, sin embargo, no debi\u00f3 lamentar tragedia deportiva alguna.<strong> El canadiense logr\u00f3 vencer a Frevola por decisi\u00f3n un\u00e1nime, despu\u00e9s de asegurar dos rounds dominantes tras el fallo garrafal de Dan Miragliotta<\/strong>, que hizo estallar a Vancouver despu\u00e9s de su error. Con el fallo del juez de oct\u00e1gono en el pa\u00eds norteamericano, ya son dos los consecutivos sucedidos en una velada de la UFC, despu\u00e9s de la inexplicable pifia acontecida en el combate de Joel \u00c1lvarez en R\u00edo de Janeiro.<\/p>\n<p><script async src=\"https:\/\/platform.twitter.com\/widgets.js\" charset=\"utf-8\"><\/script><\/p>\n","protected":false},"excerpt":{"rendered":"Nadie encuentra explicaci\u00f3n a la \u00faltima pol\u00e9mica en la UFC. Matt Frevola y Kyle Nelson fueron los primeros&hellip;\n","protected":false},"author":2,"featured_media":186056,"comment_status":"","ping_status":"","sticky":false,"template":"","format":"standard","meta":{"footnotes":""},"categories":[276],"tags":[168,25,24,23,167,343],"class_list":{"0":"post-186055","1":"post","2":"type-post","3":"status-publish","4":"format-standard","5":"has-post-thumbnail","7":"category-ufc","8":"tag-deportes","9":"tag-es","10":"tag-espana","11":"tag-spain","12":"tag-sports","13":"tag-ufc"},"share_on_mastodon":{"url":"","error":""},"_links":{"self":[{"href":"https:\/\/www.europesays.com\/es\/wp-json\/wp\/v2\/posts\/186055","targetHints":{"allow":["GET"]}}],"collection":[{"href":"https:\/\/www.europesays.com\/es\/wp-json\/wp\/v2\/posts"}],"about":[{"href":"https:\/\/www.europesays.com\/es\/wp-json\/wp\/v2\/types\/post"}],"author":[{"embeddable":true,"href":"https:\/\/www.europesays.com\/es\/wp-json\/wp\/v2\/users\/2"}],"replies":[{"embeddable":true,"href":"https:\/\/www.europesays.com\/es\/wp-json\/wp\/v2\/comments?post=186055"}],"version-history":[{"count":0,"href":"https:\/\/www.europesays.com\/es\/wp-json\/wp\/v2\/posts\/186055\/revisions"}],"wp:featuredmedia":[{"embeddable":true,"href":"https:\/\/www.europesays.com\/es\/wp-json\/wp\/v2\/media\/186056"}],"wp:attachment":[{"href":"https:\/\/www.europesays.com\/es\/wp-json\/wp\/v2\/media?parent=186055"}],"wp:term":[{"taxonomy":"category","embeddable":true,"href":"https:\/\/www.europesays.com\/es\/wp-json\/wp\/v2\/categories?post=186055"},{"taxonomy":"post_tag","embeddable":true,"href":"https:\/\/www.europesays.com\/es\/wp-json\/wp\/v2\/tags?post=186055"}],"curies":[{"name":"wp","href":"https:\/\/api.w.org\/{rel}","templated":true}]}}