{"id":186059,"date":"2025-10-19T00:07:08","date_gmt":"2025-10-19T00:07:08","guid":{"rendered":"https:\/\/www.europesays.com\/es\/186059\/"},"modified":"2025-10-19T00:07:08","modified_gmt":"2025-10-19T00:07:08","slug":"f1-clasificacion-del-gp-de-estados-unidos-resumen-resultados-y-reacciones-de-alonso-y-sainz-en-austin","status":"publish","type":"post","link":"https:\/\/www.europesays.com\/es\/186059\/","title":{"rendered":"F1 Clasificaci\u00f3n del GP de Estados Unidos: resumen, resultados y reacciones de Alonso y Sainz en Austin"},"content":{"rendered":"<p><strong>Fernando Alonso, d\u00e9cimo:<\/strong> \u00abMe he sentido bien. La verdad que buen feeling con el coche otra vez, como ayer. Igual pod\u00edamos haber hecho algo menor porque la \u00faltima vuelta fue ca\u00f3tica. Me dijeron que est\u00e1bamos fuera de tiempo a la salida del pitlane y, luego, cuando cruzamos la meta ten\u00eda 18 segundos de margen. Hay alg\u00fan error de c\u00e1lculo grosero por parte de nuestro entendimiento del tiempo. Hice la vuelta de salida a toda velocidad, pensando que no iba a llegar y, de repente, me sobraron 18 segundos y ya no ten\u00eda neum\u00e1ticos. As\u00ed que una pena, pero bueno, entrar en la Q3 creo que es siempre un objetivo bueno y realista. Lo hemos conseguido otra vez despu\u00e9s de perder todas las vueltas esta ma\u00f1ana (en la esprint), as\u00ed que contento\u00bb.<\/p>\n<p>\u00ab\u00bfLos puntos? No lo s\u00e9. Hemos sido el octavo equipo durante todo el fin de semana. Hemos hecho una buena crono ayer y una buena crono hoy, pero no hemos sumado puntos esta ma\u00f1ana y no s\u00e9 si los sumaremos ma\u00f1ana. Hay que hacer una buena actuaci\u00f3n\u00bb.<\/p>\n<p>\u00abSi se tocan tres o cuatro en la primera curva y abandonan seguramente suba posiciones, pero ma\u00f1ana a ver si pasa eso (risas). Que pase eso primero, luego las estrategias son mucho m\u00e1s f\u00e1ciles\u00bb<\/p>\n<p>\u00ab\u00bfEstrategia para ma\u00f1ana? Ganar tres o cuatro posiciones gratis\u00bb<\/p>\n","protected":false},"excerpt":{"rendered":"Fernando Alonso, d\u00e9cimo: \u00abMe he sentido bien. La verdad que buen feeling con el coche otra vez, como&hellip;\n","protected":false},"author":2,"featured_media":186060,"comment_status":"","ping_status":"","sticky":false,"template":"","format":"standard","meta":{"footnotes":""},"categories":[270],"tags":[168,25,24,306,271,272,23,167],"class_list":{"0":"post-186059","1":"post","2":"type-post","3":"status-publish","4":"format-standard","5":"has-post-thumbnail","7":"category-formula-1","8":"tag-deportes","9":"tag-es","10":"tag-espana","11":"tag-f1","12":"tag-formula-1","13":"tag-formula1","14":"tag-spain","15":"tag-sports"},"share_on_mastodon":{"url":"","error":""},"_links":{"self":[{"href":"https:\/\/www.europesays.com\/es\/wp-json\/wp\/v2\/posts\/186059","targetHints":{"allow":["GET"]}}],"collection":[{"href":"https:\/\/www.europesays.com\/es\/wp-json\/wp\/v2\/posts"}],"about":[{"href":"https:\/\/www.europesays.com\/es\/wp-json\/wp\/v2\/types\/post"}],"author":[{"embeddable":true,"href":"https:\/\/www.europesays.com\/es\/wp-json\/wp\/v2\/users\/2"}],"replies":[{"embeddable":true,"href":"https:\/\/www.europesays.com\/es\/wp-json\/wp\/v2\/comments?post=186059"}],"version-history":[{"count":0,"href":"https:\/\/www.europesays.com\/es\/wp-json\/wp\/v2\/posts\/186059\/revisions"}],"wp:featuredmedia":[{"embeddable":true,"href":"https:\/\/www.europesays.com\/es\/wp-json\/wp\/v2\/media\/186060"}],"wp:attachment":[{"href":"https:\/\/www.europesays.com\/es\/wp-json\/wp\/v2\/media?parent=186059"}],"wp:term":[{"taxonomy":"category","embeddable":true,"href":"https:\/\/www.europesays.com\/es\/wp-json\/wp\/v2\/categories?post=186059"},{"taxonomy":"post_tag","embeddable":true,"href":"https:\/\/www.europesays.com\/es\/wp-json\/wp\/v2\/tags?post=186059"}],"curies":[{"name":"wp","href":"https:\/\/api.w.org\/{rel}","templated":true}]}}