{"id":186081,"date":"2025-10-19T00:22:17","date_gmt":"2025-10-19T00:22:17","guid":{"rendered":"https:\/\/www.europesays.com\/es\/186081\/"},"modified":"2025-10-19T00:22:17","modified_gmt":"2025-10-19T00:22:17","slug":"estas-son-las-zonas-donde-llovera","status":"publish","type":"post","link":"https:\/\/www.europesays.com\/es\/186081\/","title":{"rendered":"estas son las zonas donde llover\u00e1"},"content":{"rendered":"<p class=\"c-paragraph\">El tiempo soleado y estable tiene las horas contadas en la mayor parte de Espa\u00f1a. La <b>llegada de un frente atl\u00e1ntico<\/b> cubrir\u00e1 los cielos del pa\u00eds a partir de este domingo y dejar\u00e1 precipitaciones en zonas como Galicia y Canarias, que se extender\u00e1n con el paso de las horas a toda la mitad norte peninsular y Baleares, seg\u00fan la previsi\u00f3n de la Agencia Estatal de Meteorolog\u00eda (<a href=\"https:\/\/www.20minutos.es\/tags\/instituciones-empresas\/agencia-estatal-de-meteorologia-aemet.html\" title=\"Agencia Estatal de Meteorolog\u00eda (AEMET)\" rel=\"nofollow noopener\" target=\"_blank\">Aemet<\/a>).<\/p>\n<p class=\"c-paragraph\">As\u00ed,\u00a0a medida que este sistema frontal avance por la Pen\u00ednsula, las lluvias llegar\u00e1n a las <b>comunidades de la cornisa cant\u00e1brica<\/b> \u2014Asturias, Cantabria y Pa\u00eds Vasco\u2014, pero tambi\u00e9n a Navarra, La Rioja y Castilla y Le\u00f3n.<\/p>\n<p class=\"c-paragraph\">Desde <a href=\"https:\/\/www.tiempo.com\/noticias\/prediccion\/lluvias-confirmadas-para-el-domingo-a-esta-hora-comenzara-a-llover-en-madrid-y-estas-otras-ciudades.html\" rel=\"nofollow noreferrer noopener\" title=\"Ver m\u00e1s informaci\u00f3n en Meteored\" target=\"_blank\">Meteored<\/a> se\u00f1alan que, a partir de la media tarde del domingo, podr\u00eda llover en ciudades como <b>Le\u00f3n, Valladolid, Bilbao, Burgos o Salamanca<\/b>, y no se descarta tampoco que estas lluvias, en general de car\u00e1cter leve, tambi\u00e9n alcancen Madrid.<\/p>\n<p class=\"c-paragraph\">La peor parte se la llevar\u00e1 el tercio noroeste peninsular, <b>Galicia y Asturias<\/b>, donde se esperan las lluvias <b>m\u00e1s abundantes y persistentes<\/b>, especialmente en la fachada atl\u00e1ntica gallega, que tambi\u00e9n podr\u00edan ir acompa\u00f1adas de tormentas ocasionales.<\/p>\n<p class=\"c-paragraph\">Asimismo,\u00a0el paso de este frente fr\u00edo provocar\u00e1 un <b>descenso<\/b> de las temperaturas m\u00e1ximas en el <b>noroeste peninsular,<\/b> sobre todo en Galicia. Por el contrario, los term\u00f3metros aumentar\u00e1n en el valle del Ebro, el Ampurd\u00e1n, litoral cant\u00e1brico y regiones del este y sureste peninsular.<\/p>\n<p class=\"c-paragraph\">Las previsiones meteorol\u00f3gicas tampoco descartan chubascos en litorales de la fachada oriental peninsular, con <b>lluvias localmente fuertes<\/b> en el extremo este de Catalu\u00f1a.<\/p>\n<p class=\"c-paragraph\">Mientras, en las <b>Canarias <\/b>se espera un predominio de nubes altas en Lanzarote y Fuerteventura y precipitaciones d\u00e9biles en las islas de mayor relieve.<\/p>\n","protected":false},"excerpt":{"rendered":"El tiempo soleado y estable tiene las horas contadas en la mayor parte de Espa\u00f1a. La llegada de&hellip;\n","protected":false},"author":2,"featured_media":186082,"comment_status":"","ping_status":"","sticky":false,"template":"","format":"standard","meta":{"footnotes":""},"categories":[8],"tags":[45206,17,18,25,24,13,14,11,19,20,6194,9,10,15,16,23,159,12,21,22],"class_list":{"0":"post-186081","1":"post","2":"type-post","3":"status-publish","4":"format-standard","5":"has-post-thumbnail","7":"category-espana","8":"tag-borrasca","9":"tag-breaking-news","10":"tag-breakingnews","11":"tag-es","12":"tag-espana","13":"tag-featured-news","14":"tag-featurednews","15":"tag-headlines","16":"tag-latest-news","17":"tag-latestnews","18":"tag-lluvias","19":"tag-news","20":"tag-noticias","21":"tag-noticias-destacadas","22":"tag-noticiasdestacadas","23":"tag-spain","24":"tag-tiempo","25":"tag-titulares","26":"tag-ultimas-noticias","27":"tag-ultimasnoticias"},"share_on_mastodon":{"url":"","error":""},"_links":{"self":[{"href":"https:\/\/www.europesays.com\/es\/wp-json\/wp\/v2\/posts\/186081","targetHints":{"allow":["GET"]}}],"collection":[{"href":"https:\/\/www.europesays.com\/es\/wp-json\/wp\/v2\/posts"}],"about":[{"href":"https:\/\/www.europesays.com\/es\/wp-json\/wp\/v2\/types\/post"}],"author":[{"embeddable":true,"href":"https:\/\/www.europesays.com\/es\/wp-json\/wp\/v2\/users\/2"}],"replies":[{"embeddable":true,"href":"https:\/\/www.europesays.com\/es\/wp-json\/wp\/v2\/comments?post=186081"}],"version-history":[{"count":0,"href":"https:\/\/www.europesays.com\/es\/wp-json\/wp\/v2\/posts\/186081\/revisions"}],"wp:featuredmedia":[{"embeddable":true,"href":"https:\/\/www.europesays.com\/es\/wp-json\/wp\/v2\/media\/186082"}],"wp:attachment":[{"href":"https:\/\/www.europesays.com\/es\/wp-json\/wp\/v2\/media?parent=186081"}],"wp:term":[{"taxonomy":"category","embeddable":true,"href":"https:\/\/www.europesays.com\/es\/wp-json\/wp\/v2\/categories?post=186081"},{"taxonomy":"post_tag","embeddable":true,"href":"https:\/\/www.europesays.com\/es\/wp-json\/wp\/v2\/tags?post=186081"}],"curies":[{"name":"wp","href":"https:\/\/api.w.org\/{rel}","templated":true}]}}