{"id":186101,"date":"2025-10-19T00:35:37","date_gmt":"2025-10-19T00:35:37","guid":{"rendered":"https:\/\/www.europesays.com\/es\/186101\/"},"modified":"2025-10-19T00:35:37","modified_gmt":"2025-10-19T00:35:37","slug":"make-america-great-again-censurar-libros-en-nombre-de-la-moral-estadounidense-el-espectador","status":"publish","type":"post","link":"https:\/\/www.europesays.com\/es\/186101\/","title":{"rendered":"\u201cMake America Great Again\u201d: censurar libros en nombre de la moral estadounidense &#8211; El Espectador"},"content":{"rendered":"<ol>\n<li><a href=\"https:\/\/news.google.com\/rss\/articles\/CBMixgFBVV95cUxPN2daeU9uTmx2Y3p3QUFvdmRoejlMd1MxZ0RzT0QzY1dNdWo1M1pfVnF5WG12VWJzZi1oWXpScXRZZUVxeVBOZzk5TGQydzVQak9IMkptYzdydVM4MWVLalFKOTJXUExrOXRlTUlWMUREWHJEaTloTzdmOFJRRktnTnBqcXVtMXFnbDRtelB1RnRBeDB3ZTdYVDh3Y2FPTU5FTFN1clhzNDlEbVV3aU03dkQ0NS1DM2lFT3kyRWpmNk5idGdFNUHSAdoBQVVfeXFMT1NSVWZqTmNTZHFPSEtOR2dlVmk5aHVvZmtyMDJlbHNrWE9SZE93blVvcVlnc1ZibVFocW01RGxSWTJHSjNkVkM3cDZoMUlZajJqa3RmYUtSVm9ra2E1S0c0QUZmTUNFajFYQmFSNlBaQWVkY2VQN3d1WTlTOFBvTENiYTdBUlJKeng4Z0JQb2ZYeG52NGhNdHJLV2NmdWtjbTNMU3pFM2ZfcExUaHVHWWV4VnJSWmVtejN4UUtkZ3BCMzBpMk15eE5IaVRkNGhJbzBxc3pjLXdvZkE?oc=5\" target=\"_blank\" rel=\"nofollow noopener\">\u201cMake America Great Again\u201d: censurar libros en nombre de la moral estadounidense<\/a>&nbsp;&nbsp;El Espectador<\/li>\n<li><a href=\"https:\/\/news.google.com\/rss\/articles\/CBMizgFBVV95cUxQV3RuZEhFX1d2N1RHQjk0U24yeG8wUjBnVHkwdmJnakY2Sy1vaTBLNGN1bjd4Z2xkY2dhbmgxTXZyZ3hVcEE0Q19lV0E4M293S29wb0lrVlg2eHhvUHdOclQyd1NwNmE2clRxMnN0S1B6dFpBclFjRlN4UVdGMUM2WFQ3R2hBZU5odnJiNVhOaV9lMU94Z2x2U04tQ1NtMDc3eUoxV0ZadXZiUlpTQ2hZNTZrOE1LbG5LWHd0eDh0UEo2bmJZUlJidHdZZkZkZ9IB0wFBVV95cUxPdWJsZHplTGNTZ2xoekhmbHpsejBEZzhDX3pIemcwSjlib3JxZGdtMjNsbVg4UUxaeGN3V2tBbmVrNHoxbzAzSm5CSU50M2JnVTZnLUc5MmNmMVRwMUFSMHJoRUVXTEpucjVzbzZGYlRDYVRPV3V2a1pnZlhuTm5tMUlaSm8wb1JSTERCYlJoYTBMTUc5YzcwMnpKVVVsTWJxNm1aVEUteDk5LXRyc05CUTlsWVZpOGw0MHRYYk5hVWpmckdvVzZUaVJmSnZmZE9uOFVr?oc=5\" target=\"_blank\" rel=\"nofollow noopener\">Cien a\u00f1os de soledad y otra obra de Garc\u00eda M\u00e1rquez son vetadas en Estados Unidos junto a otros 4.000 libros | El Colombiano<\/a>&nbsp;&nbsp;El Colombiano<\/li>\n<li><a href=\"https:\/\/news.google.com\/rss\/articles\/CBMimgFBVV95cUxPcVRrQUJUMzFBeU1acHc5Tlp1d3pOWk1kazgxUER5T05sNnJxamdaYmp0Rndxa01zYngycnhOZ2F2YVowa1pWVE0wWGc3dW5DM1lWTWRzc0YxaUtPcGFLdmFYc1ZoVkFzWi0xclNTY1gzSFpXQ3BFU1NFeDRULVB6MVZhT19mcDRPckhwWEp2UkpPZENCbE55ZkxR0gGfAUFVX3lxTE4xMnlmN21SdEhMNkVPOWZDWDdMVW1hRklSNHdVV1lsMVctb2dRNTJWVDBTd29VUU1oT2x3SU9LbU9pbzROVnQ4eldfaU5kODFMc1JEc1pwNG9RSk0wWEM3Z29PSlYxWGNqTldTZkZwTUN0VTFZdVFBMERhVWdfazFLN2tXU2hFS3NQU2tjeTF2V3BTemZwTmFPRFk0Szlhcw?oc=5\" target=\"_blank\" rel=\"nofollow noopener\">Leer es revolucionario<\/a>&nbsp;&nbsp;Diario de Noticias de \u00c1lava<\/li>\n<li><a href=\"https:\/\/news.google.com\/rss\/articles\/CBMi4AFBVV95cUxNMnFGOFoxYTRUQUllZ1RfdF84M3VYanplYkZTeUE5Q2l4RzBTejZSODZ4U016WmdaU1BVWGxnRF8wM0dqWFBnVmRfOG11Unh5VVNEbzVRYUhlelUwTTNYUmpOQ3pVWW1SdFFiRHlhT2prRW16RkwySkZaRDVpLTR4b3pnNTMteUsyTmQ0OHg5ZGtwSVdxamZaN254Ujc0LXIzQk53Z1VMQzF1YXduTWQwS2Judl9XSTJlMHJ5cTBpeFcwVkFwNmRTSGdKbFNrd2kxMUVfTmpYTTM4WDlTQTBRVtIB5gFBVV95cUxNRnhtSzBrd0xURTcxZnJJSFFIYm5NTkx6b0lRQzV0NHpxRVpyMWN4RExieS1vQ1dMNWN6d01fbThRRi1lSmsxZE5ydjV1bnI2aURJbl95ZHkzYkR2a3kxVFh4Nk9VRmhHMU1La3czRGllVTA5RWlBNWRvYXg2VmFfc0pqeHAtVEk4c0w4OXVIUFBtSGk4bUg4clc1MU52ck1XN3RibnFycHdSNU10T3JQSE9najhRa2xSOEZtQVFKTzQxRGpZSXphWW5wdHJwQnI0REtZU2pienlJcTFfTncycGpyM2lmUQ?oc=5\" target=\"_blank\" rel=\"nofollow noopener\">Escuelas estadounidenses vetan a Garc\u00eda M\u00e1rquez: la educaci\u00f3n hispana est\u00e1 en juego<\/a>&nbsp;&nbsp;Semana.com<\/li>\n<li><a href=\"https:\/\/news.google.com\/rss\/articles\/CBMixAFBVV95cUxOUXAxSGVmLUxnOWFSZkZDZ0RxRnhZYWNyM0pjZnVrbDgxc2xQSzNhYnNSQTlOQk42eVJQSkpYam5icE9WMTI4S2NwY2kxOFlqMXQ2cGRfSXllRTdoRDluR2UydDBBMVF0WWJhbWtsa200MG9TMlNJd0FjU19rRGpBM1BxZDAzUFVkeEZ2Yld3T2Vqd05pTlBwdUpheFBlcjZ0ZC1XckZnYXVOWjlQSWlMbkpvSURaVXFsNGpURUt1ZDZYMm05?oc=5\" target=\"_blank\" rel=\"nofollow noopener\">Cuando, para el exprocurador Alejandro Ord\u00f3\u00f1ez, quemar libros de Garc\u00eda M\u00e1rquez era \u201cun acto pedag\u00f3gico\u201d<\/a>&nbsp;&nbsp;pares.com.co<\/li>\n<\/ol>\n","protected":false},"excerpt":{"rendered":"\u201cMake America Great Again\u201d: censurar libros en nombre de la moral estadounidense&nbsp;&nbsp;El Espectador Cien a\u00f1os de soledad y&hellip;\n","protected":false},"author":2,"featured_media":186102,"comment_status":"","ping_status":"","sticky":false,"template":"","format":"standard","meta":{"footnotes":""},"categories":[172],"tags":[224,352,20857,146,147,25,24,629,9009,225,52409,16463,52410,51443,23,936],"class_list":{"0":"post-186101","1":"post","2":"type-post","3":"status-publish","4":"format-standard","5":"has-post-thumbnail","7":"category-libros","8":"tag-books","9":"tag-donald-trump","10":"tag-el-magazin-cultural","11":"tag-entertainment","12":"tag-entretenimiento","13":"tag-es","14":"tag-espana","15":"tag-estados-unidos","16":"tag-gabriel-garcia-marquez","17":"tag-libros","18":"tag-make-america-great-again","19":"tag-moral","20":"tag-por-que-vetan-libros-en-estados-unidos","21":"tag-que-esta-pasando-en-estados-unidos","22":"tag-spain","23":"tag-trump"},"share_on_mastodon":{"url":"","error":""},"_links":{"self":[{"href":"https:\/\/www.europesays.com\/es\/wp-json\/wp\/v2\/posts\/186101","targetHints":{"allow":["GET"]}}],"collection":[{"href":"https:\/\/www.europesays.com\/es\/wp-json\/wp\/v2\/posts"}],"about":[{"href":"https:\/\/www.europesays.com\/es\/wp-json\/wp\/v2\/types\/post"}],"author":[{"embeddable":true,"href":"https:\/\/www.europesays.com\/es\/wp-json\/wp\/v2\/users\/2"}],"replies":[{"embeddable":true,"href":"https:\/\/www.europesays.com\/es\/wp-json\/wp\/v2\/comments?post=186101"}],"version-history":[{"count":0,"href":"https:\/\/www.europesays.com\/es\/wp-json\/wp\/v2\/posts\/186101\/revisions"}],"wp:featuredmedia":[{"embeddable":true,"href":"https:\/\/www.europesays.com\/es\/wp-json\/wp\/v2\/media\/186102"}],"wp:attachment":[{"href":"https:\/\/www.europesays.com\/es\/wp-json\/wp\/v2\/media?parent=186101"}],"wp:term":[{"taxonomy":"category","embeddable":true,"href":"https:\/\/www.europesays.com\/es\/wp-json\/wp\/v2\/categories?post=186101"},{"taxonomy":"post_tag","embeddable":true,"href":"https:\/\/www.europesays.com\/es\/wp-json\/wp\/v2\/tags?post=186101"}],"curies":[{"name":"wp","href":"https:\/\/api.w.org\/{rel}","templated":true}]}}