{"id":186105,"date":"2025-10-19T00:38:10","date_gmt":"2025-10-19T00:38:10","guid":{"rendered":"https:\/\/www.europesays.com\/es\/186105\/"},"modified":"2025-10-19T00:38:10","modified_gmt":"2025-10-19T00:38:10","slug":"julia-roberts-estrena-caza-de-brujas-y-otros-planes-del-fin-de-semana","status":"publish","type":"post","link":"https:\/\/www.europesays.com\/es\/186105\/","title":{"rendered":"Julia Roberts estrena &#8216;Caza de brujas&#8217; y otros planes del fin de semana"},"content":{"rendered":"<p data-journey-content=\"true\" data-node-id=\"3\" class=\"css-6wxqfj emevuu60\">A pesar de estar ya en octubre, seguimos disfrutando de un tiempo <strong data-node-id=\"3.1\">que invita a salir de casa y estar al aire libre<\/strong>. Esta semana, en <a href=\"https:\/\/www.diezminutos.es\/diez-minutos-cuida-de-ti\/\" target=\"_blank\" data-vars-ga-outbound-link=\"https:\/\/www.diezminutos.es\/diez-minutos-cuida-de-ti\/\" data-vars-ga-ux-element=\"Hyperlink\" data-vars-ga-call-to-action=\"Diez Minutos Cuida de Ti\" data-node-id=\"3.3\" class=\"body-link css-177bzfx emevuu60\" rel=\"nofollow noopener\">Diez Minutos Cuida de Ti<\/a>, te animamos a que te acerques a  Tapapi\u00e9s, <strong data-node-id=\"3.5\">el festival gastron\u00f3mico que invade cada a\u00f1o el madrile\u00f1o barrio de Lavapi\u00e9s<\/strong>. Adem\u00e1s, esta semana se estrena en cines la nueva pel\u00edcula de Julia Roberts. Ella est\u00e1 inmensa en el papel de profesora universitaria y la cinta no te dejar\u00e1 indiferente. Tambi\u00e9n, si te gustan los libros y vives en el Sur, <strong data-node-id=\"3.7\">puedes disfrutar de la Feria del Libro de Sevilla<\/strong>.   <\/p>\n<p>Caza de brujas<img draggable=\"true\" alt=\"julia roberts en la pel\u00edcula caza de brujas\" title=\"julia roberts en la pel\u00edcula caza de brujas\" loading=\"lazy\" width=\"4444\" height=\"2500\" decoding=\"async\" data-nimg=\"1\" style=\"color:transparent;width:100%;height:auto;\"   src=\"https:\/\/www.europesays.com\/es\/wp-content\/uploads\/2025\/10\/caza-de-brujas-68f0f7f49155b.jpg\" class=\"css-0 e1g79fud0\"\/><\/p>\n<p>Foto cedida<\/p>\n<p data-journey-content=\"true\" data-node-id=\"8\" class=\"css-6wxqfj emevuu60\">El italiano Luca Guadagnino se convirti\u00f3 en uno de los directores m\u00e1s deseados cuando estren\u00f3 en 2017 &#8216;Call Me By Your Name&#8217;, que se llev\u00f3, entre otros muchos premios, el Oscar al Mejor Gui\u00f3n Adaptado. <strong data-node-id=\"8.1\">Ahora regresa con un thriller dram\u00e1tico protagonizado por Julia Roberts<\/strong>, inmensa en este papel, y Andrew Garfield. <strong data-node-id=\"8.3\">La estrella de Hollywood interpreta a una profesora de Filosof\u00eda en Yale<\/strong> que se encuentra ante un dilema que arruinar\u00e1, s\u00ed o s\u00ed, su vida: ponerse del lado de una alumna supuestamente brillante que acude a ella para denunciar la violaci\u00f3n de un profesor o simplemente dudar de su testimonio porque es \u00edntima amiga y amante ocasional del acusado. <strong data-node-id=\"8.5\">El gui\u00f3n, firmado por Nora Garrett, no lo pone f\u00e1cil<\/strong>. Todos los personajes merecen disculpa y castigo a la vez. Y todas las lecturas son posibles. <\/p>\n<p data-journey-content=\"true\" data-node-id=\"10\" class=\"css-6wxqfj emevuu60\">Durante la promoci\u00f3n de la pel\u00edcula, Julia Roberts no ha parado de dar titulares. La actriz <strong data-node-id=\"10.1\">ha reconocido que no soporta al actor Nick Nolte<\/strong>, con el que rod\u00f3 &#8216;Me gustan los l\u00edos&#8217;, que le encanta ser ama de casa cuando no est\u00e1 trabajando y que est\u00e1 en conversaciones para rodar la secuela de la m\u00edtica &#8216;La boda de mi mejor amigo&#8217;.<\/p>\n<p>Suma flamenca vuelve a Madrid<img draggable=\"true\" alt=\"la artista angeles toledano\" title=\"la artista angeles toledano\" loading=\"lazy\" width=\"4268\" height=\"2500\" decoding=\"async\" data-nimg=\"1\" style=\"color:transparent;width:100%;height:auto;\"   src=\"https:\/\/www.europesays.com\/es\/wp-content\/uploads\/2025\/10\/angeles-toledano-68f0fae230e75.jpg\" class=\"css-0 e1g79fud0\"\/><\/p>\n<p>Foto cedida<\/p>\n<p data-journey-content=\"true\" data-node-id=\"16\" class=\"css-6wxqfj emevuu60\">El prestigioso festival <a href=\"https:\/\/www.madrid.org\/sumaflamenca\/2025\/index.html\" target=\"_blank\" rel=\"nofollow noopener\" data-vars-ga-outbound-link=\"https:\/\/www.madrid.org\/sumaflamenca\/2025\/index.html\" data-vars-ga-ux-element=\"Hyperlink\" data-vars-ga-call-to-action=\"Suma flamenca\" data-node-id=\"16.1\" class=\"body-link css-177bzfx emevuu60\">Suma flamenca<\/a> regresa una vez m\u00e1s a la capital con una amplia programaci\u00f3n que re\u00fane <strong data-node-id=\"16.3\">un total de 46 espect\u00e1culos de arte jond<\/strong>o, con 19 estrenos absolutos, entre los d\u00edas 14 de octubre y 2 de noviembre. Adem\u00e1s, con la idea de descentralizar el festival, se han programado conciertos <strong data-node-id=\"16.5\">en San Lorenzo de El Escorial, Rascafr\u00eda y La Cabrera<\/strong>. En la imagen, la artista \u00c1ngeles Toledano. <\/p>\n<p>El Reina Sof\u00eda estrena exposici\u00f3n<img draggable=\"true\" alt=\"obra de la artista maruja mallo\" title=\"obra de la artista maruja mallo\" loading=\"lazy\" width=\"3488\" height=\"2500\" decoding=\"async\" data-nimg=\"1\" style=\"color:transparent;width:100%;height:auto;\"   src=\"https:\/\/www.europesays.com\/es\/wp-content\/uploads\/2025\/10\/maruja-mallo-68f0fb83b2f3d.jpg\" class=\"css-0 e1g79fud0\"\/><\/p>\n<p>Foto cedida<\/p>\n<p data-journey-content=\"true\" data-node-id=\"20\" class=\"css-6wxqfj emevuu60\">Hasta el 16 de marzo, el museo madrile\u00f1o acoge &#8216;Maruja Mallo. M\u00e1scara y comp\u00e1s&#8217;, una oportunidad para descubrir a esta gran pintora surrealista gallega. <strong data-node-id=\"20.1\">La muestra recoge alrededor de 90 pinturas, dibujos, escritos y documentos<\/strong>, adem\u00e1s de v\u00eddeos con los que se certifica la influencia que lleg\u00f3 a alcanzar Mallo entre sus contempor\u00e1neos en la d\u00e9cada de los 30. <a href=\"https:\/\/www.museoreinasofia.es\/\" target=\"_blank\" rel=\"nofollow noopener\" data-vars-ga-outbound-link=\"https:\/\/www.museoreinasofia.es\/\" data-vars-ga-ux-element=\"Hyperlink\" data-vars-ga-call-to-action=\"museoreinasofia.es\" data-node-id=\"20.3\" class=\"body-link css-177bzfx emevuu60\">museoreinasofia.es<\/a><\/p>\n<p>Kosmopolis en Barcelona<img draggable=\"true\" alt=\"el autor art spiegelman\" title=\"el autor art spiegelman\" loading=\"lazy\" width=\"3757\" height=\"2500\" decoding=\"async\" data-nimg=\"1\" style=\"color:transparent;width:100%;height:auto;\"   src=\"https:\/\/www.europesays.com\/es\/wp-content\/uploads\/2025\/10\/gettyimages-141628833-68f0fc114fa45.jpg\" class=\"css-0 e1g79fud0\"\/><\/p>\n<p>AFP<\/p>\n<p data-journey-content=\"true\" data-node-id=\"24\" class=\"css-6wxqfj emevuu60\">La 13\u00aa edici\u00f3n de este festival literario se centrar\u00e1 en el c\u00f3mic de autor contempor\u00e1neo y se celebrar\u00e1 del 22 al 26 de octubre.<strong data-node-id=\"24.1\"> Este a\u00f1o, Kosmopolis contar\u00e1 con la presencia del famoso Art Spiegelman (en la imagen)<\/strong>, la escritora gallega Berta D\u00e1vila y el dibujante estadounidense Chris Ware. <a href=\"https:\/\/kosmopolis.cccb.org\/es\/edicions\/k15\/com-beneficiar-se-dels-serveis-de-lectura-per-subscripcio\/\" target=\"_blank\" rel=\"nofollow noopener\" data-vars-ga-outbound-link=\"https:\/\/kosmopolis.cccb.org\/es\/edicions\/k15\/com-beneficiar-se-dels-serveis-de-lectura-per-subscripcio\/\" data-vars-ga-ux-element=\"Hyperlink\" data-vars-ga-call-to-action=\"kosmopolis.cccb.org\/es\/com\" data-node-id=\"24.3\" class=\"body-link css-177bzfx emevuu60\">kosmopolis.cccb.org\/es\/com<\/a><\/p>\n<p>Feria del libro de Sevilla<img draggable=\"true\" alt=\"feria del libro de sevilla\" title=\"feria del libro de sevilla\" loading=\"lazy\" width=\"3751\" height=\"2500\" decoding=\"async\" data-nimg=\"1\" style=\"color:transparent;width:100%;height:auto;\"   src=\"https:\/\/www.europesays.com\/es\/wp-content\/uploads\/2025\/10\/gettyimages-2219866604-68f0fc991351f.jpg\" class=\"css-0 e1g79fud0\"\/><\/p>\n<p>getty<\/p>\n<p data-journey-content=\"true\" data-node-id=\"28\" class=\"css-6wxqfj emevuu60\"><strong data-node-id=\"28.0\">Del 24 de octubre al 3 de noviembre, los Jardines de Murillo<\/strong> acoger\u00e1n por segundo a\u00f1o consecutivo la Feria del Libro de la capital andaluza. <strong data-node-id=\"28.2\">En su vig\u00e9sima tercera edici\u00f3n, se distribuir\u00e1n un total de 52 casetas y cinco espacios expositivos <\/strong>para acoger todas las novedades del sector. <a href=\"https:\/\/www.felise.es\/\" target=\"_blank\" rel=\"nofollow noopener\" data-vars-ga-outbound-link=\"https:\/\/www.felise.es\/\" data-vars-ga-ux-element=\"Hyperlink\" data-vars-ga-call-to-action=\"ferialibrosevilla.com\" data-node-id=\"28.4\" class=\"body-link css-177bzfx emevuu60\">ferialibrosevilla.com<\/a><\/p>\n<p>Titirimadro\u00f1o<img draggable=\"true\" alt=\"festival de titeres en vallecas\" title=\"festival de titeres en vallecas\" loading=\"lazy\" width=\"3750\" height=\"2500\" decoding=\"async\" data-nimg=\"1\" style=\"color:transparent;width:100%;height:auto;\"   src=\"https:\/\/www.europesays.com\/es\/wp-content\/uploads\/2025\/10\/titeres-vallecas-68f0fd681f143.jpg\" class=\"css-0 e1g79fud0\"\/><\/p>\n<p>Foto cedida<\/p>\n<p data-journey-content=\"true\" data-node-id=\"32\" class=\"css-6wxqfj emevuu60\"><strong data-node-id=\"32.0\">Del 20 al 26 de octubre, el Distrito Puente de Vallecas en Madrid <\/strong>alberga la d\u00e9cimosexta edici\u00f3n del Festival Internacional de Teatro de T\u00edteres. <strong data-node-id=\"32.2\">No solo podr\u00e1n verse espect\u00e1culos<\/strong>, sino que tambi\u00e9n habr\u00e1 exposiciones, instalaciones, encuentros y talleres para aprender todo sobre las marionetas.<a href=\"http:\/\/titirimadrono.com\/\" target=\"_blank\" rel=\"nofollow noopener\" data-vars-ga-outbound-link=\"http:\/\/titirimadrono.com\/\" data-vars-ga-ux-element=\"Hyperlink\" data-vars-ga-call-to-action=\" titirimadrono.com\" data-node-id=\"32.4\" class=\"body-link css-177bzfx emevuu60\"> titirimadrono.com<\/a><\/p>\n<p>Para comer y bailar<img draggable=\"true\" alt=\"festival tapapies\" title=\"festival tapapies\" loading=\"lazy\" width=\"2500\" height=\"3535\" decoding=\"async\" data-nimg=\"1\" style=\"color:transparent;width:100%;height:auto;\"   src=\"https:\/\/www.europesays.com\/es\/wp-content\/uploads\/2025\/10\/cartel-tapapies-2025-68f0fe0ac1168.jpg\" class=\"css-0 e1g79fud0\"\/><\/p>\n<p>Foto cedida<\/p>\n<p data-journey-content=\"true\" data-node-id=\"36\" class=\"css-6wxqfj emevuu60\"><strong data-node-id=\"36.0\">El barrio de Lavapi\u00e9s celebra del 16 al 26 de octubre la decimoquinta edici\u00f3n de Tapapi\u00e9s<\/strong>, la Ruta Multicultural de la Tapa y la M\u00fasica en la que participan m\u00e1s de 100 bares y restaurantes de la zona con diversas propuestas culinarias para sorprender a los curiosos que se acerquen a probarlas. La madrina de este a\u00f1o es la chef Luc\u00eda Gr\u00e1valos.<\/p>\n<p><img src=\"https:\/\/www.europesays.com\/es\/wp-content\/uploads\/2025\/10\/7c4494ec-bc13-4f91-94b8-12db6c2792f4_1684752427.file\" alt=\"Headshot of Mar\u00eda Larrocha\" title=\"Headshot of Mar\u00eda Larrocha\" width=\"100%\" height=\"100%\" decoding=\"async\" loading=\"lazy\" class=\"css-o0wq4v ev8dhu53\"\/><\/p>\n<p>Mar\u00eda Larrocha es experta en cine, m\u00fasica, libros y temas relacionados con ecolog\u00eda y sostenibilidad. Y sobre todo, redactora de noticias del coraz\u00f3n, mundo en el que lleva con mucho orgullo desde 2004. \u00bfQui\u00e9n no se relaja leyendo el d\u00eda a d\u00eda de nuestros famosos? Ahora disfruta escribiendo sobre las \u2018celebrities\u2019 en Diez Minutos, donde tambi\u00e9n te cuenta los planes que no te puedes perder o c\u00f3mo poner nuestro granito de arena para hacer un mundo mejor. \u00a0\u00a0<\/p>\n<p>Licenciada en Ciencias de la Informaci\u00f3n por la Universidad Complutense de Madrid, empez\u00f3 en la secci\u00f3n de Cultura de La Raz\u00f3n, para despu\u00e9s trabajar en la radio, recalar como correctora en El Mundo durante unos meses y marcharse un a\u00f1o a Inglaterra para perfeccionar el ingl\u00e9s. De vuelta a Madrid aterriz\u00f3 en la revista Qu\u00e9 me dices!, d\u00f3nde aprendi\u00f3 que se puede hacer periodismo sin perder el sentido del humor. \u00a0\u00a0<\/p>\n","protected":false},"excerpt":{"rendered":"A pesar de estar ya en octubre, seguimos disfrutando de un tiempo que invita a salir de casa&hellip;\n","protected":false},"author":2,"featured_media":186106,"comment_status":"","ping_status":"","sticky":false,"template":"","format":"standard","meta":{"footnotes":""},"categories":[169],"tags":[177,253,1180,146,147,25,24,176,175,12719,23],"class_list":{"0":"post-186105","1":"post","2":"type-post","3":"status-publish","4":"format-standard","5":"has-post-thumbnail","7":"category-cine","8":"tag-cine","9":"tag-discover","10":"tag-editorial","11":"tag-entertainment","12":"tag-entretenimiento","13":"tag-es","14":"tag-espana","15":"tag-film","16":"tag-movies","17":"tag-print","18":"tag-spain"},"share_on_mastodon":{"url":"","error":""},"_links":{"self":[{"href":"https:\/\/www.europesays.com\/es\/wp-json\/wp\/v2\/posts\/186105","targetHints":{"allow":["GET"]}}],"collection":[{"href":"https:\/\/www.europesays.com\/es\/wp-json\/wp\/v2\/posts"}],"about":[{"href":"https:\/\/www.europesays.com\/es\/wp-json\/wp\/v2\/types\/post"}],"author":[{"embeddable":true,"href":"https:\/\/www.europesays.com\/es\/wp-json\/wp\/v2\/users\/2"}],"replies":[{"embeddable":true,"href":"https:\/\/www.europesays.com\/es\/wp-json\/wp\/v2\/comments?post=186105"}],"version-history":[{"count":0,"href":"https:\/\/www.europesays.com\/es\/wp-json\/wp\/v2\/posts\/186105\/revisions"}],"wp:featuredmedia":[{"embeddable":true,"href":"https:\/\/www.europesays.com\/es\/wp-json\/wp\/v2\/media\/186106"}],"wp:attachment":[{"href":"https:\/\/www.europesays.com\/es\/wp-json\/wp\/v2\/media?parent=186105"}],"wp:term":[{"taxonomy":"category","embeddable":true,"href":"https:\/\/www.europesays.com\/es\/wp-json\/wp\/v2\/categories?post=186105"},{"taxonomy":"post_tag","embeddable":true,"href":"https:\/\/www.europesays.com\/es\/wp-json\/wp\/v2\/tags?post=186105"}],"curies":[{"name":"wp","href":"https:\/\/api.w.org\/{rel}","templated":true}]}}