{"id":186107,"date":"2025-10-19T00:39:12","date_gmt":"2025-10-19T00:39:12","guid":{"rendered":"https:\/\/www.europesays.com\/es\/186107\/"},"modified":"2025-10-19T00:39:12","modified_gmt":"2025-10-19T00:39:12","slug":"celebra-el-gol-de-araujo-con-un-doble-corte-de-mangas-tras-ser-expulsado","status":"publish","type":"post","link":"https:\/\/www.europesays.com\/es\/186107\/","title":{"rendered":"celebra el gol de Araujo con un doble corte de mangas tras ser expulsado"},"content":{"rendered":"<p>18\/10\/2025<br \/>\n<br \/><strong><br \/>\nActualizado a las 22:47h.<br \/>\n<\/strong><\/p>\n<p class=\"voc-p\" style=\"\">Partido de luces y sombras de <strong>Hansi Flick<\/strong>. <a href=\"https:\/\/www.abc.es\/deportes\/futbol\/barca-gana-problema-20251018183536-nt.html\" target=\"_self\" data-voc-vtm-id=\"in-text-traffic\" title=\"El t\u00e9cnico germano fue determinante\" rel=\"nofollow noopener\">El t\u00e9cnico germano fue determinante<\/a> al acertar con su decisi\u00f3n de dar entrada a Ronald Araujo como delantero centro en los \u00faltimos diez minutos, emulando a Johan Cruyff cuando colocaba a Alexanko para tratar de  &#8230; rescatar alg\u00fan remate de cabeza. Pero tambi\u00e9n perdi\u00f3 los papeles en los instantes finales dejando una sonrojante imagen que posteriormente quiso maquillar amparado en las altas pulsaciones y en la emoci\u00f3n que genera el f\u00fatbol. Primero fue <strong>expulsado al ver dos amarillas<\/strong> en menos de un minuto por protestar ostensiblemente a Gil Manzano. Y poco despu\u00e9s celebr\u00f3 con <strong>tres palmarios cortes de manga<\/strong> el tanto de Araujo. Le cazaron las c\u00e1maras de televisi\u00f3n porque, contraviniendo el reglamento, no se hab\u00eda retirado a los vestuarios o a un lugar designado fuera del campo de juego. El t\u00e9cnico no pod\u00eda ir a la grada ni comunicarse con su equipo ni estar donde estaba. Curiosamente, <strong>el acta no recoge este hecho<\/strong>, ni sus cortes de manga.<\/p>\n<p class=\"voc-p\" style=\"\">\u00abEl f\u00fatbol es emoci\u00f3n\u00bb, se justific\u00f3 Flick al final del partido. <strong>\u00abNo iba dirigido a nadie\u00bb<\/strong>, asegur\u00f3. \u00abF\u00fatbol son emociones. Para m\u00ed era fant\u00e1stico hacer el segundo gol. No lo hice por nadie ni lo hice por nada. Es la tensi\u00f3n. No iba dirigido a nadie\u00bb, abund\u00f3 el germano, lejos de disculparse ante la imagen ofrecida. La expulsi\u00f3n le impedir\u00e1 sentarse el pr\u00f3ximo domingo en el banquillo del <strong>Santiago Bernab\u00e9u<\/strong> en el cl\u00e1sico ante el Real Madrid.<\/p>\n<p class=\"voc-p\" style=\"\">Flick si se mostr\u00f3 cr\u00edtico con la actuaci\u00f3n de su equipo durante algunas fases del partido. \u00abCreamos muchas ocasiones pero si somos honestos, <strong>el Girona gener\u00f3 mucho en la primera parte<\/strong>\u00bb, explic\u00f3 antes de justificar las sustituciones de Pedri y de Lamine Yamal: \u00ab<a href=\"https:\/\/www.abc.es\/deportes\/futbol\/vestuario-barcelona-respira-aliviado-partidos-veces-ganarlos-20251018185452-nt.html\" target=\"_self\" data-voc-vtm-id=\"in-text-traffic\" title=\"Los pr\u00f3ximos partidos son muy importantes para nosotros\" rel=\"nofollow noopener\">Los pr\u00f3ximos partidos son muy importantes para nosotros<\/a> y les necesitamos frescos\u00bb. El t\u00e9cnico celebr\u00f3 su acierto con la entrada de <strong>Araujo<\/strong> como delantero: \u00abPuede jugar en esa posici\u00f3n en determinados momentos. Le pregunt\u00e9 antes de salir si pod\u00eda jugar ah\u00ed y me dijo que s\u00ed\u00bb.<\/p>\n<p class=\"voc-p\" style=\"\">Precisamente, el uruguayo desvel\u00f3 lo que sucedi\u00f3 mientras estaba calentando: \u00abTodo el mundo sabe que antes jugaba de delantero. Cuando me pregunt\u00f3 el mister no dud\u00e9. Cuando llegu\u00e9 al banquillo les dije a mis compa\u00f1eros que<strong> si entraba met\u00eda gol.<\/strong> Se rieron, ahora me lo recuerdan\u00bb.<\/p>\n<p>\nArt\u00edculo solo para suscriptores\n<\/p>\n<p>Reportar un error<\/p>\n","protected":false},"excerpt":{"rendered":"18\/10\/2025 Actualizado a las 22:47h. Partido de luces y sombras de Hansi Flick. El t\u00e9cnico germano fue determinante&hellip;\n","protected":false},"author":2,"featured_media":186108,"comment_status":"","ping_status":"","sticky":false,"template":"","format":"standard","meta":{"footnotes":""},"categories":[93],"tags":[31171,6951,12726,168,52411,25,24,7625,4970,3689,52412,23,167,575],"class_list":{"0":"post-186107","1":"post","2":"type-post","3":"status-publish","4":"format-standard","5":"has-post-thumbnail","7":"category-deportes","8":"tag-araujo","9":"tag-celebra","10":"tag-corte","11":"tag-deportes","12":"tag-desencadenado","13":"tag-es","14":"tag-espana","15":"tag-expulsado","16":"tag-flick","17":"tag-gol","18":"tag-mangas","19":"tag-spain","20":"tag-sports","21":"tag-tras"},"share_on_mastodon":{"url":"","error":""},"_links":{"self":[{"href":"https:\/\/www.europesays.com\/es\/wp-json\/wp\/v2\/posts\/186107","targetHints":{"allow":["GET"]}}],"collection":[{"href":"https:\/\/www.europesays.com\/es\/wp-json\/wp\/v2\/posts"}],"about":[{"href":"https:\/\/www.europesays.com\/es\/wp-json\/wp\/v2\/types\/post"}],"author":[{"embeddable":true,"href":"https:\/\/www.europesays.com\/es\/wp-json\/wp\/v2\/users\/2"}],"replies":[{"embeddable":true,"href":"https:\/\/www.europesays.com\/es\/wp-json\/wp\/v2\/comments?post=186107"}],"version-history":[{"count":0,"href":"https:\/\/www.europesays.com\/es\/wp-json\/wp\/v2\/posts\/186107\/revisions"}],"wp:featuredmedia":[{"embeddable":true,"href":"https:\/\/www.europesays.com\/es\/wp-json\/wp\/v2\/media\/186108"}],"wp:attachment":[{"href":"https:\/\/www.europesays.com\/es\/wp-json\/wp\/v2\/media?parent=186107"}],"wp:term":[{"taxonomy":"category","embeddable":true,"href":"https:\/\/www.europesays.com\/es\/wp-json\/wp\/v2\/categories?post=186107"},{"taxonomy":"post_tag","embeddable":true,"href":"https:\/\/www.europesays.com\/es\/wp-json\/wp\/v2\/tags?post=186107"}],"curies":[{"name":"wp","href":"https:\/\/api.w.org\/{rel}","templated":true}]}}