{"id":186114,"date":"2025-10-19T00:47:06","date_gmt":"2025-10-19T00:47:06","guid":{"rendered":"https:\/\/www.europesays.com\/es\/186114\/"},"modified":"2025-10-19T00:47:06","modified_gmt":"2025-10-19T00:47:06","slug":"un-flojo-ciudad-de-algeciras-cae-en-la-trampa-de-bolanos-28-30","status":"publish","type":"post","link":"https:\/\/www.europesays.com\/es\/186114\/","title":{"rendered":"Un flojo Ciudad de Algeciras cae en la trampa de Bola\u00f1os (28-30)"},"content":{"rendered":"<p><strong>FICHA T\u00c9CNICA:\u00a0<\/strong><\/p>\n<p><strong>BALONMANO CIUDAD DE ALGECIRAS (28)<\/strong>: Amando Garc\u00eda (1), Gonzalo Cervera (7), Marcos Salas, Sebas Restrepo (3), Ronaldo Carrasco (3), Pepe S\u00e1nchez, \u00c1lvaro G\u00f3mez, Jaime S\u00e1nchez (6), Pedro Saucedo (4), Hamsa Abderrahaman (2), Lautaro Fern\u00e1ndez, Pablo Mart\u00edn, Dani Hern\u00e1ndez, Pablo Medina (1), Alberto Sanz y Dani Mesa (1).<\/p>\n<p><strong>BALONMANO BOLA\u00d1OS (30)<\/strong>: Ionut Marian; Victoriano G\u00f3mez-Cambronero (2), Fabio Amor\u00f3s (4), Jonas P\u00e9rez (1), Javi Caraballo (1), Miguel Blanco (5), Lorenzo Calzado (3), David Gallego (1), Mario Sainz, Manu S\u00e1nchez-Gil (5), Ricardo Ruiz, Miguel P\u00e9rez (1), Juli\u00e1n Granados (7), \u00d3scar Ruiz e Imanol Rodrigo.<\/p>\n<p><strong>\u00c1RBITROS<\/strong>: Garc\u00eda Vico y Molina Baena. Excluyeron con dos minutos por parte local a Gonzalo Cervera (16\u2032 y 37\u2032) y Sebas Restrepo (30\u2032) y por parte visitante a Victoriano G\u00f3mez-Cambronero (27\u2032), Fabio Amor\u00f3s (5\u2032), Mario Sainz (50\u2032), Manu S\u00e1nchez-Gil (57\u2032), Ricardo Ruiz (34\u2032) y Miguel P\u00e9rez (53\u2032).<\/p>\n<p><strong>PARCIAL CADA CINCO MINUTOS<\/strong>: 1-4; 4-6; 7-9; 8-11; 12-14; 14-16 \/\/ 17-18; 20-20; 21-23; 22-26; 23-28 y 28-30.<\/p>\n<p><strong>INCIDENCIAS<\/strong>: Partido correspondiente a la sexta jornada del Grupo F de Primera Nacional disputado en el Juan Carlos Mateo.<\/p>\n<p><strong>CR\u00d3NICA<\/strong>: El Balonmano Ciudad de Algeciras ha encajado su segunda derrota de la temporada tras caer por 28-30 frente a BM Bola\u00f1os.<\/p>\n<p>No ha sido la mejor tarde del equipo de I\u00f1aki P\u00e9rez que entr\u00f3 mal al partido con un parcial de salida de 1-4 a los cinco minutos iniciales que cost\u00f3 a los de casa igualar.<\/p>\n<p>A pesar de los esfuerzos por intentar agarrarse al partido (14-16 al descanso) la sensaci\u00f3n era de que los castellano-manchegos cuando apretaban lograban su cometido.<\/p>\n<p>El partido se igual\u00f3 a 20 tras los diez primeros minutos de la reanudaci\u00f3n pero nuevamente un atasco de dos goles a favor en diez minutos dio origen a que los de Bola\u00f1os de Calatrava establecieran una renta de cuatro goles (22-26, m.50) que fue insalvable para acabar hincando la rodilla por primera vez este curso en su feudo y por segunda en la competici\u00f3n.<\/p>\n","protected":false},"excerpt":{"rendered":"FICHA T\u00c9CNICA:\u00a0 BALONMANO CIUDAD DE ALGECIRAS (28): Amando Garc\u00eda (1), Gonzalo Cervera (7), Marcos Salas, Sebas Restrepo (3),&hellip;\n","protected":false},"author":2,"featured_media":186115,"comment_status":"","ping_status":"","sticky":false,"template":"","format":"standard","meta":{"footnotes":""},"categories":[278],"tags":[376,168,25,24,375,23,167],"class_list":{"0":"post-186114","1":"post","2":"type-post","3":"status-publish","4":"format-standard","5":"has-post-thumbnail","7":"category-balonmano","8":"tag-balonmano","9":"tag-deportes","10":"tag-es","11":"tag-espana","12":"tag-handball","13":"tag-spain","14":"tag-sports"},"share_on_mastodon":{"url":"","error":""},"_links":{"self":[{"href":"https:\/\/www.europesays.com\/es\/wp-json\/wp\/v2\/posts\/186114","targetHints":{"allow":["GET"]}}],"collection":[{"href":"https:\/\/www.europesays.com\/es\/wp-json\/wp\/v2\/posts"}],"about":[{"href":"https:\/\/www.europesays.com\/es\/wp-json\/wp\/v2\/types\/post"}],"author":[{"embeddable":true,"href":"https:\/\/www.europesays.com\/es\/wp-json\/wp\/v2\/users\/2"}],"replies":[{"embeddable":true,"href":"https:\/\/www.europesays.com\/es\/wp-json\/wp\/v2\/comments?post=186114"}],"version-history":[{"count":0,"href":"https:\/\/www.europesays.com\/es\/wp-json\/wp\/v2\/posts\/186114\/revisions"}],"wp:featuredmedia":[{"embeddable":true,"href":"https:\/\/www.europesays.com\/es\/wp-json\/wp\/v2\/media\/186115"}],"wp:attachment":[{"href":"https:\/\/www.europesays.com\/es\/wp-json\/wp\/v2\/media?parent=186114"}],"wp:term":[{"taxonomy":"category","embeddable":true,"href":"https:\/\/www.europesays.com\/es\/wp-json\/wp\/v2\/categories?post=186114"},{"taxonomy":"post_tag","embeddable":true,"href":"https:\/\/www.europesays.com\/es\/wp-json\/wp\/v2\/tags?post=186114"}],"curies":[{"name":"wp","href":"https:\/\/api.w.org\/{rel}","templated":true}]}}