{"id":186144,"date":"2025-10-19T01:10:16","date_gmt":"2025-10-19T01:10:16","guid":{"rendered":"https:\/\/www.europesays.com\/es\/186144\/"},"modified":"2025-10-19T01:10:16","modified_gmt":"2025-10-19T01:10:16","slug":"la-seleccion-argentina-de-beach-handball-llega-a-neuquen-para-una-clinica-abierta","status":"publish","type":"post","link":"https:\/\/www.europesays.com\/es\/186144\/","title":{"rendered":"La Selecci\u00f3n Argentina de Beach Handball llega a Neuqu\u00e9n para una cl\u00ednica abierta"},"content":{"rendered":"<p>Del 30 de octubre al 2 de noviembre, la Selecci\u00f3n Argentina de Beach Handball estar\u00e1 en Neuqu\u00e9n para realizar una cl\u00ednica deportiva abierta. Habr\u00e1 entrenamientos, juegos y charlas con referentes nacionales.<\/p>\n<p>La <strong>Selecci\u00f3n Argentina de Beach Handball<\/strong> visitar\u00e1 la ciudad de <strong>Neuqu\u00e9n<\/strong> para desarrollar una <strong>cl\u00ednica deportiva abierta<\/strong> destinada a jugadores, entrenadores y fan\u00e1ticos de esta disciplina en crecimiento.<\/p>\n<p>La actividad se llevar\u00e1 a cabo <strong>del 30 de octubre al 2 de noviembre<\/strong>, e incluir\u00e1 jornadas de <strong>entrenamiento, aprendizaje y juegos<\/strong> junto a los <strong>referentes de las selecciones nacionales<\/strong>, quienes compartir\u00e1n t\u00e9cnicas, t\u00e1cticas y experiencias internacionales.<\/p>\n<p><strong>Convocatoria abierta e inscripciones<\/strong><\/p>\n<p>La propuesta est\u00e1 abierta a todas las edades y niveles. Las personas interesadas pueden inscribirse enviando un correo a <strong><a class=\"decorated-link cursor-pointer\" rel=\"noopener\">[email\u00a0protected]<\/a><\/strong> o comunicarse para consultas al <strong>299-5764408<\/strong>.<\/p>\n<p><strong>Neuqu\u00e9n, sede del crecimiento del beach handball<\/strong><\/p>\n<p>El encuentro refuerza el lugar de <strong>Neuqu\u00e9n<\/strong> como una de las sedes m\u00e1s activas del <strong>beach handball argentino<\/strong>, impulsando el desarrollo de este deporte en la regi\u00f3n patag\u00f3nica y fomentando el intercambio con atletas de todo el pa\u00eds.<\/p>\n","protected":false},"excerpt":{"rendered":"Del 30 de octubre al 2 de noviembre, la Selecci\u00f3n Argentina de Beach Handball estar\u00e1 en Neuqu\u00e9n para&hellip;\n","protected":false},"author":2,"featured_media":186145,"comment_status":"","ping_status":"","sticky":false,"template":"","format":"standard","meta":{"footnotes":""},"categories":[278],"tags":[376,168,25,24,375,23,167],"class_list":{"0":"post-186144","1":"post","2":"type-post","3":"status-publish","4":"format-standard","5":"has-post-thumbnail","7":"category-balonmano","8":"tag-balonmano","9":"tag-deportes","10":"tag-es","11":"tag-espana","12":"tag-handball","13":"tag-spain","14":"tag-sports"},"share_on_mastodon":{"url":"","error":""},"_links":{"self":[{"href":"https:\/\/www.europesays.com\/es\/wp-json\/wp\/v2\/posts\/186144","targetHints":{"allow":["GET"]}}],"collection":[{"href":"https:\/\/www.europesays.com\/es\/wp-json\/wp\/v2\/posts"}],"about":[{"href":"https:\/\/www.europesays.com\/es\/wp-json\/wp\/v2\/types\/post"}],"author":[{"embeddable":true,"href":"https:\/\/www.europesays.com\/es\/wp-json\/wp\/v2\/users\/2"}],"replies":[{"embeddable":true,"href":"https:\/\/www.europesays.com\/es\/wp-json\/wp\/v2\/comments?post=186144"}],"version-history":[{"count":0,"href":"https:\/\/www.europesays.com\/es\/wp-json\/wp\/v2\/posts\/186144\/revisions"}],"wp:featuredmedia":[{"embeddable":true,"href":"https:\/\/www.europesays.com\/es\/wp-json\/wp\/v2\/media\/186145"}],"wp:attachment":[{"href":"https:\/\/www.europesays.com\/es\/wp-json\/wp\/v2\/media?parent=186144"}],"wp:term":[{"taxonomy":"category","embeddable":true,"href":"https:\/\/www.europesays.com\/es\/wp-json\/wp\/v2\/categories?post=186144"},{"taxonomy":"post_tag","embeddable":true,"href":"https:\/\/www.europesays.com\/es\/wp-json\/wp\/v2\/tags?post=186144"}],"curies":[{"name":"wp","href":"https:\/\/api.w.org\/{rel}","templated":true}]}}