{"id":186148,"date":"2025-10-19T01:12:09","date_gmt":"2025-10-19T01:12:09","guid":{"rendered":"https:\/\/www.europesays.com\/es\/186148\/"},"modified":"2025-10-19T01:12:09","modified_gmt":"2025-10-19T01:12:09","slug":"charles-jourdain-consigue-brutal-victoria-sobre-davey-grant-en-ufc-vancouver","status":"publish","type":"post","link":"https:\/\/www.europesays.com\/es\/186148\/","title":{"rendered":"Charles Jourdain consigue brutal victoria sobre Davey Grant en UFC Vancouver"},"content":{"rendered":"<p>\n                        Publicado <b>18 octubre, 2025<\/b> por <b>Ramiro Ramirez<\/b>                    <\/p>\n<blockquote class=\"wp-block-quote is-layout-flow wp-block-quote-is-layout-flow\">\n<p class=\"has-medium-font-size\">El canadiense aplic\u00f3 potente rodillazo al rostro de su rival y lo finaliz\u00f3 con una guillotina para llevarse la victoria por sumisi\u00f3n<\/p>\n<\/blockquote>\n<p><img fetchpriority=\"high\" decoding=\"async\" width=\"1024\" height=\"576\" src=\"https:\/\/www.europesays.com\/es\/wp-content\/uploads\/2025\/10\/ufc-sumision-grant-reuters-185053-1024x576.jpg\" alt=\"Charles Jourdain consigue brutal victoria sobre Davey Grant en UFC Vancouver\" class=\"wp-image-1100880\"  \/>Jourdain, tras su victoria ante Grant | Reuters<\/p>\n<p>Uno de los primeros combates de la cartelera estelar dentro de UFC Vancouver nos dej\u00f3 una imagen, digna de estar en la galer\u00eda de los golpes m\u00e1s imponentes de la empresa. Charles Jourdain fue, preocupantemente quir\u00fargico, y tras un potente rodillazo y una guillotina, se hizo de la victoria ante Davey Grant.<\/p>\n<p>El combate no se fue a la distancia. El ingl\u00e9s mostr\u00f3 determinaci\u00f3n para ir al frente, sin embargo eso termin\u00f3 siendo su sentencia. Al abrir su guardia dej\u00f3 al descubierto su rostro, y \u2018Air\u2019 agradeci\u00f3 el regalo, hundiendo su rodilla izquierda en el rostro de su rival.<\/p>\n<blockquote class=\"twitter-tweet\">\n<p lang=\"es\" dir=\"ltr\">Por algo le dicen \u00abAir\u00bb a <a href=\"https:\/\/twitter.com\/JourdainAir?ref_src=twsrc%5Etfw\" rel=\"nofollow noopener\" target=\"_blank\">@JourdainAir<\/a> \u2708\ufe0f <a href=\"https:\/\/twitter.com\/hashtag\/UFCVancouver?src=hash&amp;ref_src=twsrc%5Etfw\" rel=\"nofollow noopener\" target=\"_blank\">#UFCVancouver<\/a> <a href=\"https:\/\/t.co\/fnoyGZLxZl\" rel=\"nofollow\">pic.twitter.com\/fnoyGZLxZl<\/a><\/p>\n<p>\u2014 UFC Espa\u00f1ol (@UFCEspanol) <a href=\"https:\/\/twitter.com\/UFCEspanol\/status\/1979700653103501784?ref_src=twsrc%5Etfw\" rel=\"nofollow noopener\" target=\"_blank\">October 19, 2025<\/a><\/p><\/blockquote>\n<p>Grande el esfuerzo de Grant, quien mostr\u00f3 signos de vida y continu\u00f3 con el combate, sin embargo el da\u00f1o fue severo y no pudo evitar la guillotina de Jourdain, finiquit\u00e1ndose el combate, apenas en el primer asalto.<\/p>\n<p><img loading=\"lazy\" decoding=\"async\" width=\"1024\" height=\"576\" src=\"https:\/\/www.europesays.com\/es\/wp-content\/uploads\/2025\/10\/ufc-sumision-grant-184716-1024x576.jpg\" alt=\"Charles Jourdain consigue brutal victoria sobre Davey Grant en UFC Vancouver\" class=\"wp-image-1100877\"  \/>El canadiense, con imponente rodillazo sobre su rival | @UFCEspanol<\/p>\n<p>Una vez concluido el combare, Jourdain abraz\u00f3 a su rival, en u8na muestra de total despeto, ante un Grant que, m\u00e1s que lastimado, mostraba orgullo herido tras haber ca\u00eddo de forma tan estrepitosa. <\/p>\n<p>TE PUEDE INTERESAR:<\/p>\n<p>            <script async src=\"https:\/\/platform.twitter.com\/widgets.js\" charset=\"utf-8\"><\/script><\/p>\n","protected":false},"excerpt":{"rendered":"Publicado 18 octubre, 2025 por Ramiro Ramirez El canadiense aplic\u00f3 potente rodillazo al rostro de su rival y&hellip;\n","protected":false},"author":2,"featured_media":186149,"comment_status":"","ping_status":"","sticky":false,"template":"","format":"standard","meta":{"footnotes":""},"categories":[276],"tags":[168,25,24,23,167,343],"class_list":{"0":"post-186148","1":"post","2":"type-post","3":"status-publish","4":"format-standard","5":"has-post-thumbnail","7":"category-ufc","8":"tag-deportes","9":"tag-es","10":"tag-espana","11":"tag-spain","12":"tag-sports","13":"tag-ufc"},"share_on_mastodon":{"url":"","error":""},"_links":{"self":[{"href":"https:\/\/www.europesays.com\/es\/wp-json\/wp\/v2\/posts\/186148","targetHints":{"allow":["GET"]}}],"collection":[{"href":"https:\/\/www.europesays.com\/es\/wp-json\/wp\/v2\/posts"}],"about":[{"href":"https:\/\/www.europesays.com\/es\/wp-json\/wp\/v2\/types\/post"}],"author":[{"embeddable":true,"href":"https:\/\/www.europesays.com\/es\/wp-json\/wp\/v2\/users\/2"}],"replies":[{"embeddable":true,"href":"https:\/\/www.europesays.com\/es\/wp-json\/wp\/v2\/comments?post=186148"}],"version-history":[{"count":0,"href":"https:\/\/www.europesays.com\/es\/wp-json\/wp\/v2\/posts\/186148\/revisions"}],"wp:featuredmedia":[{"embeddable":true,"href":"https:\/\/www.europesays.com\/es\/wp-json\/wp\/v2\/media\/186149"}],"wp:attachment":[{"href":"https:\/\/www.europesays.com\/es\/wp-json\/wp\/v2\/media?parent=186148"}],"wp:term":[{"taxonomy":"category","embeddable":true,"href":"https:\/\/www.europesays.com\/es\/wp-json\/wp\/v2\/categories?post=186148"},{"taxonomy":"post_tag","embeddable":true,"href":"https:\/\/www.europesays.com\/es\/wp-json\/wp\/v2\/tags?post=186148"}],"curies":[{"name":"wp","href":"https:\/\/api.w.org\/{rel}","templated":true}]}}