{"id":186173,"date":"2025-10-19T01:33:20","date_gmt":"2025-10-19T01:33:20","guid":{"rendered":"https:\/\/www.europesays.com\/es\/186173\/"},"modified":"2025-10-19T01:33:20","modified_gmt":"2025-10-19T01:33:20","slug":"duelo-de-alto-voltaje-en-galdar","status":"publish","type":"post","link":"https:\/\/www.europesays.com\/es\/186173\/","title":{"rendered":"Duelo de alto voltaje en G\u00e1ldar"},"content":{"rendered":"\n<p> Los grancanarios afrontan este s\u00e1bado un nuevo compromiso en casa ante un Automan\u00eda Luceros que llega en plena forma <img fetchpriority=\"high\" decoding=\"async\" width=\"1024\" height=\"683\" data-lazy-type=\"image\" src=\"https:\/\/www.europesays.com\/es\/wp-content\/uploads\/2025\/10\/PHOTO-2025-10-17-15-23-24-1024x683.webp.webp\" alt=\"\" class=\"lazy lazy-hidden wp-image-586780\"  \/><\/p>\n<p>Duelo de alto voltaje en G\u00e1ldar \/ Club Balonmano G\u00e1ldar <\/p>\n<p><a href=\"https:\/\/rtvc.es\/balonmano\/\" rel=\"nofollow noopener\" target=\"_blank\">El Balonmano G\u00e1ldar Gran Canaria<\/a> disputa este s\u00e1bado, 18 de octubre, la sexta jornada del Grupo A de la Primera Nacional. Los pupilos de Aday S\u00e1nchez <strong>se medir\u00e1n a las 20:00 horas en el Polideportivo Juan Vega Mateos al Automan\u00eda Luceros<\/strong>, filial del Frigor\u00edficos del Morrazo Balonmano Cangas.<\/p>\n<p>El conjunto gallego, dirigido por Adri\u00e1n M\u00e9ndez, ha firmado un brillante inicio de temporada con cuatro victorias y una sola derrota, situ\u00e1ndose en la parte alta de la tabla. <strong>El Luceros destaca por su estilo de juego ofensivo, r\u00e1pido y din\u00e1mico<\/strong>. Entre sus principales referencias se encuentran Iago Iglesias e Iago Fonseca, dos piezas clave en la parcela ofensiva que aportan ritmo, eficacia y liderazgo.<\/p>\n<p>   <a href=\"https:\/\/whatsapp.com\/channel\/0029Va8SLphIyPtOoag1Or0S\" rel=\"nofollow noopener\" target=\"_blank\"> <img class=\"lazy lazy-hidden\" decoding=\"async\" data-lazy-type=\"image\" src=\"https:\/\/www.europesays.com\/es\/wp-content\/uploads\/2025\/08\/banner-whatsapp-rtvc-29.gif\" alt=\"M\u00e1s Actualidad en el canal de Whatsapp de RTVC\" title=\"M\u00e1s Actualidad en el canal de Whatsapp de RTVC\" style=\"max-width: 100%; max-height: 100%;margin-bottom: 0px; height: 100px; width: 970px; display: block;\"\/><\/p>\n<p><\/a>    <\/p>\n<p>Por su parte, <strong>el Balonmano G\u00e1ldar buscar\u00e1 hacerse fuerte en casa y ofrecerle a su afici\u00f3n una nueva victoria<\/strong>. Tras varias jornadas de gran exigencia, los grancanarios conf\u00edan en que la fortaleza del bloque y la intensidad defensiva sean las armas que les permitan frenar el juego veloz del conjunto gallego y sumar un triunfo de prestigio en su feudo.<\/p>\n<p><strong>El choque promete emociones fuertes y un gran ambiente<\/strong> en el Juan Vega Mateos, donde el Balonmano G\u00e1ldar intentar\u00e1 convertir la energ\u00eda de su p\u00fablico en el impulso necesario para superar a uno de los rivales m\u00e1s potentes del grupo y seguir escalando posiciones en la clasificaci\u00f3n.<\/p>\n","protected":false},"excerpt":{"rendered":"Los grancanarios afrontan este s\u00e1bado un nuevo compromiso en casa ante un Automan\u00eda Luceros que llega en plena&hellip;\n","protected":false},"author":2,"featured_media":186174,"comment_status":"","ping_status":"","sticky":false,"template":"","format":"standard","meta":{"footnotes":""},"categories":[278],"tags":[376,52423,168,25,24,29642,375,23,167],"class_list":{"0":"post-186173","1":"post","2":"type-post","3":"status-publish","4":"format-standard","5":"has-post-thumbnail","7":"category-balonmano","8":"tag-balonmano","9":"tag-deporte-canarias","10":"tag-deportes","11":"tag-es","12":"tag-espana","13":"tag-galdar","14":"tag-handball","15":"tag-spain","16":"tag-sports"},"share_on_mastodon":{"url":"","error":""},"_links":{"self":[{"href":"https:\/\/www.europesays.com\/es\/wp-json\/wp\/v2\/posts\/186173","targetHints":{"allow":["GET"]}}],"collection":[{"href":"https:\/\/www.europesays.com\/es\/wp-json\/wp\/v2\/posts"}],"about":[{"href":"https:\/\/www.europesays.com\/es\/wp-json\/wp\/v2\/types\/post"}],"author":[{"embeddable":true,"href":"https:\/\/www.europesays.com\/es\/wp-json\/wp\/v2\/users\/2"}],"replies":[{"embeddable":true,"href":"https:\/\/www.europesays.com\/es\/wp-json\/wp\/v2\/comments?post=186173"}],"version-history":[{"count":0,"href":"https:\/\/www.europesays.com\/es\/wp-json\/wp\/v2\/posts\/186173\/revisions"}],"wp:featuredmedia":[{"embeddable":true,"href":"https:\/\/www.europesays.com\/es\/wp-json\/wp\/v2\/media\/186174"}],"wp:attachment":[{"href":"https:\/\/www.europesays.com\/es\/wp-json\/wp\/v2\/media?parent=186173"}],"wp:term":[{"taxonomy":"category","embeddable":true,"href":"https:\/\/www.europesays.com\/es\/wp-json\/wp\/v2\/categories?post=186173"},{"taxonomy":"post_tag","embeddable":true,"href":"https:\/\/www.europesays.com\/es\/wp-json\/wp\/v2\/tags?post=186173"}],"curies":[{"name":"wp","href":"https:\/\/api.w.org\/{rel}","templated":true}]}}