{"id":186177,"date":"2025-10-19T01:35:15","date_gmt":"2025-10-19T01:35:15","guid":{"rendered":"https:\/\/www.europesays.com\/es\/186177\/"},"modified":"2025-10-19T01:35:15","modified_gmt":"2025-10-19T01:35:15","slug":"marlon-chito-vera-perdio-ante-aiemann-zahabi-en-su-retorno-a-la-ufc","status":"publish","type":"post","link":"https:\/\/www.europesays.com\/es\/186177\/","title":{"rendered":"Marlon &#8216;Chito&#8217; Vera perdi\u00f3 ante Aiemann Zahabi en su retorno a la UFC"},"content":{"rendered":"<p><strong>Marlon \u2018Chito\u2019 Vera<\/strong> volvi\u00f3 a pelear en el oct\u00e1gono de la <strong>Ultimate Fighting Championship<\/strong> (UFC) luego de 441 d\u00edas o lo que equivale a un a\u00f1o, dos meses y 15 d\u00edas. Lo hizo con una derrota ante el canadiense <strong>Aiemann Zahabi<\/strong> en la categor\u00eda del <strong>peso gallo<\/strong>.<\/p>\n<p>El combate entre <strong>Marlon \u2018Chito\u2019 Vera<\/strong> y <strong>Aiemann Zahabi <\/strong>se escenific\u00f3 la noche de este s\u00e1bado 18 de octubre de 2025 en el <strong>Rogers Arena <\/strong>de <strong>Vancouver<\/strong>, <strong>Canad\u00e1<\/strong>, como parte del evento UFC Fight Night.<\/p>\n<p>M\u00e1s noticias:Marlon \u2018Chito\u2019 Vera perdi\u00f3 re\u00f1ida pelea<\/p>\n<p><strong>Marlon \u2018Chito\u2019 Vera <\/strong>aument\u00f3 ante <strong>Aiemann Zahabi<\/strong> a tres peleas consecutivas en las que sali\u00f3 del oct\u00e1gono derrotado. <\/p>\n<p>La nueva ca\u00edda fue en la velada que tiene al combate entre el neerland\u00e9s<strong> Reinier de Ridder<\/strong> vs. el estadounidense <strong>Brendan Allen<\/strong> por el peso mediano (peso entre 171 y 185 libras) como el principal de la noche.<\/p>\n<p>El 10 de marzo y el 3 de agosto de 2024, el ecuatoriano hab\u00eda perdido ante el norteamericano <strong>Sean O\u2019Malley <\/strong>(por el t\u00edtulo) en el Kaseya Center de Miami y frente a <strong>Deiveson Figueiredo<\/strong> en el Etihad Arena en Abu Dabi, Emiratos \u00c1rabes, respectivamente.<\/p>\n<p>Esas dos derrotas hicieron que <strong>Vera <\/strong>descienda en el ranking del <strong>peso gallo <\/strong>desde el tercer puesto al s\u00e9ptimo. Esto tambi\u00e9n repercuti\u00f3 en sus opciones de volver a pelear por el <strong>ansiado y buscado t\u00edtulo<\/strong>.<\/p>\n<p>La decisi\u00f3n de los jueces fue dividida en favor del canadiense. El ecuatoriano se mostr\u00f3 molest\u00f3 por la decisi\u00f3n y abandon\u00f3 inmediatamente el oct\u00e1gono.<\/p>\n<p>El r\u00e9cord del \u2018Chito\u2019 ahora es de 23 vitorias, 11 derrotas y un empate.<\/p>\n<p>El \u2018Chito\u2019 fue local<\/p>\n<blockquote class=\"twitter-tweet\" data-media-max-width=\"560\">\n<p lang=\"es\" dir=\"ltr\">La afici\u00f3n canadiense est\u00e1 apoyando a <a href=\"https:\/\/twitter.com\/chitoveraUFC?ref_src=twsrc%5Etfw\" rel=\"nofollow noopener\" target=\"_blank\">@chitoveraufc<\/a> \ud83d\ude0e <a href=\"https:\/\/twitter.com\/hashtag\/UFCVancouver?src=hash&amp;ref_src=twsrc%5Etfw\" rel=\"nofollow noopener\" target=\"_blank\">#UFCVancouver<\/a> <a href=\"https:\/\/t.co\/lOx2ucJ1gm\" rel=\"nofollow\">pic.twitter.com\/lOx2ucJ1gm<\/a><\/p>\n<p>\u2014 UFC Espa\u00f1ol (@UFCEspanol) <a href=\"https:\/\/twitter.com\/UFCEspanol\/status\/1979709220497793050?ref_src=twsrc%5Etfw\" rel=\"nofollow noopener\" target=\"_blank\">October 19, 2025<\/a><\/p><\/blockquote>\n<p> Potente izquierdazo del ecuatoriano<\/p>\n<blockquote class=\"twitter-tweet\" data-media-max-width=\"560\">\n<p lang=\"es\" dir=\"ltr\">La mano izquierda de <a href=\"https:\/\/twitter.com\/chitoveraUFC?ref_src=twsrc%5Etfw\" rel=\"nofollow noopener\" target=\"_blank\">@chitoveraufc<\/a> hace da\u00f1o \ud83d\udc4a <a href=\"https:\/\/twitter.com\/hashtag\/UFCVancouver?src=hash&amp;ref_src=twsrc%5Etfw\" rel=\"nofollow noopener\" target=\"_blank\">#UFCVancouver<\/a> <a href=\"https:\/\/t.co\/vWlr82vvGl\" rel=\"nofollow\">pic.twitter.com\/vWlr82vvGl<\/a><\/p>\n<p>\u2014 UFC Espa\u00f1ol (@UFCEspanol) <a href=\"https:\/\/twitter.com\/UFCEspanol\/status\/1979710982461988974?ref_src=twsrc%5Etfw\" rel=\"nofollow noopener\" target=\"_blank\">October 19, 2025<\/a><\/p><\/blockquote>\n<p> Golpe por golpe<\/p>\n<blockquote class=\"twitter-tweet\" data-media-max-width=\"560\">\n<p lang=\"pt\" dir=\"ltr\">QUE PELEAAAA \ud83d\udd25\ud83d\udd25\ud83d\udd25 <a href=\"https:\/\/twitter.com\/hashtag\/UFCVancouver?src=hash&amp;ref_src=twsrc%5Etfw\" rel=\"nofollow noopener\" target=\"_blank\">#UFCVancouver<\/a> <a href=\"https:\/\/t.co\/rNAO7GMJF1\" rel=\"nofollow\">pic.twitter.com\/rNAO7GMJF1<\/a><\/p>\n<p>\u2014 UFC Espa\u00f1ol (@UFCEspanol) <a href=\"https:\/\/twitter.com\/UFCEspanol\/status\/1979713299731144878?ref_src=twsrc%5Etfw\" rel=\"nofollow noopener\" target=\"_blank\">October 19, 2025<\/a><\/p><\/blockquote>\n<p> Decisi\u00f3n dividida<\/p>\n<blockquote class=\"twitter-tweet\" data-media-max-width=\"560\">\n<p lang=\"es\" dir=\"ltr\">Despu\u00e9s de una guerra de tres asaltos, <a href=\"https:\/\/twitter.com\/Aiemannzahabi?ref_src=twsrc%5Etfw\" rel=\"nofollow noopener\" target=\"_blank\">@Aiemannzahabi<\/a> se lleva el triunfo por decisi\u00f3n dividida \ud83c\udfc6 <a href=\"https:\/\/twitter.com\/hashtag\/UFCVancouver?src=hash&amp;ref_src=twsrc%5Etfw\" rel=\"nofollow noopener\" target=\"_blank\">#UFCVancouver<\/a> <a href=\"https:\/\/t.co\/IPgaUWeV0b\" rel=\"nofollow\">pic.twitter.com\/IPgaUWeV0b<\/a><\/p>\n<p>\u2014 UFC Espa\u00f1ol (@UFCEspanol) <a href=\"https:\/\/twitter.com\/UFCEspanol\/status\/1979714673877590212?ref_src=twsrc%5Etfw\" rel=\"nofollow noopener\" target=\"_blank\">October 19, 2025<\/a><\/p><\/blockquote>\n<p> Carrera del \u2018Chito\u2019 Vera<\/p>\n<tr>\n<td class=\"has-text-align-center\" data-align=\"center\"><strong>RIVAL<\/strong><\/td>\n<td class=\"has-text-align-center\" data-align=\"center\"><strong>A\u00d1O<\/strong><\/td>\n<td class=\"has-text-align-center\" data-align=\"center\"><strong>RESULTADO<\/strong><\/td>\n<\/tr>\n<tr>\n<td class=\"has-text-align-center\" data-align=\"center\"><strong>Aiemann Zahabi<\/strong><\/td>\n<td class=\"has-text-align-center\" data-align=\"center\"><strong>2025<\/strong><\/td>\n<td class=\"has-text-align-center\" data-align=\"center\"><strong>Derrota<\/strong><\/td>\n<\/tr>\n<tr>\n<td class=\"has-text-align-center\" data-align=\"center\"><strong>Deiveson Figueiredo<\/strong><\/td>\n<td class=\"has-text-align-center\" data-align=\"center\"><strong>2024<\/strong><\/td>\n<td class=\"has-text-align-center\" data-align=\"center\"><strong>Derrota<\/strong><\/td>\n<\/tr>\n<tr>\n<td class=\"has-text-align-center\" data-align=\"center\"><strong>Sean O\u2019Malley<\/strong><\/td>\n<td class=\"has-text-align-center\" data-align=\"center\"><strong>2024<\/strong><\/td>\n<td class=\"has-text-align-center\" data-align=\"center\"><strong>Derrota<\/strong><\/td>\n<\/tr>\n<tr>\n<td class=\"has-text-align-center\" data-align=\"center\">Pedro Munhoz<\/td>\n<td class=\"has-text-align-center\" data-align=\"center\">2023<\/td>\n<td class=\"has-text-align-center\" data-align=\"center\">Victoria<\/td>\n<\/tr>\n<tr>\n<td class=\"has-text-align-center\" data-align=\"center\"><strong>Cory Sandhagen<\/strong><\/td>\n<td class=\"has-text-align-center\" data-align=\"center\">2023<\/td>\n<td class=\"has-text-align-center\" data-align=\"center\"><strong>Derrota<\/strong><\/td>\n<\/tr>\n<tr>\n<td class=\"has-text-align-center\" data-align=\"center\">Dominick Cruz<\/td>\n<td class=\"has-text-align-center\" data-align=\"center\">2022<\/td>\n<td class=\"has-text-align-center\" data-align=\"center\">Victoria<\/td>\n<\/tr>\n<tr>\n<td class=\"has-text-align-center\" data-align=\"center\">Rob Font<\/td>\n<td class=\"has-text-align-center\" data-align=\"center\">2022<\/td>\n<td class=\"has-text-align-center\" data-align=\"center\">Victoria<\/td>\n<\/tr>\n<tr>\n<td class=\"has-text-align-center\" data-align=\"center\">Frankie Edgar<\/td>\n<td class=\"has-text-align-center\" data-align=\"center\">2021<\/td>\n<td class=\"has-text-align-center\" data-align=\"center\">Victoria<\/td>\n<\/tr>\n<tr>\n<td class=\"has-text-align-center\" data-align=\"center\">Davey Grant<\/td>\n<td class=\"has-text-align-center\" data-align=\"center\">2021<\/td>\n<td class=\"has-text-align-center\" data-align=\"center\">Victoria<\/td>\n<\/tr>\n<tr>\n<td class=\"has-text-align-center\" data-align=\"center\"><strong>Jos\u00e9 Aldo<\/strong><\/td>\n<td class=\"has-text-align-center\" data-align=\"center\"><strong>2020<\/strong><\/td>\n<td class=\"has-text-align-center\" data-align=\"center\"><strong>Derrota<\/strong><\/td>\n<\/tr>\n<tr>\n<td class=\"has-text-align-center\" data-align=\"center\">Sean O\u2019Malley<\/td>\n<td class=\"has-text-align-center\" data-align=\"center\">2020<\/td>\n<td class=\"has-text-align-center\" data-align=\"center\">Victoria<\/td>\n<\/tr>\n<tr>\n<td class=\"has-text-align-center\" data-align=\"center\"><strong>Song Yadong<\/strong><\/td>\n<td class=\"has-text-align-center\" data-align=\"center\"><strong>2020<\/strong><\/td>\n<td class=\"has-text-align-center\" data-align=\"center\"><strong>Derrota<\/strong><\/td>\n<\/tr>\n<tr>\n<td class=\"has-text-align-center\" data-align=\"center\">Andre Ewell<\/td>\n<td class=\"has-text-align-center\" data-align=\"center\">2019<\/td>\n<td class=\"has-text-align-center\" data-align=\"center\">Victoria<\/td>\n<\/tr>\n<tr>\n<td class=\"has-text-align-center\" data-align=\"center\">Nohelin Hern\u00e1ndez<\/td>\n<td class=\"has-text-align-center\" data-align=\"center\">2019<\/td>\n<td class=\"has-text-align-center\" data-align=\"center\">Victoria<\/td>\n<\/tr>\n<tr>\n<td class=\"has-text-align-center\" data-align=\"center\">Frankie Saenz<\/td>\n<td class=\"has-text-align-center\" data-align=\"center\">2019<\/td>\n<td class=\"has-text-align-center\" data-align=\"center\">Victoria<\/td>\n<\/tr>\n<tr>\n<td class=\"has-text-align-center\" data-align=\"center\">Guido Cannetti<\/td>\n<td class=\"has-text-align-center\" data-align=\"center\">2018<\/td>\n<td class=\"has-text-align-center\" data-align=\"center\">Victoria<\/td>\n<\/tr>\n<tr>\n<td class=\"has-text-align-center\" data-align=\"center\">Wuliji Buren<\/td>\n<td class=\"has-text-align-center\" data-align=\"center\">2018<\/td>\n<td class=\"has-text-align-center\" data-align=\"center\">Victoria<\/td>\n<\/tr>\n<tr>\n<td class=\"has-text-align-center\" data-align=\"center\"><strong>Douglas Silva de Andrade<\/strong><\/td>\n<td class=\"has-text-align-center\" data-align=\"center\"><strong>2018<\/strong><\/td>\n<td class=\"has-text-align-center\" data-align=\"center\"><strong>Derrota<\/strong><\/td>\n<\/tr>\n<tr>\n<td class=\"has-text-align-center\" data-align=\"center\"><strong>John Lineker<\/strong><\/td>\n<td class=\"has-text-align-center\" data-align=\"center\"><strong>2017<\/strong><\/td>\n<td class=\"has-text-align-center\" data-align=\"center\"><strong>Derrota<\/strong><\/td>\n<\/tr>\n<tr>\n<td class=\"has-text-align-center\" data-align=\"center\">Brian Kelleher<\/td>\n<td class=\"has-text-align-center\" data-align=\"center\">2017<\/td>\n<td class=\"has-text-align-center\" data-align=\"center\">Victoria<\/td>\n<\/tr>\n<tr>\n<td class=\"has-text-align-center\" data-align=\"center\">Brad Pickett<\/td>\n<td class=\"has-text-align-center\" data-align=\"center\">2017<\/td>\n<td class=\"has-text-align-center\" data-align=\"center\">Victoria<\/td>\n<\/tr>\n<tr>\n<td class=\"has-text-align-center\" data-align=\"center\">Ning Guangyou<\/td>\n<td class=\"has-text-align-center\" data-align=\"center\">2016<\/td>\n<td class=\"has-text-align-center\" data-align=\"center\">Victoria<\/td>\n<\/tr>\n<tr>\n<td class=\"has-text-align-center\" data-align=\"center\"><strong>Davey Grant<\/strong><\/td>\n<td class=\"has-text-align-center\" data-align=\"center\"><strong>2016<\/strong><\/td>\n<td class=\"has-text-align-center\" data-align=\"center\"><strong>Derrota<\/strong><\/td>\n<\/tr>\n<tr>\n<td class=\"has-text-align-center\" data-align=\"center\">Roman Salazar<\/td>\n<td class=\"has-text-align-center\" data-align=\"center\">2015<\/td>\n<td class=\"has-text-align-center\" data-align=\"center\">Victoria<\/td>\n<\/tr>\n<tr>\n<td class=\"has-text-align-center\" data-align=\"center\">Marco Beltr\u00e1n<\/td>\n<td class=\"has-text-align-center\" data-align=\"center\">2014<\/td>\n<td class=\"has-text-align-center\" data-align=\"center\">Victoria<\/td>\n<\/tr>\n<tr>\n<td class=\"has-text-align-center\" data-align=\"center\">D\u2019Juan Owens<\/td>\n<td class=\"has-text-align-center\" data-align=\"center\">2013<\/td>\n<td class=\"has-text-align-center\" data-align=\"center\">Victoria<\/td>\n<\/tr>\n<tr>\n<td class=\"has-text-align-center\" data-align=\"center\"><strong>Bruno Leandro Lobato<\/strong><\/td>\n<td class=\"has-text-align-center\" data-align=\"center\"><strong>2013<\/strong><\/td>\n<td class=\"has-text-align-center\" data-align=\"center\"><strong>Derrota<\/strong><\/td>\n<\/tr>\n<tr>\n<td class=\"has-text-align-center\" data-align=\"center\">F\u00e1bio Bispo<\/td>\n<td class=\"has-text-align-center\" data-align=\"center\">2013<\/td>\n<td class=\"has-text-align-center\" data-align=\"center\">Empate<\/td>\n<\/tr>\n<tr>\n<td class=\"has-text-align-center\" data-align=\"center\">Luis Roberto Herrera<\/td>\n<td class=\"has-text-align-center\" data-align=\"center\">2013<\/td>\n<td class=\"has-text-align-center\" data-align=\"center\">Victoria<\/td>\n<\/tr>\n<tr>\n<td class=\"has-text-align-center\" data-align=\"center\">Joel Iglesias<\/td>\n<td class=\"has-text-align-center\" data-align=\"center\">2013<\/td>\n<td class=\"has-text-align-center\" data-align=\"center\">Victoria<\/td>\n<\/tr>\n<tr>\n<td class=\"has-text-align-center\" data-align=\"center\">Javier Umana Mu\u00f1oz<\/td>\n<td class=\"has-text-align-center\" data-align=\"center\">2013<\/td>\n<td class=\"has-text-align-center\" data-align=\"center\">Victoria<\/td>\n<\/tr>\n<tr>\n<td class=\"has-text-align-center\" data-align=\"center\">Alexis Patino Pinos<\/td>\n<td class=\"has-text-align-center\" data-align=\"center\">2012<\/td>\n<td class=\"has-text-align-center\" data-align=\"center\">Victoria<\/td>\n<\/tr>\n<tr>\n<td class=\"has-text-align-center\" data-align=\"center\">Jack Guzm\u00e1n<\/td>\n<td class=\"has-text-align-center\" data-align=\"center\">2012<\/td>\n<td class=\"has-text-align-center\" data-align=\"center\">Victoria<\/td>\n<\/tr>\n<tr>\n<td class=\"has-text-align-center\" data-align=\"center\">C\u00e9sar Moreno<\/td>\n<td class=\"has-text-align-center\" data-align=\"center\">2011<\/td>\n<td class=\"has-text-align-center\" data-align=\"center\">Victoria<\/td>\n<\/tr>\n<tr>\n<td class=\"has-text-align-center\" data-align=\"center\">Romel Orosco<\/td>\n<td class=\"has-text-align-center\" data-align=\"center\">2010<\/td>\n<td class=\"has-text-align-center\" data-align=\"center\">Victoria<\/td>\n<\/tr>\n<p>Chito \u2018Vera\u2019 se confiesa<\/p>\n<blockquote class=\"twitter-tweet\" data-media-max-width=\"560\">\n<p lang=\"es\" dir=\"ltr\">Chito Vera \ud83c\uddea\ud83c\udde8 invirti\u00f3 en s\u00ed mismo y est\u00e1 listo para demostrar que es uno de los mejores del mundo \ud83d\udd25<a href=\"https:\/\/twitter.com\/hashtag\/UFCVancouver?src=hash&amp;ref_src=twsrc%5Etfw\" rel=\"nofollow noopener\" target=\"_blank\">#UFCVancouver<\/a> | S\u00e1b 18 de octubre | <a href=\"https:\/\/twitter.com\/chitoveraUFC?ref_src=twsrc%5Etfw\" rel=\"nofollow noopener\" target=\"_blank\">@chitoveraUFC<\/a> <a href=\"https:\/\/t.co\/KFDyT7JMfC\" rel=\"nofollow\">pic.twitter.com\/KFDyT7JMfC<\/a><\/p>\n<p>\u2014 UFC Espa\u00f1ol (@UFCEspanol) <a href=\"https:\/\/twitter.com\/UFCEspanol\/status\/1978521253838508059?ref_src=twsrc%5Etfw\" rel=\"nofollow noopener\" target=\"_blank\">October 15, 2025<\/a><\/p><\/blockquote>\n<ul class=\"wp-block-list\">\n<li><strong>Informaci\u00f3n externa:<\/strong> <a href=\"https:\/\/es.wikipedia.org\/wiki\/Ultimate_Fighting_Championship\" target=\"_blank\" rel=\"noreferrer noopener nofollow\">UFC<\/a><\/li>\n<\/ul>\n<p><script async src=\"https:\/\/platform.twitter.com\/widgets.js\" charset=\"utf-8\"><\/script><\/p>\n","protected":false},"excerpt":{"rendered":"Marlon \u2018Chito\u2019 Vera volvi\u00f3 a pelear en el oct\u00e1gono de la Ultimate Fighting Championship (UFC) luego de 441&hellip;\n","protected":false},"author":2,"featured_media":186178,"comment_status":"","ping_status":"","sticky":false,"template":"","format":"standard","meta":{"footnotes":""},"categories":[276],"tags":[1488,168,25,24,450,2346,23,167,343],"class_list":{"0":"post-186177","1":"post","2":"type-post","3":"status-publish","4":"format-standard","5":"has-post-thumbnail","7":"category-ufc","8":"tag-artes-marciales","9":"tag-deportes","10":"tag-es","11":"tag-espana","12":"tag-marlon-vera","13":"tag-peso-gallo","14":"tag-spain","15":"tag-sports","16":"tag-ufc"},"share_on_mastodon":{"url":"","error":""},"_links":{"self":[{"href":"https:\/\/www.europesays.com\/es\/wp-json\/wp\/v2\/posts\/186177","targetHints":{"allow":["GET"]}}],"collection":[{"href":"https:\/\/www.europesays.com\/es\/wp-json\/wp\/v2\/posts"}],"about":[{"href":"https:\/\/www.europesays.com\/es\/wp-json\/wp\/v2\/types\/post"}],"author":[{"embeddable":true,"href":"https:\/\/www.europesays.com\/es\/wp-json\/wp\/v2\/users\/2"}],"replies":[{"embeddable":true,"href":"https:\/\/www.europesays.com\/es\/wp-json\/wp\/v2\/comments?post=186177"}],"version-history":[{"count":0,"href":"https:\/\/www.europesays.com\/es\/wp-json\/wp\/v2\/posts\/186177\/revisions"}],"wp:featuredmedia":[{"embeddable":true,"href":"https:\/\/www.europesays.com\/es\/wp-json\/wp\/v2\/media\/186178"}],"wp:attachment":[{"href":"https:\/\/www.europesays.com\/es\/wp-json\/wp\/v2\/media?parent=186177"}],"wp:term":[{"taxonomy":"category","embeddable":true,"href":"https:\/\/www.europesays.com\/es\/wp-json\/wp\/v2\/categories?post=186177"},{"taxonomy":"post_tag","embeddable":true,"href":"https:\/\/www.europesays.com\/es\/wp-json\/wp\/v2\/tags?post=186177"}],"curies":[{"name":"wp","href":"https:\/\/api.w.org\/{rel}","templated":true}]}}