{"id":186187,"date":"2025-10-19T01:45:24","date_gmt":"2025-10-19T01:45:24","guid":{"rendered":"https:\/\/www.europesays.com\/es\/186187\/"},"modified":"2025-10-19T01:45:24","modified_gmt":"2025-10-19T01:45:24","slug":"me-da-mucha-pena-que-se-vaya","status":"publish","type":"post","link":"https:\/\/www.europesays.com\/es\/186187\/","title":{"rendered":"Me da mucha pena que se vaya"},"content":{"rendered":"<p id=\"ePMvQnHvkl\" data-wc=\"134\">Este jueves llega <strong>una nueva expulsi\u00f3n al reality de supervivencia de Telecinco<\/strong> en una gala en la que las emociones han estado a flor de piel. Cada vez son menos los &#8216;All Stars&#8217; que est\u00e1n aguantando en el programa y cada eliminaci\u00f3n supone un golpe duro para la audiencia y en especial para los participantes. As\u00ed ha sido para <strong>Gloria Camila<\/strong>. Despu\u00e9s de que la \u00absuperviviente\u00bb fuese salvada durante la gala del martes, <strong>la hija de Roc\u00edo Jurado y Ortega Cano<\/strong> no ha podido reprimir las l\u00e1grimas tras el adi\u00f3s de su compa\u00f1ero <strong>Iv\u00e1n Gonz\u00e1lez<\/strong>, que se enfrentaba en duelo contra <strong>Miri P\u00e9rez<\/strong> tras la salvaci\u00f3n de <a class=\"hm-link ho-link\" href=\"https:\/\/www.hola.com\/actualidad\/20250922857162\/adara-molinero-protagoniza-un-ordago-emocional\/\" data-mrf-recirculation=\"article-body-link\" rel=\"nofollow noopener\" target=\"_blank\">Adara Molinero<\/a>. \u00ab<strong>Me da pena que se vaya porque yo le di una oportunidad aqu\u00ed<\/strong>. Me abr\u00ed en canal aqu\u00ed con \u00e9l y le cog\u00ed cari\u00f1o\u00bb confesaba.\u00a0<\/p>\n<p> <img src=\"https:\/\/www.europesays.com\/es\/wp-content\/uploads\/2025\/10\/1cea0d491dc6-gloria-ivan.jpg\"   width=\"1024\" height=\"682\" loading=\"lazy\" decoding=\"async\" alt=\"Gloria Camila e Iv\u00e1n Gonz\u00e1lez en Supervivientes\" fetchpriority=\"auto\" class=\"image ho-image\"\/>\u00a9 MARCAGloria Camila e Iv\u00e1n Gonz\u00e1lez en Supervivientes<\/p>\n<p class=\"\" id=\"emwHRvqT-n\" data-wc=\"150\">La <strong>s\u00e9ptima gala<\/strong> de &#8216;Supervivientes All Stars 2&#8217; tra\u00eda consigo una de las eliminaciones m\u00e1s duras. <strong>Miri, Iv\u00e1n o Adara: uno de ellos ser\u00eda el siguiente en abandonar Honduras<\/strong>. Tres \u00absupervientes\u00bb que han tenido gran relevancia en la isla y que dejar\u00edan una importante huella en el transcurso del programa. Finalmente, Miri P\u00e9rez fue la se\u00f1alada por <a class=\"hm-link ho-link\" href=\"https:\/\/www.hola.com\/actualidad\/20250917856322\/la-bronca-de-adara-y-miri-y-la-seria-advertencia-de-jorge-javier-resumen-supervivientes-all-stars\/\" data-mrf-recirculation=\"article-body-link\" rel=\"nofollow noopener\" target=\"_blank\">Jorge Javier V\u00e1zquez<\/a> y continuaba su camino en el reality. Sin embargo, <a class=\"hm-link ho-link\" href=\"https:\/\/www.hola.com\/actualidad\/20250913855629\/altercado-entre-gloria-camila-e-ivan-gonzalez-en-supervivientes\/\" data-mrf-recirculation=\"article-body-link\" rel=\"nofollow noopener\" target=\"_blank\">Iv\u00e1n Gonz\u00e1lez<\/a><strong>\u00a0pon\u00eda un punto y final en la edici\u00f3n<\/strong>. El concursante ha querido dirigir unas \u00faltimas palabras a sus compa\u00f1eros. \u00abLo he pasado fatal, pero <strong>venir aqu\u00ed me ha hecho valorar la vida tan bonita que tengo<\/strong>\u00bb dec\u00eda el gaditano, que ya hab\u00eda participado en &#8216;Supervivientes 2017&#8217;. El extronista tambi\u00e9n se dirigi\u00f3 a la presentadora <a class=\"hm-link ho-link\" href=\"https:\/\/www.hola.com\/actualidad\/20250816850485\/las-espectaculares-vacaciones-de-laura-madrueno-antes-de-embarcarse-en-supervivientes-all-stars-y-sabemos-donde-esta\/\" data-mrf-recirculation=\"article-body-link\" rel=\"nofollow noopener\" target=\"_blank\">Laura Madrue\u00f1o<\/a> agradeciendo el cari\u00f1o que deposita en los concursantes. \u00ab<strong>Tu sonrisa era como un rayo de luz cada vez que te ve\u00edamos<\/strong>\u00bb declaraba Iv\u00e1n.<\/p>\n<p> <img src=\"https:\/\/www.europesays.com\/es\/wp-content\/uploads\/2025\/10\/4399dc544229-ivan-gonzalez-laura-madureo.jpg\"   width=\"1024\" height=\"570\" loading=\"lazy\" decoding=\"async\" alt=\"Iv\u00e1n Gonz\u00e1lez y su despedida a Laura Madrue\u00f1o\" fetchpriority=\"auto\" class=\"image ho-image\"\/>\u00a9 TelecincoIv\u00e1n Gonz\u00e1lez y su despedida a Laura Madrue\u00f1o<\/p>\n<p class=\"\" id=\"ekXa4GCXy4e\" data-wc=\"179\"><a class=\"hm-link ho-link\" href=\"https:\/\/www.hola.com\/actualidad\/20250918856673\/ortega-cano-llamada-gloria-camila-supervivientes-nieta\/\" data-mrf-recirculation=\"article-body-link\" rel=\"nofollow noopener\" target=\"_blank\">Gloria Camila<\/a> se rompi\u00f3 por completo tras el veredicto, algo que soprendi\u00f3 a todos, ya que<strong>\u00a0Iv\u00e1n hab\u00eda sido el gran archienemigo de la concursante<\/strong> durante el programa. Aun as\u00ed, explicaba su dolor al decir que le hab\u00eda dado<strong>\u00a0\u00abuna segunda oportunidad\u00bb<\/strong> en el reality, adem\u00e1s de confesar que le hab\u00eda cogido mucho cari\u00f1o durante este tiempo en el concurso. Ambos \u00absupervivientes\u00bb se daban emotivo abrazo, expres\u00e1ndose el aprecio que se ten\u00edan el uno por el otro. Tras la expulsi\u00f3n, Iv\u00e1n ha recibido unas bonitas palabras de parte de su <strong>actual pareja Teresa Bass,<\/strong> afirmando lo orgullosa que estaba del gaditano, y \u00e9l tambi\u00e9n se ha referido al cari\u00f1o que tiene a su novia. \u00ab<strong>El mejor premio lo tengo en casa y eres t\u00fa<\/strong>\u00bb confesaba Iv\u00e1n, emocionado desde una palapa en la que se han vivido fuertes emociones. El final del programa nos ha dejado con nuevos nominados que dejar\u00e1n en manos de la audiencia su destino en el concurso: <strong>Carlos Alba, Jessica Bueno, Tony Spina y Gloria Camila\u00a0<\/strong>son los cuatro &#8216;All Stars&#8217; propuestos a abandonar el reality.<\/p>\n<p> <img src=\"https:\/\/www.europesays.com\/es\/wp-content\/uploads\/2025\/10\/19f7eb125a93-ivan-3.jpg\"   width=\"1024\" height=\"579\" loading=\"lazy\" decoding=\"async\" alt=\"Iv\u00e1n Gonz\u00e1lez emocionado tras las palabras de Teresa Bass\" fetchpriority=\"auto\" class=\"image ho-image\"\/>\u00a9 TelecincoIv\u00e1n Gonz\u00e1lez emocionado tras las palabras de Teresa Bass<\/p>\n","protected":false},"excerpt":{"rendered":"Este jueves llega una nueva expulsi\u00f3n al reality de supervivencia de Telecinco en una gala en la que&hellip;\n","protected":false},"author":2,"featured_media":186188,"comment_status":"","ping_status":"","sticky":false,"template":"","format":"standard","meta":{"footnotes":""},"categories":[171],"tags":[517,146,147,25,24,5929,23,3947,214],"class_list":{"0":"post-186187","1":"post","2":"type-post","3":"status-publish","4":"format-standard","5":"has-post-thumbnail","7":"category-tv","8":"tag-actualidad","9":"tag-entertainment","10":"tag-entretenimiento","11":"tag-es","12":"tag-espana","13":"tag-gloria-camila","14":"tag-spain","15":"tag-supervivientes","16":"tag-tv"},"share_on_mastodon":{"url":"","error":""},"_links":{"self":[{"href":"https:\/\/www.europesays.com\/es\/wp-json\/wp\/v2\/posts\/186187","targetHints":{"allow":["GET"]}}],"collection":[{"href":"https:\/\/www.europesays.com\/es\/wp-json\/wp\/v2\/posts"}],"about":[{"href":"https:\/\/www.europesays.com\/es\/wp-json\/wp\/v2\/types\/post"}],"author":[{"embeddable":true,"href":"https:\/\/www.europesays.com\/es\/wp-json\/wp\/v2\/users\/2"}],"replies":[{"embeddable":true,"href":"https:\/\/www.europesays.com\/es\/wp-json\/wp\/v2\/comments?post=186187"}],"version-history":[{"count":0,"href":"https:\/\/www.europesays.com\/es\/wp-json\/wp\/v2\/posts\/186187\/revisions"}],"wp:featuredmedia":[{"embeddable":true,"href":"https:\/\/www.europesays.com\/es\/wp-json\/wp\/v2\/media\/186188"}],"wp:attachment":[{"href":"https:\/\/www.europesays.com\/es\/wp-json\/wp\/v2\/media?parent=186187"}],"wp:term":[{"taxonomy":"category","embeddable":true,"href":"https:\/\/www.europesays.com\/es\/wp-json\/wp\/v2\/categories?post=186187"},{"taxonomy":"post_tag","embeddable":true,"href":"https:\/\/www.europesays.com\/es\/wp-json\/wp\/v2\/tags?post=186187"}],"curies":[{"name":"wp","href":"https:\/\/api.w.org\/{rel}","templated":true}]}}