{"id":186198,"date":"2025-10-19T01:54:08","date_gmt":"2025-10-19T01:54:08","guid":{"rendered":"https:\/\/www.europesays.com\/es\/186198\/"},"modified":"2025-10-19T01:54:08","modified_gmt":"2025-10-19T01:54:08","slug":"todavia-no-ha-dimitido-el-director-del-servicio-canario-de-la-salud","status":"publish","type":"post","link":"https:\/\/www.europesays.com\/es\/186198\/","title":{"rendered":"Todav\u00eda no ha dimitido el director del Servicio Canario de la Salud"},"content":{"rendered":"<p class=\"article-text\">\n        Fernando Clavijo ya tiene dos motivos para destituir al director del Servicio Canario de la Salud, Adasat Goya. El primero es, sin duda, lo ocurrido esta semana en la comisi\u00f3n de Sanidad del Parlamento de Canarias, donde Goya respondi\u00f3 a las cr\u00edticas de uno de los diputados de la oposici\u00f3n<a href=\"https:\/\/www.eldiario.es\/canariasahora\/sociedad\/director-servicio-canario-salud-ataca-diputado-nc-revelando-datos-historial-medico-sucio_1_12693019.html\" data-mrf-recirculation=\"links-noticia\" class=\"link\" rel=\"nofollow noopener\" target=\"_blank\"> revelando parte de su historial m\u00e9dico<\/a>. Y lo hizo con tal naturalidad que acaso pareciera estar acostumbrado a desenvolverse con ese desparpajo y esos modales antidemocr\u00e1ticos.\n    <\/p>\n<p class=\"article-text\">\n        Cuando se tiene tan poca talla pol\u00edtica y tan pocos argumentos para defender la gesti\u00f3n del departamento que diriges, los mediocres recurren al ataque personal, al insulto al rival pol\u00edtico. Lo estamos viendo con demasiada frecuencia en la escena nacional, pero resulta muy dif\u00edcil encontrar en la pol\u00edtica canaria un comportamiento tan rastrero como el protagonizado por este cargo p\u00fablico.\n    <\/p>\n<p class=\"article-text\">\n        Seguro que a estas alturas los servicios jur\u00eddicos de Sanidad ya le han prevenido de las consecuencias administrativas y penales que podr\u00edan acarrearle su comportamiento en la Comisi\u00f3n de Sanidad del Parlamento. El delito de revelaci\u00f3n de secretos se agrava cuando quien lo comete es un funcionario p\u00fablico. No hace falta remontarse a hechos muy lejanos para recordar que un fiscal general del Estado, nada menos, se sentar\u00e1 en breve en el banquillo acusado de haber contado noalgo tan \u00ednti como una baja m\u00e9dica, sino un fraude fiscal reconocido por un contribuyente.\n    <\/p>\n<p class=\"article-text\">\n        La otra vertiente sancionadora podr\u00eda llegarle por la Agencia de Protecci\u00f3n de Datos, que suele ser bastante estricta cuando se vulneran los principios que inspiran su existencia. En ambos casos, independiente de las iniciativas pol\u00edticas, el diputado v\u00edctima de estas revelaciones, el lanzarote\u00f1o Yon\u00e9 Caraballo, de Nueva Canarias, debe interponer las correspondientes acciones judiciales.\n    <\/p>\n<p class=\"article-text\">\n        El segundo motivo que tiene Clavijo para destituir a este alto cargo antes del lunes es el cumplimiento de una de sus promesas de campa\u00f1a electoral, la que pronunci\u00f3 <a href=\"https:\/\/www.eldiario.es\/canariasahora\/sociedad\/clavijo-promete-profesionalizar-sanidad-coloca-estibador-frente-mayores-hospitales-canarias_1_10495955.html\" data-mrf-recirculation=\"links-noticia\" class=\"link\" rel=\"nofollow noopener\" target=\"_blank\">en Lanzarote el 22 de mayo de 2023<\/a>: \u201cLa Sanidad no se puede gestionar a golpe de carn\u00e9 de partido, como ha hecho el PSOE, sino con los profesionales\u201d. Clavijo insisti\u00f3 mucho durante esa campa\u00f1a en la necesidad de mejorar la gesti\u00f3n de la sanidad p\u00fablica canaria que, a su entender, deb\u00eda ser profesionalizada y despojada de los intereses partidistas.\n    <\/p>\n<p class=\"article-text\">\n        Pues no lo hizo en este caso, o no se lo dejaron hacer. El caso de Adasat Goya evidencia todo lo contrario a lo que prometi\u00f3 el presidente Clavijo. <a href=\"https:\/\/www.eldiario.es\/canariasahora\/sociedad\/salto-adasat-goya-estiba-puerto-tenerife-direccion-servicio-canario-salud-anos_1_12500828.html\" data-mrf-recirculation=\"links-noticia\" class=\"link\" rel=\"nofollow noopener\" target=\"_blank\">Este estibador portuario<\/a> no solo es un ejemplo claro de c\u00f3mo se puede trepar en pol\u00edtica con el \u00fanico m\u00e9rito de saber portar con estilo el carn\u00e9 del partido en la boca, sino c\u00f3mo pueden ascender unos m\u00e1s que otros dependiendo de con qui\u00e9n est\u00e9 de relacionado el portador de ese carn\u00e9. Y la condici\u00f3n de estibador de Adasar Goya no es un dato irrelevante, ni un insulto a esa profesi\u00f3n tan decisiva en una tierra como Canarias.\n    <\/p>\n<p class=\"article-text\">\n        La condici\u00f3n de estibador, o mejor dicho, de coordinador de estibadores del director del Servicio Canario de la Salud ha sido decisiva por su ascenso por la vinculaci\u00f3n de esa profesi\u00f3n y sus poderes sindicales con el abogado V\u00edctor D\u00edaz, quien fuera consejero de Empleo en el Gobierno de Manuel Hermoso (ATI) entre 1995-1999 y abogado en diversas causas del actual presidente, Fernando Clavijo. Adem\u00e1s, es hermano del influyente exalcalde de La Laguna Jos\u00e9 Alberto D\u00edaz, otro poder local indiscutible de CC en Tenerife.\n    <\/p>\n<p>    <a href=\"https:\/\/www.eldiario.es\/canariasahora\/sociedad\/director-servicio-canario-salud-ataca-diputado-nc-revelando-datos-historial-medico-sucio_1_12693019.html\" data-mrf-recirculation=\"saber-mas-abajo\" data-dl-event=\"saber-mas-abajo\" rel=\"nofollow noopener\" target=\"_blank\"><\/p>\n<p class=\"know-more__title\">El director del Servicio Canario de Salud ataca a un diputado de NC revelando datos de su historial m\u00e9dico: \u201cEs muy sucio lo que hace\u201d\n<\/p>\n<p>            <img decoding=\"async\" class=\"lazy\" loading=\"lazy\" data-src=\"https:\/\/static.eldiario.es\/clip\/f03d32f9-129b-4ab5-a2a1-bd3c47244946_16-9-aspect-ratio_default_0.jpg\" src=\"data:image\/svg+xml,%3Csvg xmlns=\" http:=\"\" viewbox=\"0 0 880 495\" alt=\"El director del Servicio Canario de Salud ataca a un diputado de NC revelando datos de su historial m\u00e9dico: \u201cEs muy sucio lo que hace\u201d\"\/><\/p>\n<p>                        <\/a><\/p>\n<p class=\"article-text\">\n        La ciudadan\u00eda no puede tener dudas de la calidad democr\u00e1tica de las personas que est\u00e1n al frente de la gesti\u00f3n de sus intereses. No pueden temer que sus datos m\u00e1s \u00edntimos puedan circular sin control en funci\u00f3n de una revancha pol\u00edtica o de un bocazas sin cerebro. Y ante la duda, los superiores de esos infractores deben actuar contundentemente sin miramientos. La carrera pol\u00edtica de Adasat Goya deber\u00eda acabar ahora y para siempre.\n    <\/p>\n","protected":false},"excerpt":{"rendered":"Fernando Clavijo ya tiene dos motivos para destituir al director del Servicio Canario de la Salud, Adasat Goya.&hellip;\n","protected":false},"author":2,"featured_media":186199,"comment_status":"","ping_status":"","sticky":false,"template":"","format":"standard","meta":{"footnotes":""},"categories":[8],"tags":[17,18,16089,52425,411,25,24,13,14,11,19,20,9,689,10,15,16,166,595,23,12,33816,21,22],"class_list":{"0":"post-186198","1":"post","2":"type-post","3":"status-publish","4":"format-standard","5":"has-post-thumbnail","7":"category-espana","8":"tag-breaking-news","9":"tag-breakingnews","10":"tag-canario","11":"tag-dimitido","12":"tag-director","13":"tag-es","14":"tag-espana","15":"tag-featured-news","16":"tag-featurednews","17":"tag-headlines","18":"tag-latest-news","19":"tag-latestnews","20":"tag-news","21":"tag-no","22":"tag-noticias","23":"tag-noticias-destacadas","24":"tag-noticiasdestacadas","25":"tag-salud","26":"tag-servicio","27":"tag-spain","28":"tag-titulares","29":"tag-todavia","30":"tag-ultimas-noticias","31":"tag-ultimasnoticias"},"share_on_mastodon":{"url":"","error":""},"_links":{"self":[{"href":"https:\/\/www.europesays.com\/es\/wp-json\/wp\/v2\/posts\/186198","targetHints":{"allow":["GET"]}}],"collection":[{"href":"https:\/\/www.europesays.com\/es\/wp-json\/wp\/v2\/posts"}],"about":[{"href":"https:\/\/www.europesays.com\/es\/wp-json\/wp\/v2\/types\/post"}],"author":[{"embeddable":true,"href":"https:\/\/www.europesays.com\/es\/wp-json\/wp\/v2\/users\/2"}],"replies":[{"embeddable":true,"href":"https:\/\/www.europesays.com\/es\/wp-json\/wp\/v2\/comments?post=186198"}],"version-history":[{"count":0,"href":"https:\/\/www.europesays.com\/es\/wp-json\/wp\/v2\/posts\/186198\/revisions"}],"wp:featuredmedia":[{"embeddable":true,"href":"https:\/\/www.europesays.com\/es\/wp-json\/wp\/v2\/media\/186199"}],"wp:attachment":[{"href":"https:\/\/www.europesays.com\/es\/wp-json\/wp\/v2\/media?parent=186198"}],"wp:term":[{"taxonomy":"category","embeddable":true,"href":"https:\/\/www.europesays.com\/es\/wp-json\/wp\/v2\/categories?post=186198"},{"taxonomy":"post_tag","embeddable":true,"href":"https:\/\/www.europesays.com\/es\/wp-json\/wp\/v2\/tags?post=186198"}],"curies":[{"name":"wp","href":"https:\/\/api.w.org\/{rel}","templated":true}]}}